{"id":2408,"date":"2011-09-23T11:22:36","date_gmt":"2011-09-23T09:22:36","guid":{"rendered":"http:\/\/vivesur.com\/wpblog\/?p=2408"},"modified":"2011-09-23T11:22:36","modified_gmt":"2011-09-23T09:22:36","slug":"viernes-23-de-septiembre-de-2011","status":"publish","type":"post","link":"https:\/\/www.vivesur.com\/wpblog\/viernes-23-de-septiembre-de-2011\/","title":{"rendered":"Viernes 23 de Septiembre de 2011"},"content":{"rendered":"<p>Viernes 23 de Septiembre de 2011<br \/>\n<span style=\"font-size: 12pt;\"><img loading=\"lazy\" src=\"http:\/\/vivesur.com\/wpblog\/wp-content\/uploads\/2011\/09\/wpid-23911-2011-09-23-11-22.jpg\" alt=\"wpid-23911-2011-09-23-11-22.jpg\" width=\"610\" height=\"500\" \/><\/span><br \/>\n<strong>Descartando dudas y preocupaciones<br \/>\n<\/strong><br \/>\nSiendo muy joven, desarrollaste una sorprendente cantidad de nuevas capacidades en un muy corto per\u00edodo de tiempo. Recorriste muy r\u00e1pidamente el camino desde ser un ni\u00f1o indefenso hasta convertirte en un joven capaz e informado.<\/p>\n<p>\u00bfC\u00f3mo pudiste llevar a cabo semejante proceso con tanta rapidez? Una de las razones m\u00e1s importantes por las que avanzaste tan r\u00e1pidamente fue que no estabas estado preocupado por equivocarte.<\/p>\n<p>Por supuesto cometiste tu parte de errores. Te ca\u00edste mientras aprend\u00edas a caminar y usaste las palabras equivocadas mientras aprend\u00edas a hablar.<\/p>\n<p>Y sin embargo perseveraste, sin dejarte amilanar por tus equivocaciones y sin que la perspectiva de cometer m\u00e1s errores te lo impidiese. Mantuviste una fe inquebrantable en cuanto a que finalmente lo har\u00edas correctamente, y as\u00ed lo hiciste.<\/p>\n<p>Si s\u00f3lo te concentras en evitar equivocarte, tambi\u00e9n estar\u00e1s evitando conseguir lo que te propongas. Estar constantemente preocupado por la posibilidad de hacerlo mal te impide hacerlo bien.<\/p>\n<p>Decide aprender una importante lecci\u00f3n m\u00e1s, del r\u00e1pido progreso que conseguiste siendo ni\u00f1o. Destierra de tus esfuerzos las dudas y las preocupaciones, y ver\u00e1s cu\u00e1nto m\u00e1s r\u00e1pidamente podr\u00e1s avanzar.<\/p>\n<p><strong>*\u00b4\u00a8)<br \/>\n\u00b8.\u2022\u00b4\u00b8.\u2022*\u00b4\u00a8) \u00b8.\u2022*\u00a8)<br \/>\n(\u00b8.\u2022\u00b4 Paz y Amor (\u00b8.\u2022`<\/strong><\/p>\n<p><strong>UCDM &#8211; LECCI\u00d3N 266 \u2013 Mi santo Ser mora en ti, Hijo de Dios.<br \/>\n<\/strong><br \/>\nPadre, me diste todos Tus Hijos para que fuesen mis salvadores y mis consejeros de visi\u00f3n; los heraldos de Tu santa Voz. En ellos T\u00fa te ves reflejado y en ellos Cristo me contempla desde mi Ser. No permitas que Tu Hijo se olvide de Tu santo Nombre. No permitas que Tu Hijo se olvide de su santo Origen. No permitas que Tu Hijo se olvide de que su nombre es el Tuyo.<\/p>\n<p>En este d\u00eda entramos al para\u00edso, invocando el Nombre de Dios y el nuestro, reconociendo nuestro Ser en cada uno de nosotros y unidos en el santo Amor de Dios. \u00a1Cu\u00e1ntos salvadores nos ha dado Dios! \u00bfC\u00f3mo podr\u00edamos perdernos en nuestro trayecto hacia \u00c9l, cuando \u00c9l ha poblado el mundo con aquellos que se\u00f1alan hacia \u00c9l, y nos ha dado la vista para poder contemplarlos?<\/p>\n<p><strong>*\u00b4\u00a8)<br \/>\n\u00b8.\u2022\u00b4\u00b8.\u2022*\u00b4\u00a8) \u00b8.\u2022*\u00a8)<br \/>\n(\u00b8.\u2022\u00b4 Paz y Amor (\u00b8.\u2022`<\/strong><\/p>\n<p>Pensamiento del viernes 23 de septiembre de 2011.<\/p>\n<p>&#8220;Ayer hicisteis esfuerzos, y hoy deb\u00e9is comenzar de nuevo, porque<br \/>\nhoy es un nuevo d\u00eda. Y no dig\u00e1is que est\u00e1is cansados. Cada d\u00eda<br \/>\ntodos debemos hacer esfuerzos, porque cada d\u00eda necesitamos un<br \/>\nnuevo alimento. El alimento de ayer fue para ayer.<br \/>\nEn el mundo espiritual, cada d\u00eda todo debe ser nuevo, puro y<br \/>\nluminoso. Como el sol, debemos ponernos cada d\u00eda un nuevo<br \/>\nvestido. El sol de hoy no es el de ayer; \u00bfno veis que cada ma\u00f1ana<br \/>\naparece con un nuevo rostro? \u00bfNo veis que cada ma\u00f1ana se pone una<br \/>\ncamisa nueva, un nuevo sombrero?&#8230;. \u00a1Verdaderamente, no s\u00e9 qu\u00e9<br \/>\npalabras, qu\u00e9 im\u00e1genes emplear para que me comprend\u00e1is! En esta<br \/>\nluz que absorbemos completamente nueva, completamente fresca,<br \/>\ndebemos hallar pensamientos, un amor, tambi\u00e9n completamente<br \/>\nnuevos, maravillosamente nuevos.&#8221;<\/p>\n<p>Omraam Mikha\u00ebl <strong>A\u00efvanhov<br \/>\n<\/strong><br \/>\n*\u00b4\u00a8)<br \/>\n\u00b8.\u2022\u00b4\u00b8.\u2022*\u00b4\u00a8) \u00b8.\u2022*\u00a8)<br \/>\n(\u00b8.\u2022\u00b4 Paz y Amor (\u00b8.\u2022`<\/p>\n<p>ORACULO MAYA DEL DIA<\/p>\n<p>Viernes 23-9-2011<\/p>\n<p>CAMINANTE DEL CIELO C\u00d3SMICO ROJO \u2013 Kin 13<\/p>\n<p>&#8220;EXPLORO MIS ESPACIOS, VIAJO A TRAVES DE MI MENTE Y SOY UN MENSAJERO DEL ARTE DEL AMOR&#8221;<\/p>\n<p>Llegamos al final del primer recorrido de 13 d\u00edas en la onda del Drag\u00f3n y lo hacemos con el Caminante del Cielo. Kin 13, Caminante del Cielo 13 C\u00f3smico 13. 13-13-13 un d\u00eda muy sincr\u00f3nico, tambi\u00e9n calendario de 13 lunas y onda encantada de 13 d\u00edas. El Caminante cierra la onda el Drag\u00f3n, han pasado 13 d\u00edas, hemos hecho cada d\u00eda reflexiones y trabajos diferentes todos encauzados a recordar qui\u00e9nes somos y porque estamos aqu\u00ed precisamente en este tiempo tan importante para nosotros como es el final del ciclo y el inicio del siguiente. Nuestra presencia en estos momentos es importante porque formamos parte, somos eslabones de una gran cadena de seres encarnados con el objetivo de ayudar a la Tierra en este proceso de cambio y cambiar tambi\u00e9n nosotros. En el \u201cLLAMADO M\u00cdTICO\u201d quedamos en recordarnos los unos a los otros \u201ceso\u201d que hemos venido a hacer. Pues bien, lo estamos haciendo y est\u00e1 ocurriendo continuamente, con un perfume, un m\u00fasica, una palabra, una mirada, una acci\u00f3n\u2026 todo con la finalidad de avivar el recuerdo unos a otros. ES UN MOMENTO MUY IMPORTANTE PARA VIGILAR-NOS, DARNOS CUENTA DE QUE HACEMOS Y OBSERVAR CUAL ES LA PRESENCIA M\u00c1S SIGNIFICATIVA EN NUESTRAS VIDAS. \u00a1EL TIEMPO ES AHORA, EL MOMENTO ES YA! EN EL INTEROR ES DONDE GUARDAMOS Y MANTENEMOS LA RIQUEZA M\u00c1S PODEROSA. \u00a1USALA, COMPARTELA, MULTIPL\u00cdCALA! \u00a1ES EL MAYOR TESORO DEL ESP\u00cdRITU!<\/p>\n<p>UN DIA CAMINANTE DEL CIELO (BEN):<\/p>\n<p>BUEN DIA PARA INICIAR UN VIAJE, PARA EXPLORAR ALGO NUEVO, YA SEA UN LIBRO, UNA PELICULA O UNO MISMO.<\/p>\n<p>LA VERDAD SIMPLEMENTE ES. NO SE PUEDE PERDER, BUSCAR NI ENCONTRAR. ESTA DONDEQUIERA QUE TU EST\u00c9S, PORQUE ESTA EN TU INTERIOR.<\/p>\n<p>Deja ya de insistir en buscar la verdad ah\u00ed afuera, en la voz del maestro, en un libro, en cursos, todos ellos te pueden ayudar indic\u00e1ndote por donde caminar, pero el verdadero trabajo es buscarla en tu interior, es aprender a escucharla en tu silencio, en ese espacio de paz que siempre esta contigo. Dedica hoy unos momentos a sentarte y escuchar tu silencio, qu\u00e9date ah\u00ed, descansa ah\u00ed. Y desde ese lugar de profundo silencio, deja caer en ti la pregunta: \u201c\u00bfQui\u00e9n soy?\u201d. Y desde el silencio ESCUCHA LA RESPUESTA.<\/p>\n<p>Acci\u00f3n: Explora<\/p>\n<p>Poder: Del Espacio<\/p>\n<p>Funci\u00f3n: Despertar<\/p>\n<p>Cualidades: Puntos fluidos de referencia, Viajero del tiempo\/espacio, Caminante del cielo, Mensajero ang\u00e9lico, Pilar del cielo, Bravura, Nueva direcci\u00f3n, viaje misterioso, Compasi\u00f3n<\/p>\n<p>Sabidur\u00eda de la sombra: Deseo de aislamiento. Retirarse o retroceder. Miedo a lo desconocido. Puntos de referencia limitados<\/p>\n<p>Transformaci\u00f3n de la sombra: Explora tus bordes de crecimiento enfrentando los desaf\u00edos. Atrae la luz del coraje y compasi\u00f3n hacia dentro tuyo e irr\u00e1diala hacia otros. Mira la vida como un viaje sagrado<\/p>\n<p>Chakra: Plexo Solar<\/p>\n<p>Planeta: Marte Solar<\/p>\n<p>N\u00famero: 13 (Movimiento universal)<\/p>\n<p>Hierbas: Almendra, siempre viva, clavo de olor<\/p>\n<p>Esencia Floral: Espada de plata<\/p>\n<p>Aromas: Rosa, geranio rosado<\/p>\n<p>Piedras: Kunzita, cuarzo rosa, zafiro rosa, cuarzo rosa estrellado<\/p>\n<p>Nota Musical: Mi<\/p>\n<p>Elemento: Tierra<\/p>\n<p>\u00d3rgano: Triple Calentador, Ps\u00edquico, Dedo Anular Mano Izquierda<\/p>\n<p>Afirmaci\u00f3n del Kin (13):<\/p>\n<p>    Perduro con el fin de Explorar.<br \/>\n    Trascendiendo la (el) Vigilancia.<br \/>\n    Sello la (el) Salida de (del \u00f3 de la) Espacio.<br \/>\n    Con el tono Cosmico\/a de (del \u00f3 de la) Presencia.<br \/>\n    Soy guiado por el poder de (del \u00f3 de la) Navegaci\u00f3n.<\/p>\n<p>*\u00b4\u00a8)<br \/>\n\u00b8.\u2022\u00b4\u00b8.\u2022*\u00b4\u00a8) \u00b8.\u2022*\u00a8)<br \/>\n(\u00b8.\u2022\u00b4 Paz y Amor (\u00b8.\u2022`<\/p>\n","protected":false},"excerpt":{"rendered":"<p>Viernes 23 de Septiembre de 2011 Descartando dudas y preocupaciones Siendo muy joven, desarrollaste una sorprendente cantidad de nuevas capacidades en un muy corto per\u00edodo de tiempo. Recorriste muy r\u00e1pidamente&hellip; <a href=\"https:\/\/www.vivesur.com\/wpblog\/viernes-23-de-septiembre-de-2011\/\" class=\"apace-readmore-link\">Read more<\/a><\/p>\n","protected":false},"author":1,"featured_media":0,"comment_status":"open","ping_status":"open","sticky":false,"template":"","format":"standard","meta":[],"categories":[1,8],"tags":[],"_links":{"self":[{"href":"https:\/\/www.vivesur.com\/wpblog\/wp-json\/wp\/v2\/posts\/2408"}],"collection":[{"href":"https:\/\/www.vivesur.com\/wpblog\/wp-json\/wp\/v2\/posts"}],"about":[{"href":"https:\/\/www.vivesur.com\/wpblog\/wp-json\/wp\/v2\/types\/post"}],"author":[{"embeddable":true,"href":"https:\/\/www.vivesur.com\/wpblog\/wp-json\/wp\/v2\/users\/1"}],"replies":[{"embeddable":true,"href":"https:\/\/www.vivesur.com\/wpblog\/wp-json\/wp\/v2\/comments?post=2408"}],"version-history":[{"count":0,"href":"https:\/\/www.vivesur.com\/wpblog\/wp-json\/wp\/v2\/posts\/2408\/revisions"}],"wp:attachment":[{"href":"https:\/\/www.vivesur.com\/wpblog\/wp-json\/wp\/v2\/media?parent=2408"}],"wp:term":[{"taxonomy":"category","embeddable":true,"href":"https:\/\/www.vivesur.com\/wpblog\/wp-json\/wp\/v2\/categories?post=2408"},{"taxonomy":"post_tag","embeddable":true,"href":"https:\/\/www.vivesur.com\/wpblog\/wp-json\/wp\/v2\/tags?post=2408"}],"curies":[{"name":"wp","href":"https:\/\/api.w.org\/{rel}","templated":true}]}}