{"id":2406,"date":"2011-09-22T00:48:20","date_gmt":"2011-09-21T22:48:20","guid":{"rendered":"http:\/\/vivesur.com\/wpblog\/?p=2406"},"modified":"2011-09-22T00:48:20","modified_gmt":"2011-09-21T22:48:20","slug":"el-poder-de-nuestra-voz","status":"publish","type":"post","link":"https:\/\/www.vivesur.com\/wpblog\/el-poder-de-nuestra-voz\/","title":{"rendered":"EL PODER DE NUESTRA VOZ"},"content":{"rendered":"<table>\n<tr>\n<td style=\"width: 152px;padding: 0px,5px,0px,5px;border-top: 0px solid rgb(102000,76500,0);border-right: 0px solid rgb(102000,76500,0);border-bottom: 0px solid rgb(102000,76500,0);border-right: 0px solid rgb(102000,76500,0);margin: 0px,0px,0px,0px;\">\n<span style=\"font-size: 12pt;\"><\/span><\/p>\n<table>\n<tr>\n<td colspan=2 style=\"vertical-align:top;width: 800px;padding: 0px,5px,0px,5px;border-top: 0px solid rgb(102000,76500,0);border-right: 0px solid rgb(102000,76500,0);border-bottom: 0px solid rgb(102000,76500,0);border-right: 0px solid rgb(102000,76500,0);margin: 0px,0px,0px,0px;\">EL PODER DE NUESTRA VOZ<\/p>\n<p>como instrumento terap\u00e9utico<\/p>\n<p>La voz es una herramienta imprescindible en el rito del desahogo y en el alivio del dolor f\u00edsico o ps\u00edquico. La emisi\u00f3n de voz cantada es una forma muy eficiente de elevar nuestra vibraci\u00f3n personal. El m\u00e9dium Edgar Cayce predijo que el sonido ser\u00eda la medicina del futuro y \u00e9sto ya est\u00e1 ocurriendo.<br \/>\nHace m\u00e1s de 20 a\u00f1os que se descubri\u00f3 cient\u00edficamente que mediante nuestra voz y el sonido de instrumentos ac\u00fasticos musicales se puede conseguir la auto-destrucci\u00f3n de las c\u00e9lulas cancerosas y la curaci\u00f3n de infinidad de enfermedades. Seg\u00fan los \u00faltimos descubrimientos de f\u00edsica cu\u00e1ntica, estamos hechos mayoritariamente de vac\u00edo y energ\u00eda vibrando a diferentes frecuencias.<br \/>\nEnerg\u00eda es igual a vibraci\u00f3n, vibraci\u00f3n es igual a sonido, sonido es igual a nota musical. Con el poder de nuestra voz podemos modificar las frecuencias inarm\u00f3nicas que nos est\u00e1n causando enfermedad, malestar, desequilibrios y bloqueos en nuestro campo energ\u00e9tico, cuerpo y mente.<br \/>\nNo es necesario saber cantar, ni tener conocimientos musicales, ni tan siquiera tener una bonita voz. Cualquier persona que puede hablar, puede entonar y se puede beneficiar.<br \/>\nSi supi\u00e9ramos que nuestra sanaci\u00f3n est\u00e1 en nuestro interior, que no hay que buscarla fuera, y que la vibraci\u00f3n de nuestra voz es el camino m\u00e1s r\u00e1pido&#8230;. ;Una experiencia musical \u00fanica. A trav\u00e9s de la voz y sus arm\u00f3nicos, y de la vibraci\u00f3n pura de los cuencos de cuarzo y tibetanos se evocan instantes de paz, relajaci\u00f3n, meditaci\u00f3n, inspiraci\u00f3n e intuici\u00f3n. Mediante el sonido de la voz e instrumentos ac\u00fasticos es posible alcanzar diferentes estados o niveles de conciencia. Latiremos al un\u00edsono con la vibraci\u00f3n del sonido y nuestro cuerpo que es inteligente por naturaleza, resonar\u00e1 con las frecuencias que le sean m\u00e1s afines a nivel terap\u00e9utico.<\/p>\n<p style=\"text-align: center\">PROGRAMA CONTENIDO DEL CURSO<\/p>\n<p>\u00b7 Sonido, un conocimiento antiqu\u00edsimo re-descubierto por la ciencia y medicina del futuro, ya en el presente<br \/>\n\u00b7 Como cura el sonido de nuestra propia voz<br \/>\n\u00b7 Principios b\u00e1sicos de la terapia con sonido.<br \/>\n\u00b7 Concepto de resonancia<br \/>\n\u00b7 Historia de la voz y el sonido en las tradiciones milenarias<br \/>\n\u00b7 Entonaci\u00f3n, herramienta extraordinaria de alivio del dolor f\u00edsico y emocional<br \/>\n\u00b7 Nuestra voz y su vibraci\u00f3n curativa. El instrumento musical m\u00e1s asequible de todos<br \/>\n\u00b7 Elementos del sonido<br \/>\n\u00b7 \u00bfQu\u00e9 son los arm\u00f3nicos? Herramientas de meditaci\u00f3n, curaci\u00f3n y auto-transformaci\u00f3n<br \/>\n\u00b7 \u00daltimos avances cient\u00edficos sobre el sonido \u00b7 Ejercicios y pr\u00e1cticas<\/p>\n<p style=\"text-align: center\">BENEFICIOS DE LA TERAPIA DEL SONIDO Y DE LA ENTONACION<\/p>\n<p>\u00b7 Reducci\u00f3n y control del estr\u00e9s<br \/>\n\u00b7 Gesti\u00f3n de las emociones<br \/>\n\u00b7 Mejora de la salud<br \/>\n\u00b7 Afrontar la vida con una actitud m\u00e1s positiva<br \/>\n\u00b7 Potenciar entusiasmo, ilusi\u00f3n, motivaci\u00f3n<br \/>\n\u00b7 Recuperar la alegr\u00eda de vivir<br \/>\n\u00b7 Aflojamiento de tensiones musculares<br \/>\n\u00b7 Alivio del dolor y la inflamaci\u00f3n<br \/>\n\u00b7 Liberaci\u00f3n de bloqueos energ\u00e9ticos y emocionales<br \/>\n\u00b7 Despertar la capacidad de sentir y amar<br \/>\n\u00b7 Mejora la relaci\u00f3n con los dem\u00e1s<br \/>\n\u00b7 Auto-transformaci\u00f3n interior<br \/>\n\u00b7 Transmuta el sufrimiento en paz, serenidad y bienestar<\/p>\n<p style=\"text-align: justify\">El verdadero prop\u00f3sito de la m\u00fasica es aprender a escuchar el silencio, el verdadero silencio es una profunda paz y serenidad de esp\u00edritu, junto a la sutil m\u00fasica del alma. Como dec\u00eda Hazrat Inayat Khan, maestro suf\u00ed, m\u00fasico y fundador del movimiento suf\u00ed: &#8220;El que conoce el secreto de los sonidos conoce el misterio de todo el universo&#8221;<\/p>\n<p style=\"text-align: center\">INDICACIONES DE LA ENTONACION Y LA TERAPIA DEL SONIDO<\/p>\n<p>\u00b7 Seg\u00fan diversos experimentos cient\u00edficos mediante el sonido de la voz y la ayuda de instrumentos ac\u00fasticos se puede conseguir la auto-destrucci\u00f3n de las c\u00e9lulas cancerosas y la curaci\u00f3n de infinidad de enfermedades.<\/p>\n<p>\u00b7 Curaci\u00f3n, relajaci\u00f3n y meditaci\u00f3n profunda, ayud\u00e1ndonos a establecer una vibraci\u00f3n saludable en todo nuestro organismo, a nivel f\u00edsico, mental o psicol\u00f3gico, emocional y espiritualmente.<\/p>\n<p>\u00b7 Equilibrio y alineaci\u00f3n de los chakras y cambio de conciencia desde un estado alterado de ansiedad y estr\u00e9s hacia un estado de paz, relajaci\u00f3n y serenidad, induciendo estados de curaci\u00f3n espont\u00e1nea y estados m\u00edsticos y elevando nuestra frecuencia vibratoria.<\/p>\n<p>\u00b7 Claridad mental, aumento de la creatividad, mayor concentraci\u00f3n, mayor visi\u00f3n de futuro y una gran sensaci\u00f3n de paz. El resultado es un individuo m\u00e1s productivo, m\u00e1s centrado, m\u00e1s feliz, m\u00e1s sereno, m\u00e1s equilibrado, m\u00e1s en paz consigo mismo.<\/p>\n<p>\u00b7 Facilidad para entrar en ese espacio de paz que existe en nuestro interior, nos ayuda a resonar con nuestra verdadera conciencia o yo superior.<\/p>\n<p>\u00b7 Para recargar nuestro sistema energ\u00e9tico, para aliviar el sufrimiento y el dolor f\u00edsico y emocional, para reducir inflamaciones, para estados de ansiedad, angustia, estr\u00e9s, depresi\u00f3n, tristeza, insomnio, estado de \u00e1nimo sombr\u00edo, hiperactividad, etc.<\/p>\n<p>\u00b7 Hace que los sistemas biol\u00f3gicos funcionen con m\u00e1s sinergia; calma la mente y con ello el cuerpo y tiene efectos emocionales que influyen en los neuro-transmisores y los neuro-p\u00e9ptidos, que regulan el sistema inmunol\u00f3gico, el sanador que todos llevamos dentro.<\/p>\n<p>\u00b7 Armonizaci\u00f3n vibratoria de todas las c\u00e9lulas de nuestro cuerpo lo que nos ayudar\u00e1 a conservar y conquistar la salud.<\/p>\n<p>\u00b7 Desaparici\u00f3n y eliminaci\u00f3n de energ\u00edas mentales negativas (mal rollo) y emociones perturbadoras.<\/p>\n<p><strong>CONCLUSION<\/strong><\/p>\n<p>En definitiva, el universo que conocemos no es m\u00e1s que un conglomerado de energ\u00eda vibrando a diferentes velocidades, diferentes frecuencias. Y lo que aparentemente juzgamos como s\u00f3lido es, en realidad, una ilusi\u00f3n. El maya de los hind\u00faes.<\/p>\n<p>La luz es una vibraci\u00f3n m\u00e1s alta que el sonido (unas 40 octavas m\u00e1s alta), y el pensamiento es una vibraci\u00f3n m\u00e1s alta que la luz.<\/p>\n<p>Incluso la distancia entre el n\u00facleo y los electrones que componen los \u00e1tomos de cualquier objeto es, proporcionalmente, enorme. Es decir, que est\u00e1n compuestos sobre todo de \u201cvacio\u201d o Akash, como dicen los hind\u00faes, la energ\u00eda esencial presente en todo el universo.<\/p>\n<p>Cuando se entienda y aprecie verdaderamente el valor terap\u00e9utico de la m\u00fasica, ser\u00e1 considerada tan necesaria en el tratamiento hol\u00edstico de una persona, como el aire, el agua y el alimento.<\/p>\n<p>Como dec\u00eda Hazrat Inayat Khan, maestro suf\u00ed, m\u00fasico y fundador del movimiento internacional suf\u00ed:<\/p>\n<p style=\"text-align: center\"><em>El que conoce el secreto de los sonidos conoce el misterio de todo el universo.<\/em><\/p>\n<p style=\"text-align: center\"><em>El viento sopla sobre el lago y agita la superficie del agua. As\u00ed se manifiestan los efectos visibles de lo invisible.<\/em><\/p>\n<table>\n<tr>\n<td style=\"width: 1px;padding: 0px,5px,0px,5px;border-top: 0px solid rgb(102000,76500,0);border-right: 0px solid rgb(102000,76500,0);border-bottom: 0px solid rgb(102000,76500,0);border-right: 0px solid rgb(102000,76500,0);margin: 0px,0px,0px,0px;\"> <span style=\"font-size: 12pt;\"><\/span>\n<\/td>\n<td style=\"width: 514px;padding: 0px,5px,0px,5px;border-top: 0px solid rgb(102000,76500,0);border-right: 0px solid rgb(102000,76500,0);border-bottom: 0px solid rgb(102000,76500,0);border-right: 0px solid rgb(102000,76500,0);margin: 0px,0px,0px,0px;\"><span style=\"font-size: 12pt;\"><a href=\"http:\/\/xoomij.multiply.com\/journal\/item\/46\/FOSFENISMO_-_HIPERACTIVIDAD_Y_TERAPIA_MUSICAL\">FOSFENISMO &#8211; HIPERACTIVIDAD Y TERAPIA MUSICAL<\/a><\/span>\n<\/td>\n<td style=\"width: 140px;padding: 0px,5px,0px,5px;border-top: 0px solid rgb(102000,76500,0);border-right: 0px solid rgb(102000,76500,0);border-bottom: 0px solid rgb(102000,76500,0);border-right: 0px solid rgb(102000,76500,0);margin: 0px,0px,0px,0px;\"> <span style=\"font-size: 12pt;\"><\/span><\/p>\n<table>\n<tr>\n<td colspan=2 style=\"vertical-align:top;width: 800px;padding: 0px,5px,0px,5px;border-top: 0px solid rgb(102000,76500,0);border-right: 0px solid rgb(102000,76500,0);border-bottom: 0px solid rgb(102000,76500,0);border-right: 0px solid rgb(102000,76500,0);margin: 0px,0px,0px,0px;\" style=\"text-align: right\"> <span style=\"color: rgb(72,24,69);\"><\/span><\/p>\n<p style=\"text-align: center\"><strong>\u00bfQu\u00e9 es el Fosfenismo?<\/strong><\/p>\n<p>El Fosfenismo es un conjunto de t\u00e9cnicas para desarrollar las capacidades mentales, psicol\u00f3gicas y espirituales utilizadas por el hombre de forma instintiva desde el origen de los tiempos y explicadas por el genio del Doctor Lefebure. Tendemos a pensar que el Fosfenismo es convertir la energ\u00eda luminosa en energ\u00eda mental, de hecho nosotros mismos en multitud de ocasiones lo transmitimos as\u00ed para hacerlo m\u00e1s directo y f\u00e1cil en un primer contacto, pero el Fosfenismo va mucho m\u00e1s all\u00e1, engloba todas las t\u00e9cnicas que son eficaces en la expansi\u00f3n de la inteligencia y de la conciencia y que siempre se han utilizado. Por ejemplo, la luz, es curioso que nadie antes del Doctor Lefebure haya analizado el comportamiento y la importancia de la luz en las funciones cerebrales. Naturalmente todas las religiones, culturas, tradiciones, es decir, todos los hombres, la han utilizado en su beneficio pero bien por desconocimiento de los mecanismos fisiol\u00f3gicos o por culto al misterio y al poder, nunca nadie lo ha explicado.<\/p>\n<p>Que la luz es buena para el hombre todos lo sabemos, de hecho pagamos m\u00e1s dinero por un h\u00e1bitat con luz, nos vamos de vacaciones a lugares luminosos y estamos de acuerdo que si no hay luz nada sucede, nada trasciende, pero convivimos con ella sin conocerla ni utilizarla en m\u00e1s de un diez por ciento, es como recoger agua con las manos, ni tan siquiera eso, pues no hay la conciencia de que debamos cazarla, tenerla, almacenarla, utilizarla en nuestra vida como utilizamos nuestra voz.<\/p>\n<p style=\"text-align: center\"><strong>\u00bfQu\u00e9 es un fosfeno?<\/strong><\/p>\n<p>Un fosfeno es la mancha multicolor que permanece en nuestro campo visual despu\u00e9s de haber observado durante aproximadamente treinta segundos una fuente de luz adecuada \u00abl\u00e1mpara fosf\u00e9nica\u00bb y que permanece en nuestro campo visual, aproximadamente durante tres minutos. Cuando el fosfeno est\u00e1 activo tenemos una ebullici\u00f3n neurol\u00f3gica excepcional, si entonces, hacemos un trabajo de reflexi\u00f3n, de memorizaci\u00f3n, de visualizaci\u00f3n, motriz etc. transformamos la energ\u00eda de la luz, fosfeno, en energ\u00eda mental.<\/p>\n<p style=\"text-align: center\"><strong>Aplicaciones terap\u00e9uticas del Fosfenismo<\/strong><\/p>\n<p>Cuando se trabaja con luz de un modo consciente, generando una activaci\u00f3n cerebral extraordinaria y con un m\u00e9todo reconocido y premiado internacionalmente por m\u00e1s de cincuenta a\u00f1os, los resultados terap\u00e9uticos son asombrosos. Miles de m\u00e9dicos al\u00f3patas, naturistas y home\u00f3patas utilizan la t\u00e9cnica fosf\u00e9nica para <em>amplificar<\/em> sus terapias y hacerlas asi m\u00e1s potentes directas y r\u00e1pidas. Sea cual sea el campo terap\u00e9utico las posibilidades son infinitas, el fosfeno genera una fuerza mental maravillosa pero tambi\u00e9n, una gran energ\u00eda psicol\u00f3gica y emocional. El Fosfenismo es pues una herramienta irrenunciable para el terap\u00e9uta pues acelera su metodolog\u00eda habitual y ofrece al paciente un tono vital y una emotividad tan potenciados que para un debutante en el m\u00e9todo es dif\u00edcil de creer.<\/p>\n<p style=\"text-align: center\"><strong>Historia del Fosfenismo, de la luz, del fosfeno<\/strong><\/p>\n<p>Sustituir la palabra luz por fosfeno en los textos del cristianismo es muy, muy interesante, cualquier persona que hubiera seguido un curso de Fosfenismo descubrir\u00eda la t\u00e9cnica fosf\u00e9nica en cada rinc\u00f3n de las ense\u00f1anzas, eso si, tras un mont\u00f3n de laberintos filos\u00f3ficos y morales, pero finalmente tras ellos encontrar\u00eda la t\u00e9cnica\u2026<\/p>\n<p>El mayor milagro de la Iglesia Romana es sin duda alguna el prodigio solar de F\u00e1tima, durante diez minutos la multitud, 70000 personas, vio como el sol realizaba movimientos anormales, todos ellos propios del cofosfeno solar\u2026<\/p>\n<p>En Saint-Paul-d\u2019Espis (Tarn y Garona, Francia), en 1947, se produjeron cuatro \u00abprodigios solares\u00bb parecidos a los de F\u00e1tima delante de varios centenares de personas. Hemos tenido en las manos la prohibici\u00f3n de la Iglesia a los fieles y al clero de publicar cualquier cosa referente a esas \u00abdanzas del sol\u00bb. La raz\u00f3n de esta prohibici\u00f3n es clara: como el comienzo y el desarrollo eran parecidos a los de F\u00e1tima, y tambi\u00e9n a los de Tilly-sur-Seulles (Calvados, Francia) hacia 1900, habr\u00eda resultado evidente, al compararlos, que lo que ocurri\u00f3 en F\u00e1tima no fue una \u00absuspensi\u00f3n de las leyes naturales\u00bb sino un fen\u00f3meno cient\u00edfico estudiable. De este modo, desde hace dos mil a\u00f1os, la Iglesia dirige a las multitudes manteniendo en la oscuridad los fen\u00f3menos fosf\u00e9nicos, hasta el punto de creer ella misma en su propio juego, olvidando el papel que dichos fen\u00f3menos tuvieron en la g\u00e9nesis del cristianismo\u2026<\/p>\n<p>El zoroastrismo es solar por excelencia, el fuego era el eterno centinela de sus altares todos sus ritos est\u00e1n basados en la observaci\u00f3n del fuego y en su presencia. La definici\u00f3n e la palabra mago, seg\u00fan los diccionarios, es sacerdote de Zaratustra\u2026<\/p>\n<p>Alexandra David-Neel fue la primera mujer que entr\u00f3 en el T\u00edbet, (el Doctor Lefebure fue su m\u00e9dico), estuvo mucho tiempo estudiando los ritos, las tradiciones y los ejercicios que se realizaban en las lamaser\u00edas y en todas encontr\u00f3 un grueso libro para interpretar los signos que aparecen cuando se mira directamente el sol\u2026<\/p>\n<p>El emperador Juliano para su iniciaci\u00f3n en la religi\u00f3n de Mitra, (culto solar) fue encerrado en una gruta donde deb\u00eda observar fijamente un cabo de vela encendida durante tres d\u00edas, y cuando se apagaba por s\u00ed misma ver las luces que aparec\u00edan en su campo visual. Una vez en el poder orden\u00f3 a sus tropas que rezaran todos los domingos observando fijamente el sol\u2026<\/p>\n<p>En el Cor\u00e1n encontramos: imag\u00ednate a Dios como una luz en la luz, (v\u00e9ase el cap\u00edtulo dedicado al punto de luz) podemos pensar que la segunda luz es el fosfeno, siendo la primera la imaginada en su interior, es decir, \u00abmezcla fosf\u00e9nica\u00bb\u2026<\/p>\n<p>Los Incas rezaban mirando fijamente el sol\u2026<\/p>\n<p>Los tao\u00edstas fueron perseguidos por sus se\u00f1ores cuando conocieron sus secretos, practicaban observaciones fijas del reflejo del sol en un espejo y de los reflejos de la luna sobre una concha muy pulida\u2026<\/p>\n<p>Los misterios de Eleusis tambi\u00e9n conten\u00edan la prohibici\u00f3n de desvelar las pr\u00e1cticas, pero sin embargo sabemos, gracias a los textos antiguos, que el candidato a la iniciaci\u00f3n era introducido en una gruta iluminada con una antorcha. Se le dec\u00eda que observara fijamente la llama, despu\u00e9s se le vendaban los ojos y deb\u00eda mirar la luz\u2026<\/p>\n<p>Amenophis IV, Akenaton, recorr\u00eda con su corte la ciudad rezando a la vez que miraba fijamente el sol, tras su muerte los sacerdotes hicieron de desaparecer su nombre de la faz de la tierra\u2026<\/p>\n<p>El c\u00e9lebre monte Athos cubierto de monasterios y ermita\u00f1os ya fue citado por Herodoto como sitio monacal. Su vocaci\u00f3n m\u00edstica es, por consiguiente, anterior al cristianismo. Es un f\u00f3sil viviente de los m\u00e9todos m\u00edsticos prehist\u00f3ricos, y todav\u00eda hoy los algunos monjes recitan la Biblia mirando fijamente el sol naciente y despu\u00e9s se proyectan el fosfeno en el ombligo\u2026<\/p>\n<p>Los c\u00e1taros rezaban mirando fijamente el sol porqu\u00e9 dec\u00edan, Cristo as\u00ed lo hab\u00eda ense\u00f1ado\u2026<\/p>\n<p>La concha de Santiago lleva este nombre a causa de la peregrinaci\u00f3n a Santiago de Compostela, en Espa\u00f1a. Se ha convertido en el s\u00edmbolo porque es muy abundante en las aguas de las peque\u00f1as bah\u00edas profundas de la costa. Hay que a\u00f1adir que, seg\u00fan ciertas tradiciones, en sus or\u00edgenes, los peregrinos utilizaban la valva hueca de la concha como peque\u00f1o recipiente para poner agua y deb\u00edan rezar mirando fijamente el reflejo del sol en esa agua<\/p>\n<p><strong>Fosfenismo e hiperactividad<br \/>\n<\/strong>El fosfenismo nos puede ser de gran ayuda, y sin efectos secundarios, como tratamiento en casos de gente con hiperactividad y d\u00e9ficit de atenci\u00f3n.<br \/>\nEn un mundo de ambig\u00fcedades de claros-oscuros de incertidumbre de dudas y cambios, la evidencia vale su peso en oro y resulta muy, pero que muy evidente, que la luz que nos rodea nos estimula y beneficia, de hecho no solo a nosotros si no a los animales y las plantas. Puede parecer una obviedad pero no es algo que tengamos muy en cuenta en nuestra vida cotidiana.<br \/>\nEl Fosfenismo desarrollado por el Doctor Lefebure, explica como la luz puede dinamizar todas nuestras funciones cerebrales y psicol\u00f3gicas, incluso nuestras percepciones sutiles. Nunca nadie ha explicado el porqu\u00e9 todas las religiones e iniciaciones han tenido un origen solar y han enfatizado la observaci\u00f3n de luz, no como un ejercicio de abstracci\u00f3n si no como uno mental.<br \/>\n<strong>\u00bfEn qu\u00e9 se basa el Fosfenismo?<\/strong><br \/>\nEl Fosfenismo se basa (entre otros muchos descubrimientos) en que al observar un punto de luz adecuado se genera en el campo visual un fosfeno, una luz interior de colores cambiantes y que el Doctor Lefebure descubre que tiene unas caracter\u00edsticas propias y que est\u00e1 vinculado al comportamiento mental, psicol\u00f3gico y emocional del sujeto. Cuando, literalmente, la luz entra en nuestro cerebro, es capaz de modificar disfunciones del comportamiento y del car\u00e1cter, adem\u00e1s de facilitar la reflexi\u00f3n y mejorar el estado de \u00e1nimo, es decir, nada distinto a lo que todas las religiones nos han explicado con multitud de poes\u00eda y met\u00e1foras.<br \/>\nUno de los efectos que m\u00e1s claramente se aprecian cuando se trabaja con los fosfenos, es la calma y la estructuraci\u00f3n de la personalidad. No es extra\u00f1o pues, que muchas personas utilicen el Fosfenismo como una gran herramienta en el tratamiento de la hiperactividad y\/o d\u00e9ficit de atenci\u00f3n.<br \/>\n<span style=\"font-size: 12pt;\"><img loading=\"lazy\" src=\"http:\/\/vivesur.com\/wpblog\/wp-content\/uploads\/2011\/09\/wpid-fases_fosfenismo-2011-09-22-00-48.jpg\" alt=\"wpid-fases_fosfenismo-2011-09-22-00-48.jpg\" width=\"175\" height=\"70\" \/><\/span><br \/>\nLas tres fases del fosfeno<br \/>\n<strong>Hiperactividad, d\u00e9ficit de atenci\u00f3n y Fosfenismo<\/strong><br \/>\nLa hiperactividad no se manifiesta \u00fanicamente en una excesiva actividad motora, que suele ir desapareciendo, su problema principal es el denominado (d\u00e9ficit de atenci\u00f3n) que entorpece la concentraci\u00f3n del ni\u00f1o. Si por algo se ha caracterizado el Fosfenismo durante los cincuenta a\u00f1os de su difusi\u00f3n es por los premios recibidos por la mejora del rendimiento escolar en todos los sentidos, la concentraci\u00f3n, la ideaci\u00f3n, la creatividad etc. El fosfeno genera una activaci\u00f3n neurol\u00f3gica excepcional que, bien pautada, se convierte en una herramienta fundamental en la lucha contra la hiperactividad pues consigue centrar la atenci\u00f3n del ni\u00f1o y mejorar su inter\u00e9s que, en definitiva, son los ejes vertebradores de la terap\u00e9utica contra la hiperactividad.<br \/>\nLa aplicaci\u00f3n del m\u00e9todo es pasmosamente sencilla y no requiere de un tiempo adicional importante al ya normalmente escaso tiempo de las familias con ni\u00f1os con problemas de hiperactividad. Los ejercicios se realizan con un material muy especializado que por m\u00e1s de cuarenta a\u00f1os se lleva utilizando y que actualmente incluso se ha mejorado ostensiblemente.<br \/>\n<strong>Tratamiento pr\u00e1ctico de la hiperactividad y\/o d\u00e9ficit de atenci\u00f3n con el fosfenismo<\/strong><br \/>\nEl alumno debe mirar fijamente una luz especial de luz natural durante aproximadamente unos treinta segundos, en ese momento el fosfeno (luz interior) est\u00e1 activado, el ni\u00f1o debe entonces realizar su tarea con normalidad pero ayudado de otra l\u00e1mpara, que iluminar\u00e1 el texto, muy pr\u00f3xima al mismo. Eso es suficiente para que la concentraci\u00f3n sea mucho mayor y el ni\u00f1o mantenga por m\u00e1s tiempo el inter\u00e9s. En el momento en que el ni\u00f1o ha de, no tan solo comprender unos conceptos si no memorizar una frase o una f\u00f3rmula, proceder\u00e1 como de costumbre. En ese instante el estudio se detiene y, seg\u00fan la t\u00e9cnica, el ni\u00f1o repite verbalmente el texto o lo escribe, pues bien, har\u00e1 lo mismo pero con un nuevo fosfeno, es decir, mirar\u00e1 la (l\u00e1mpara fosf\u00e9nica) y en este caso cerrar\u00e1 los ojos y repetir\u00e1, dentro del fosfeno, el texto a memorizar. El Fosfenismo dispone de m\u00e1s de treinta libros, quince de ellos editados en castellano, es f\u00e1cil entender que est\u00e1 descripci\u00f3n es mucho menos que un resumen, pero puede que les parezca, a alguno de ustedes familiar.<br \/>\n<strong>Fosfenismo y la importancia de la luz<\/strong><br \/>\n\u00bfNo les recuerda la observaci\u00f3n fija del sol de muchas culturas? \u00bfQuiz\u00e1s les sea familiar la concentraci\u00f3n en la llama de una vela? \u00bfY la reflexi\u00f3n de la luz en una superficie pulida utilizada para la adivinaci\u00f3n? \u00bfY el culto al fuego con observaci\u00f3n fija del mismo? \u00bfLes parece curioso que las joyas de la Iglesia Cat\u00f3lica sean los denominados prodigios solares? \u00bfO que en los pa\u00edses con pocas horas de luz solar se produzcan m\u00e1s depresiones y disfunciones de la personalidad? \u00bfSab\u00eda que la depresi\u00f3n estacional se trata con ba\u00f1os de luz? De eso a llevar la luz al interior de nuestra mente solo hay un paso, \u00a1que est\u00e1 dado desde 1959!<br \/>\nEn el caso de la hiperactividad y\/o d\u00e9ficit de atenci\u00f3n el ni\u00f1o se beneficia no s\u00f3lo de la mayor concentraci\u00f3n y capacidad de mantener la atenci\u00f3n (adem\u00e1s de la mejor\u00eda en la memorizaci\u00f3n) sino que tambi\u00e9n repercute en su emotividad, car\u00e1cter y atenci\u00f3n, de modo colateral. Por esa raz\u00f3n es importante que realice observaciones de la (l\u00e1mpara fosf\u00e9nica) no solo durante su sesi\u00f3n de estudio, tambi\u00e9n a lo largo del d\u00eda, eso le llevar\u00e1 \u00fanicamente treinta segundos mirando la l\u00e1mpara para cada fosfeno, m\u00ednimo peaje para tan gran resultado, de hecho, una vez m\u00e1s, nada distinto a lo que todas las religiones nos han explicado, pero est\u00e1 vez desde la perspectiva de un cient\u00edfico, el Doctor Francis Lefebure.<\/p>\n<p><span style=\"font-size: 12pt;\"><\/span><\/p>\n<table>\n<tr>\n<td style=\"width: 17px;padding: 0px,5px,0px,5px;border-top: 0px solid rgb(102000,76500,0);border-right: 0px solid rgb(102000,76500,0);border-bottom: 0px solid rgb(102000,76500,0);border-right: 0px solid rgb(102000,76500,0);margin: 0px,0px,0px,0px;\"> <span style=\"font-size: 12pt;\"><\/span>\n<\/td>\n<td colspan=2 style=\"width: 505px;padding: 0px,5px,0px,5px;border-top: 0px solid rgb(102000,76500,0);border-right: 0px solid rgb(102000,76500,0);border-bottom: 0px solid rgb(102000,76500,0);border-right: 0px solid rgb(102000,76500,0);margin: 0px,0px,0px,0px;\"><span style=\"font-size: 12pt;\"><a href=\"http:\/\/xoomij.multiply.com\/journal\/item\/70\/Dimensiones_y_Frecuencias_Vibratorias\">Dimensiones y Frecuencias Vibratorias<\/a><\/p>\n<p><\/span><\/p>\n<table>\n<tr>\n<td colspan=2 style=\"vertical-align:top;width: 800px;padding: 0px,5px,0px,5px;border-top: 0px solid rgb(102000,76500,0);border-right: 0px solid rgb(102000,76500,0);border-bottom: 0px solid rgb(102000,76500,0);border-right: 0px solid rgb(102000,76500,0);margin: 0px,0px,0px,0px;\"><span style=\"font-size: 12pt;\"><a href=\"http:\/\/4.bp.blogspot.com\/_dBk-JHpJgws\/TA0YCI4wU6I\/AAAAAAAADno\/nOPzeBQDgw0\/s1600\/intro.gif\"><img loading=\"lazy\" src=\"http:\/\/vivesur.com\/wpblog\/wp-content\/uploads\/2011\/09\/wpid-intro.gif-2011-09-22-00-48.png\" alt=\"wpid-intro.gif-2011-09-22-00-48.png\" width=\"375\" height=\"375\" \/><\/a><\/span><\/p>\n<p>Dimensiones y Frecuencias Vibratorias<br \/>\nTodo lo que Es, est\u00e1 vivo. Lo conforma Energ\u00eda que vibra, que oscila en distintas frecuencias simult\u00e1neamente. Estas frecuencias se encuentran dentro de un \u201ccampo\u201d, que es el \u00e1rea donde co-existen las frecuencias que lo conforman. Cada ser tiene su propio \u201ccampo vital\u201d desde donde emite en una frecuencia vibratoria propia hacia el Universo. Esta frecuencia propia es \u00fanica, individual y es como la media o el &#8220;centro de gravedad&#8221; de las distintas frecuencias que conforman su Ser. En el interior de este \u201ccampo\u201d se superponen sus m\u00faltiples cuerpos, cada uno constituido por Energ\u00eda que vibra en un rango determinado de frecuencias. Las entidades son multidimensionales.<\/p>\n<p>Todo lo que existe tiene cierto nivel de Informaci\u00f3n. Esa informaci\u00f3n ordena la Energ\u00eda que lo constituye, la organiza para condensarla en la sustancia que le da la forma que tiene, la funci\u00f3n que desempe\u00f1a, la conducta que manifiesta y la memoria que acumula.<br \/>\nTodo lo que existe tiene cierto nivel de Voluntad. Una determinada capacidad de manifestaci\u00f3n, un radio de acci\u00f3n dentro de la realidad en la que se encuentra, en donde puede generar cambios que la modifiquen.<\/p>\n<p>Todo lo que Es, tiene cierto nivel de Consciencia. Una determinada capacidad instalada para entender, comprender y verificar el orden en el que est\u00e1 inscrito. El nivel de su Consciencia es el resultado de la Energ\u00eda vital de que dispone, de la Informaci\u00f3n sobre el funcionamiento del universo que ha logrado verificar, la que emplea para actuar generando armon\u00eda, para evitar la generaci\u00f3n de conflicto y s<br \/>\nufrimiento. Estas dos variables, informaci\u00f3n y energ\u00eda determina el poder que tiene, el radio de acci\u00f3n de su voluntad. No todos los seres son iguales porque tienen distintos niveles de Consciencia, se encuentran en distintas fases de su proceso evolutivo. La capacidad instalada evoluciona, permiti\u00e9ndole llegar a entender la raz\u00f3n de su existencia e inclusive llegar a participar en su propia evoluci\u00f3n, aceler\u00e1ndola, dirigi\u00e9ndola.<\/p>\n<p>Todo lo que vibra lo hace con cierta frecuencia. En la realidad existe una gradaci\u00f3n infinita de frecuencias a las que vibra la Energ\u00ed. Esa gradaci\u00f3n se ordena de acuerdo al espectro en que se descompone la luz. Newton descubri\u00f3 que la Energ\u00eda, en forma de luz, al atravesar un prisma de cristal se descompone en los colores que la constituyen. Unas bandas de color que siempre mantienen la misma relaci\u00f3n de posici\u00f3n entre si, como las del arco iris. La posici\u00f3n que ocupa el color en el espectro es determinada por la frecuencia en que vibra, por la longitud de su onda y estas variables determinan un \u00e1ngulo constante por el que la luz descompuesta en color sale del prisma. Ese orden que manifiesta la luz en su interior, se refleja en la Energ\u00eda de todo lo creado<\/p>\n<p>Ese orden tambi\u00e9n se ajusta a la forma de un triangulo equil\u00e1tero. En su base se ubican las Energ\u00edas de mayor longitud de onda y por lo tanto de menor frecuencia vibratoria. En su v\u00e9rtice se ubican las Energ\u00edas de menor longitud de onda, de m\u00e1xima frecuencia vibratoria. Entre estos dos extremos se ubican la infinita gradaci\u00f3n de frecuencias vibratorias en sus longitudes de onda correspondientes. En esos dos extremos se ubican, en lo alto las Ondas de Energ\u00eda en m\u00e1ximo movimiento, en la base las Part\u00edculas de Energ\u00eda concentrada en una posici\u00f3n definida, las que constituyen la sustancia material de los cuerpos f\u00edsicos de todo lo que existe. Ondas y Part\u00edculas son la esencia energ\u00e9tica de todo lo que existe. La Energ\u00eda tiene la capacidad de transformarse eternamente en una u otra, sin nunca destruirse. Es por eso que tradicionalmente el triangulo equilatero ha sido un signo del Orden Divino, de la Informaci\u00f3n perfecta que organiza la realidad. Un triangulo con el espectro en su interior es a\u00fan m\u00e1s diciente, como s\u00edmbolo del orden universal.<\/p>\n<p>Dentro de esa infinita gradaci\u00f3n de frecuencias vibratorias organizadas por sus longitudes de onda aparecen unos rangos que determinan las caracter\u00edsticas, el estado de Ser, el comportamiento de la Energ\u00eda que all\u00ed se ubica. Eso es lo que se llama las Dimensiones. Una Dimensi\u00f3n mantiene integra, dentro de unos rangos de frecuencia vibratoria y de sus longitudes de onda asociadas, el estado de la Energ\u00eda que all\u00ed se encuentra. Si la frecuencia se eleva por encima de el rango superior de la dimensi\u00f3n, o baja por debajo del rango inferior que determina la dimensi\u00f3n, la energ\u00eda autom\u00e1ticamente cambia de estado, cambia de dimensi\u00f3n, sus caracter\u00edsticas esenciales cambian. Es decir no se puede cambiar de dimensi\u00f3n manteniendo constantes las caracter\u00edsticas esenciales de la Energ\u00eda. Por decirlo de otra manera cada estado de la Energ\u00eda tiene su dimensi\u00f3n especifica, ocupa una posici\u00f3n determinada en su relaci\u00f3n con otros estados de la energ\u00eda y este orden preciso es determinado por la longitud de las ondas que las constituyen. Esto es lo que permite que la Energ\u00eda-Informaci\u00f3n-Voluntad o sea la Consciencia que es realmente el \u00fanico fen\u00f3meno que existe, experimente y obtenga comprensiones gracias a los resultados que obtiene en la vida con las decisiones que toma, las acciones y las creaciones que manifiesta. Esto tambi\u00e9n implementa un orden perfecto en la realidad que construye la consciencia colectiva.<\/p>\n<table>\n<tr>\n<td style=\"width: 24px;padding: 0px,5px,0px,5px;border-top: 0px solid rgb(102000,76500,0);border-right: 0px solid rgb(102000,76500,0);border-bottom: 0px solid rgb(102000,76500,0);border-right: 0px solid rgb(102000,76500,0);margin: 0px,0px,0px,0px;\"> <span style=\"font-size: 12pt;\"><\/span>\n<\/td>\n<td style=\"width: 623px;padding: 0px,5px,0px,5px;border-top: 0px solid rgb(102000,76500,0);border-right: 0px solid rgb(102000,76500,0);border-bottom: 0px solid rgb(102000,76500,0);border-right: 0px solid rgb(102000,76500,0);margin: 0px,0px,0px,0px;\"><span style=\"font-size: 12pt;\"><a href=\"http:\/\/xoomij.multiply.com\/journal\/item\/42\/42\">El sistema energ\u00e9tico &#8211; t\u00e9cnicas de \u00e9xtasis y sanaci\u00f3n &#8211; luz,sonido y naturaleza .<\/a><\/span>\n<\/td>\n<td style=\"width: 153px;padding: 0px,5px,0px,5px;border-top: 0px solid rgb(102000,76500,0);border-right: 0px solid rgb(102000,76500,0);border-bottom: 0px solid rgb(102000,76500,0);border-right: 0px solid rgb(102000,76500,0);margin: 0px,0px,0px,0px;\">\n<span style=\"font-size: 12pt;\"><\/span><\/p>\n<table>\n<tr>\n<td colspan=2 style=\"vertical-align:top;width: 800px;padding: 0px,5px,0px,5px;border-top: 0px solid rgb(102000,76500,0);border-right: 0px solid rgb(102000,76500,0);border-bottom: 0px solid rgb(102000,76500,0);border-right: 0px solid rgb(102000,76500,0);margin: 0px,0px,0px,0px;\"><span style=\"font-size: 12pt;\"><a href=\"http:\/\/3.bp.blogspot.com\/_dBk-JHpJgws\/TA0WpmadZyI\/AAAAAAAADng\/qweupPbfi5g\/s1600\/ARBOL+DE+REFUGIO+GELUKPA.jpg\"><img loading=\"lazy\" src=\"http:\/\/vivesur.com\/wpblog\/wp-content\/uploads\/2011\/09\/wpid-ARBOL+DE+REFUGIO+GELUKPA-2011-09-22-00-48.jpg\" alt=\"wpid-ARBOL+DE+REFUGIO+GELUKPA-2011-09-22-00-48.jpg\" width=\"270\" height=\"400\" \/><\/a><\/span><\/p>\n<p>El sistema energ\u00e9tico<\/p>\n<p>La mayor\u00eda de las personas consideran el mundo de la materia y, por tanto, tambi\u00e9n el cuerpo f\u00edsico como la \u00fanica realidad, pues es el \u00fanico que pueden percibir a trav\u00e9s de los sentidos f\u00edsicos y captar con el raciocinio. Si t\u00fa te encuentras entre esas personas que s\u00f3lo pueden aceptar como realidad el cuerpo material, piensa en todo lo que sucede con la energ\u00eda, con la fuerza vital que da vida a un cuerpo f\u00edsico y que le proporciona sensaciones y capacidad de expresi\u00f3n, cuando ese cuerpo muere. Una ley f\u00edsica afirma que, en el universo, la energ\u00eda no se destruye, sino que \u00fanicamente puede transformarse en otras formas de energ\u00eda. La energ\u00eda que act\u00faa detr\u00e1s de la manifestaci\u00f3n material del cuerpo y sus funciones y capacidades est\u00e1 compuesta por un sistema energ\u00e9tico complejo sin el cual no podr\u00eda existir el cuerpo f\u00edsico.<\/p>\n<p>En este sistema los nadis constituyen una especie de arterias intangibles. La palabra \u201cnadi\u201d procede del s\u00e1nscrito y significa aproximadamente \u201ctubo\u201d, \u201cvaso\u201d o \u201carteria\u201d. Su funci\u00f3n consiste en conducir el \u201cprana\u201d o energ\u00eda vital a trav\u00e9s del sistema energ\u00e9tico no material. La palabra s\u00e1nscrita \u201cprana\u201d puede traducirse por energ\u00eda. En el \u00e1mbito cultural chino y japon\u00e9s esta fuerza vital universal se denomina \u201cchi\u201d o \u201cki\u201d. Representa la fuente original de todas las formas energ\u00e9ticas y se manifiesta en diferentes \u00e1reas existenciales mediante frecuencias distintas. Una de sus manifestaciones es la respiraci\u00f3n, una de las formas por las que podemos absorber prana dentro de nosotros.<\/p>\n<p>A trav\u00e9s de los chakras, los nadis de un cuerpo energ\u00e9tico est\u00e1n unidos con los nadis del cuerpo energ\u00e9tico vecino. Algunos textos indios y tibetanos antiguos mencionan el n\u00famero de 72.000 nadis; otros escritos hist\u00f3ricos hablan de 350.000 nadis. Los canales energ\u00e9ticos m\u00e1s importantes son: \u201csushumna\u201d, \u201cida\u201d y \u201cpingala\u201d. Los chinos y japoneses conocen un sistema similar de canales energ\u00e9ticos que denominan meridianos y la usan en el desarroll\u00f3 de la acupuntura.<\/p>\n<p>En el sistema energ\u00e9tico del hombre los chakras sirven de estaciones receptoras, transformadoras y distribuidoras de las diferentes frecuencias del \u201cprana\u201d. Absorben, directamente o a trav\u00e9s de los nadis, las energ\u00edas vitales de los cuerpos energ\u00e9ticos no materiales del hombre, de su entorno, del cosmos y de las fuentes que son el fundamento de cualquier manifestaci\u00f3n, la transforman en las frecuencias que necesitan las diferentes \u00e1reas del cuerpo f\u00edsico o de los cuerpos inmateriales para su conservaci\u00f3n y desarrollo, y la retransmiten a trav\u00e9s de los canales energ\u00e9ticos. Adem\u00e1s, irradian energ\u00edas al entorno. Mediante este sistema energ\u00e9tico, el hombre efect\u00faa un intercambio con las fuerzas que act\u00faan en los diferentes planos de su entorno.<\/p>\n<p>Atraes energ\u00eda vital del sol a trav\u00e9s del chakra del plexo solar, y energ\u00eda vital de la tierra a trav\u00e9s del chakra basal. Acumula estas energ\u00edas y, a trav\u00e9s de los chakras y los nadis, las conduce al cuerpo f\u00edsico en flujos vitales ininterrumpidos. Las dos formas de energ\u00eda se encargan de mantener un equilibrio vivo en las c\u00e9lulas corporales. Cuando el \u00abhambre de energ\u00eda\u00bb del organismo est\u00e1 saciado, la energ\u00eda sobrante del cuerpo et\u00e9rico se irradia hacia fuera a trav\u00e9s de los chakras y de los poros. Los pensamientos y emociones negativos, y una forma de vida que no est\u00e9 en consonancia con las necesidades naturales de cuerpo (sobreesfuerzo, alimentaci\u00f3n insana, abuso de alcohol, nicotina y drogas), pueden consumir la energ\u00eda vital, por lo que la irradiaci\u00f3n energ\u00e9tica natural perder\u00e1 intensidad y vigor. De esta forma el cuerpo de deteriora y surgen zonas d\u00e9biles. Debido a esta estrecha relaci\u00f3n existente entre el estado de cuerpo f\u00edsico y la radiaci\u00f3n energ\u00e9tica del cuerpo. El cuerpo f\u00edsico, reaccionan de forma particularmente intensa a los impulsos mentales. Aqu\u00ed estriba la raz\u00f3n de los \u00e9xitos que el pensamiento optimista tiene sobre la salud. Nosotros podemos favorecer la salud de nuestro cuerpo utilizando prudentemente nuestros pensamientos.<\/p>\n<p>A este respecto es interesante se\u00f1alar que las plantas, en particular las flores y los \u00e1rboles, tambi\u00e9n poseen una radiaci\u00f3n energ\u00e9tica muy semejante a la del hombre. Puedes utilizar esta radiaci\u00f3n para proporcionar nueva energ\u00eda a tu propio cuerpo. Para ello, apoya tu espalda contra un \u00e1rbol que te resulte simp\u00e1tico o abr\u00e1zalo, descargando todo tu cuerpo contra \u00e9l. Deja que la fuerza armonizadora y energ\u00e9tica del \u00e1rbol se transmita a tu interior. Tambi\u00e9n puedes tumbarte en una pradera florida y repleta de aromas y dejar que las vibraciones de las delicadas flores te envuelvan y penetren.<\/p>\n<p>Nuestros sentimientos, nuestras emociones y las cualidades de nuestro car\u00e1cter, marcan con fuerza la visi\u00f3n del mundo y de la realidad cotidiana. Todas nuestras emociones no liberadas, las angustias y agresiones conscientes e inconscientes, las sensaciones de soledad, rechazo y autoreproche, etc; emiten sus vibraciones y transmiten el mensaje inconsciente que enviamos al mundo exterior. Y aqu\u00ed es donde se realiza el principio de la atracci\u00f3n mutua. Las frecuencias energ\u00e9ticas que emitimos atraen vibraciones energ\u00e9ticas iguales del entorno y se unen con ellas. Esto significa que, con frecuencia, nos encontraremos con personas y circunstancias que precisamente reflejan aquello que nosotros queremos evitar o de lo que queremos librarnos conscientemente, o aquello que tememos. De esta forma, el entorno nos sirve como espejo para todos aquellos elementos que hemos relegado desde nuestra vida consciente a las \u00e1reas del inconsciente. Los sentimientos no liberados tienden a mantenerse y a crecer dentro del propio conflicto interno. As\u00ed nos llevan una y otra vez a situaciones que se encargan de repetir las vibraciones emocionales originales, puesto que esas vibraciones son como su alimento.<\/p>\n<p>La frecuencia de la angustia en una persona atrae situaciones en las que ve confirmada una y otra vez su angustia. Si esa persona encierra en si agresiones, siempre encontrar\u00e1 personas que exteriorizan las vibraciones de furia y agresi\u00f3n. Por ejemplo, si nos hemos propuesto no decir palabrotas en determinadas situaciones, pero sin haber liberado la agresi\u00f3n dentro de nosotros, puede suceder que alguien de nuestro alrededor comience inesperadamente a decir palabrotas. Las estructuras emocionales contin\u00faan existiendo a trav\u00e9s de los diferentes estados mentales, aun as\u00ed el pensamiento consciente y los objetivos mentales tienen influencia sobre el cuerpo, que sigue sus propias leyes. Aunque una persona puede aspirar conscientemente al amor o el \u00e9xito, e inconscientemente irradiar frecuencias energ\u00e9ticas contradictorias de celos y falta de autoconfianza, que le impedir\u00e1n alcanzar su objetivo consciente.<\/p>\n<p>Cuando hayamos comprendido realmente y de una vez por todas estas relaciones, debemos cesar obligatoriamente de vernos en el \u00abpapel de v\u00edctimas\u00bb y de atribuir la culpa de nuestras debilidades y miserias a otras personas o a las circunstancias. Eso significa en si mismo una gran liberaci\u00f3n, puesto que entonces ya sabemos que tenemos gran parte de nuestro destino en nuestras propias manos, y podemos empezar a cambiar nuestra vida cambi\u00e1ndonos a nosotros mismos.<\/p>\n<p>La mayor proporci\u00f3n de \u00abnudos emocionales\u00bb del cuerpo emocional se encuentra localizada en la zona del chakra del plexo solar. Este chakra nos proporciona el acceso m\u00e1s directo a nuestras estructuras emocionales a trav\u00e9s de la vivencia inmediata. Sin embargo, si queremos percibir y conocer estas estructuras mediante el entendimiento consciente, debemos traspasar los contenidos del chakra del plexo solar con la forma de manifestaci\u00f3n a trav\u00e9s del chakra frontal. Pero ni siquiera esto significa una liberaci\u00f3n real. Una disoluci\u00f3n de las estructuras emocionales s\u00f3lo puede producirse a trav\u00e9s de manifestar la sabidur\u00eda, la comprensi\u00f3n y la bendici\u00f3n, permitiendo al mismo tiempo conocer las relaciones interiores partiendo de la visi\u00f3n universal y hol\u00edstica. Este v\u00ednculo podemos establecerlo a trav\u00e9s del chakra del coraz\u00f3n y del chakra coronal.<\/p>\n<p>Esto es NO enjuiciar, no dividir las experiencias en \u00abbuenas\u00bb y \u00abmalas\u00bb. Nos indica que las experiencias son causales y comprender qu\u00e9 sentimientos y acciones tienen consecuencias. Tambi\u00e9n tiene una importancia decisiva una actitud interior en la que afirmamos todas las experiencias y en la que contemplamos las im\u00e1genes y sensaciones que aparecen espont\u00e1neamente, sin rechazar o enjuiciar nada de ello. A medida que aumenta la disoluci\u00f3n de las estructuras emocionales estancadas, se comienza a irradiar profundos sentimientos de alegr\u00eda incondicional.<\/p>\n<p>Nuestros pensamientos e ideas, y nuestros conocimientos racionales e intuitivos, tienen una vibraci\u00f3n mayor y su estructura es menos compacta. Los pensamientos que surgen generalmente giran en torno al bienestar personal y a los intereses del devenir terrenal y mundano. En este caso la soluci\u00f3n racional de los problemas se convierte en la funci\u00f3n principal. Sin embargo, esto significa una distorsi\u00f3n de su car\u00e1cter original y una limitaci\u00f3n de sus capacidades. La aut\u00e9ntica funci\u00f3n mental consiste en recoger informaci\u00f3n e integrarlas con el entendimiento racional, que las transfiere a las situaciones concretas y lleva a una soluci\u00f3n del problema en consonancia con las leyes universales. Los conocimientos que de esta forma nos llegan de nuestro ser se manifiestan como intuici\u00f3n en forma de intuiciones repentinas, a menudo en im\u00e1genes o incluso en sonidos que despu\u00e9s se transforman en pensamientos verbales. Nos permiten mirar al interior de la aut\u00e9ntica naturaleza de las cosas y tienen una estructura hologr\u00e1fica, al contrario que el entendimiento lineal que parte de la concepci\u00f3n racional.<\/p>\n<p>El aura o tu esencia psienergica puede abarcar hasta varios kil\u00f3metros de distancia, en realidad no tiene fin, pero se vuelve tan sutil que no se percibe. Si has tenido alguna vez la oportunidad de estar en presencia de un Ser Humano, tal vez habr\u00e1s observado que la atm\u00f3sfera cambiaba cuando te vas alejando de \u00e9l. La experiencia de la luz, de la plenitud y del bienestar que puede llenarte en la cercan\u00eda de un Ser Humano pierde su intensidad cuanto m\u00e1s te alejes de el. A trav\u00e9s del campo psienergico experimentamos la unidad interior con toda la vida. Nos une con el ser puro y divino, con la raz\u00f3n original omnipresente de la que han surgido y contin\u00faan surgiendo todas las manifestaciones en la creaci\u00f3n. Desde este plano tenemos un acceso interior a todo cuanto existe en la creaci\u00f3n. El campo psienergico es esa parte divina que hay en nosotros que es inmortal y que perdura entre nosotros.<\/p>\n<p>Los chakras absorben directamente vibraciones del entorno, vibraciones que se corresponden con sus frecuencias. As\u00ed, mediante sus diferentes formas de funcionamiento, nos unen con los sucesos de nuestro entorno, de la naturaleza y del universo, sirviendo como antenas para la gama completa de vibraciones energ\u00e9ticas. Los chakras sirven como receptores para todas las vibraciones energ\u00e9ticas e informaciones que proceden del \u00e1mbito f\u00edsico. Son las aberturas que nos unen con el mundo ilimitado de las energ\u00edas m\u00e1s sutiles. Asimismo los chakras irradian energ\u00eda directamente al entorno, con lo que modifican la atm\u00f3sfera a nuestro alrededor. A trav\u00e9s de los chakras podemos emitir vibraciones curativas y mensajes, conscientes e inconscientes, influyendo tanto positiva como negativamente sobre las personas, las situaciones e incluso la materia.<\/p>\n<p>Para experimentar una plenitud interior todos los chakras deben trabajar en mutua armon\u00eda. Sin embargo, esta circunstancia se da en muy pocas personas. En general, los diferentes chakras tienen un grado de activaci\u00f3n distinto. Y muchas veces est\u00e1n hiperactivados los dos chakras inferiores y es frecuente que, adem\u00e1s, el chakra del plexo solar se encuentra inarmonico, si esta activo. Es posible que exista cualquier combinaci\u00f3n de chakras bloqueados o inarmonicos. Adem\u00e1s, estos grados oscilan a lo largo de una vida, puesto que en momentos diferentes pueden adquirir importancia temas distintos.<\/p>\n<p>Por lo tanto, el conocimiento de los chakras puede aportarte una ayuda inestimable para el autoconocimiento, y guiarte en tu camino para descubrir todas las facultades innatas, obsequi\u00e1ndote con una vida de plenitud y alegr\u00eda m\u00e1ximas. En la Antig\u00fcedad el n\u00famero 7 se utiliz\u00f3 con frecuencia como s\u00edmbolo de consumaci\u00f3n, plenitud y perfecci\u00f3n. En muchas culturas se consideraba un n\u00famero sagrado, y as\u00ed a\u00fan hoy d\u00eda encontramos el n\u00famero 7 en numerosos escritos religiosos, en mitos y en cuentos. Tambi\u00e9n nuestras semanas transcurren en un ritmo de septenas. \u00c9ste es el menor ritmo c\u00edclico fundamental de nuestra existencia. Tanto si aceptas estas leyes regulares como si no, las fuerzas universales que est\u00e1n tras ellas no se ver\u00e1n influidas. Nosotros somos libres en todas nuestras decisiones, pero vivimos siempre dentro de ciertas leyes generales razonables. De forma que queda a nuestro albedr\u00edo c\u00f3mo utilizamos este conocimiento.<\/p>\n<p>EXISTEN fundamentalmente dos v\u00edas para actuar sobre nuestros chakras con un efecto liberador y armonizador. El primer camino consiste en exponer los chakras a vibraciones energ\u00e9ticas que se aproximen a las frecuencias con las que vibra de forma natural un chakra sin bloqueos y que funcione arm\u00f3nicamente. Estas vibraciones energ\u00e9ticas podemos encontrarlas, por ejemplo, en los colores luminosos puros, en los sonidos y en los aceites esenciales, y tambi\u00e9n en los elementos y en las m\u00faltiples formas de manifestaci\u00f3n de la naturaleza.<\/p>\n<p>Tan pronto como a nuestros chakras afluyen frecuencias que son m\u00e1s elevadas y m\u00e1s armoniosas que las que corresponden a su estado actual, comienzan a vibrar con mayor rapidez, y las frecuencias m\u00e1s lentas de los bloqueos se van disolviendo progresivamente. Los centros energ\u00e9ticos pueden absorber nuevas energ\u00edas vitales y retransmitirlas sin obst\u00e1culos. Es como si, a trav\u00e9s de nuestro sistema energ\u00e9tico, soplara una fresca brisa. El prana que afluye carga el cuerpo que, a su vez se transmite en energ\u00eda emocional, que a su vez en energ\u00eda mental que irradiar salud y alegr\u00eda. Cuando en este proceso de purificaci\u00f3n y clarificaci\u00f3n se liberan las energ\u00edas estancadas, sus contenidos aparecen una vez m\u00e1s en nuestra conciencia. Con ello podemos vivir de nuevo las mismas sensaciones que causaron el bloqueo: nuestras angustias, nuestra ira y nuestro dolor. Las enfermedades corporales pueden aflorar por \u00faltima vez antes de ser totalmente limpiadas. Durante estos procesos probablemente nos sintamos intranquilos, excitados o incluso muy cansados. Tan pronto como las energ\u00edas tienen el camino expedito, retornan a nosotros una profunda alegr\u00eda, serenidad y claridad.<\/p>\n<p>De hecho, los bloqueos de nuestro sistema energ\u00e9tico s\u00f3lo se purifican en la medida en que, desde nuestra posici\u00f3n estamos dispuestos a mirar de cara a la parte m\u00e1s indeseada y reprimida de nosotros mismos, y a redimirla mediante nuestra sabidur\u00eda y comprensi\u00f3n. La actitud interior de la aceptaci\u00f3n incondicional, que lleva a una distensi\u00f3n completa. Distensi\u00f3n supone lo opuesto, el remedio contra la tensi\u00f3n, contra la contracci\u00f3n, y contra el bloqueo. Mientras rechacemos consciente o inconscientemente cualquier \u00e1mbito de nosotros mismos, mientras nos enjuiciemos a nosotros mismos, y, por ende, condenemos y rechacemos partes de nosotros mismos, se mantendr\u00e1 una tensi\u00f3n que impide la distensi\u00f3n completa y, por lo tanto, la disoluci\u00f3n de los bloqueos. No obstante, la actitud de aceptaci\u00f3n incondicional exige mucha honradez y valor. Honradez significa en este contexto la disposici\u00f3n de vernos con todas nuestras debilidades y pesimidad, y no tal como nos gustar\u00eda vernos. Valor es la disposici\u00f3n de aceptar lo observado. Es el valor de decir s\u00ed a todo sin excluir nada. Pero si fuera solo esto, seria f\u00e1cil. Tu mente, no diferencia plenamente en tu y otros, por lo tanto todo el trabajo interior tiene que ser tambi\u00e9n exterior, es decir, con respecto a los dem\u00e1s.<\/p>\n<p>Hemos asumido en nosotros los juicios de nuestros familiares y amigos para asegurarnos su cari\u00f1o y aprobaci\u00f3n. Hemos reprimido determinadas emociones y deseos nuestros para satisfacer las expectativas de la sociedad, de un grupo o de una imagen de nosotros mismos. Abandonar esto significa orientarnos interiormente y de forma absoluta hacia nosotros y perder el cari\u00f1o y el reconocimiento de los dem\u00e1s. Pero es \u00fanicamente el acto del rechazo, de la negaci\u00f3n, el que permite que las energ\u00edas nuestras adopten manifestaciones negativas. Las emociones reprimidas solo se convierten en \u201cmalas\u201d porque las rechazamos, en lugar de afrontarlas con comprensi\u00f3n. Cuanto m\u00e1s violentamente sean rechazadas, tanto \u201cpeores\u201d y mortificantes ser\u00e1n, hasta que en alg\u00fan momento las liberemos de su c\u00e1rcel mediante nuestra comprensi\u00f3n y sabidur\u00eda.<\/p>\n<p>Detr\u00e1s de todo est\u00edmulo sentimental est\u00e1, en \u00faltimo t\u00e9rmino, el ansia de reconquistar la unidad. Sin embargo, tan pronto como nos adaptamos a la visi\u00f3n predominante del mundo y s\u00f3lo aceptamos la realidad que puede percibirse a trav\u00e9s de nuestros sentidos f\u00edsicos y de la comprensi\u00f3n racional, este deseo de comuni\u00f3n, de unificaci\u00f3n con la vida, se convierte en una voluntad de poseer. Nuestra ansia de poseer una persona, una posici\u00f3n, amor y reconocimiento y bienes materiales, sin embargo, se ve decepcionada una y otra vez, o a la larga no se satisface seg\u00fan lo esperado, puesto que tal satisfacci\u00f3n solo puede alcanzarse mediante una uni\u00f3n interior. Por miedo a una nueva decepci\u00f3n reprimimos nuestras energ\u00edas: nuestro sistema energ\u00e9tico se bloquea. Las energ\u00edas que afluyen posteriormente son distorsionadas por el bloqueo y se manifiestan como emociones negativas, que a su vez tratamos, una vez m\u00e1s, de reprimir y retener para no perder la simpat\u00eda de nuestros cong\u00e9neres.<\/p>\n<p>Podemos interrumpir este c\u00edrculo si dedicamos toda nuestra atenci\u00f3n a nuestras emociones. En ese mismo momento comienzan a transformarse, pues, finalmente, reconocemos que son sencillamente energ\u00edas que han surgido del ansia de unidad, y que fueron bloqueadas en su manifestaci\u00f3n original. Ahora se convierten en una fuerza que nos ayuda a continuar en el camino hacia la totalidad. Existe una analog\u00eda sencilla que puede aclarar estas relaciones. Si tienes miedo de una persona y la rehuyes, nunca la conocer\u00e1s en todo su ser al completo. Si, por el contrario, le dedicas tu atenci\u00f3n y le haces sentir tu comprensi\u00f3n, ir\u00e1 abri\u00e9ndose a ti paulatinamente. Conocer\u00e1s que tras sus comportamientos, que t\u00fa has interpretado como ofesivo, no hay otra cosa que el ansia de satisfacci\u00f3n decepcionada. Tu comprensi\u00f3n le ayudar\u00e1 a recorrer el camino hacia una satisfacci\u00f3n real, igual que a ti.<\/p>\n<p>La actitud de la aceptaci\u00f3n sin prejuicios se corresponde con la postura de nuestro yo. Al asumirla conscientemente para nosotros, nos abrimos a una existencia completa, sana e integral. \u00c9l yo es ilimitado en el espacio y en el tiempo. Por ello tiene acceso en todo momento al conocimiento integral que afecta a nuestra vida personal. Si nos confiamos nos conducir\u00e1 por la v\u00eda m\u00e1s recta y directa hacia la unidad interior, y los bloqueos existentes en nuestro sistema energ\u00e9tico se disolver\u00e1n de la forma m\u00e1s suave posible. Si comprendemos estas relaciones, podremos hacer que las formas de todas las experiencias que aparecen aun cuando sea un momento desagradable o negativo; dedicarles la atenci\u00f3n neutral, la comprensi\u00f3n y la comunicaci\u00f3n a ellos.<\/p>\n<p>Existen formas de meditaci\u00f3n que pueden ayudarte a practicar esta actitud de la aceptaci\u00f3n, a disolver bloqueos y a admitir las energ\u00edas autocurativas de tu yo superior. Una de estas t\u00e9cnicas de meditaci\u00f3n, que podemos recomendarte por experiencia propia, es la meditaci\u00f3n trascendental, tambi\u00e9n conocida por su abreviatura MT. Aqu\u00ed la conciencia es guiada sin ning\u00fan esfuerzo o concentraci\u00f3n de ning\u00fan tipo por la v\u00eda m\u00e1s directa hacia la experiencia del ser puro. Este proceso se ve acompa\u00f1ado de una relajaci\u00f3n creciente en el que se disuelven por s\u00ed solas las energ\u00edas bloqueadas. Los pensamientos y emociones liberados no son rechazados, sino sustituidos continuamente por la experiencia de la relajaci\u00f3n y la alegr\u00eda crecientes. Con esta meditaci\u00f3n tienes en tus manos un instrumento maravilloso y altamente eficaz que, utilizado correctamente, representa por si mismo una v\u00eda para activar tus chakras de forma arm\u00f3nica, para purificar tu sistema energ\u00e9tico de todo bloqueo y para explorar todo tu potencial intelectual y an\u00edmico. Sin embargo, esta forma de meditaci\u00f3n s\u00f3lo puede aprenderse a trav\u00e9s de un maestro cualificado.<\/p>\n<p>Tambi\u00e9n hay otras formas de meditaci\u00f3n que pueden ayudarte en tu camino. Ten solamente en cuenta que, en la meditaci\u00f3n que elijas, tus pensamientos y sentimientos no sean enjuiciados y rechazados, sino integrados como parte del necesario proceso de depuraci\u00f3n. Incluso en las formas m\u00e1s eficaces y naturales de meditaci\u00f3n puede suceder que, debido al h\u00e1bito, se cuele siempre alg\u00fan juicio. Hasta las experiencias que resultan de la disoluci\u00f3n de los bloqueos a menudo pueden reprimirse inconscientemente, puesto que se han sentido como desagradables. Esto puede hacer perder la imparcialidad, y la eficacia de la meditaci\u00f3n se resentir\u00e1.<\/p>\n<p>Tan pronto como hayas aprendido a amarte y a aceptarte enteramente, tal como eres, irradiar\u00e1s estas vibraciones a trav\u00e9s de tu aura, y atraer\u00e1s las experiencias y vivencias correspondientes en el mundo exterior. Comienzan a valorarte tal como eres en tu aut\u00e9ntica esencia, y por tu valor de ser t\u00fa mismo. La comprensi\u00f3n y la comuni\u00f3n aut\u00e9nticas s\u00f3lo son posibles bajo esta premisa. En tu camino hacia una existencia integral puede haber fases en las que tus chakras est\u00e9n muy abiertos sin que hayas disuelto por ello todos los bloqueos. Entonces eres muy sensible a las energ\u00edas que entran en tu entorno, una atm\u00f3sfera tensa en la que predominen las vibraciones de insatisfacci\u00f3n, hostilidad o agresividad, tus chakras pueden cargarse con energ\u00edas negativas, o contraerse para protegerse de esos influjos.<\/p>\n<p>Tan pronto como los campos de dos personas se tocan o se solapan se produce un intercambio inmediato y un influenciamiento mutuo de las energ\u00edas. Inconscientemente percibimos al otro de forma energ\u00e9tica, tanto si queremos como si no. Cuando una persona nos resulta simp\u00e1tica o antip\u00e1tica espont\u00e1neamente, en gran parte se debe a las vibraciones energ\u00e9ticas que experimentamos. Si sentimos miedo, insatisfacci\u00f3n o ira, estas vibraciones no s\u00f3lo influyen en la imagen que tenemos de ella, sino tambi\u00e9n en nuestro propio sistema energ\u00e9tico. Cuando, sin raz\u00f3n aparente, te sientes tenso o inc\u00f3modo en presencia de una persona; e incluso tienes la sensaci\u00f3n de que todo se contrae dentro de ti, la raz\u00f3n est\u00e1 en la irradiaci\u00f3n de los campos. En un grupo de personas que se han reunido para un fin determinado, el campo psienergico colectivo que surge puede ejercer un efecto tan intenso que todos los miembros del grupo sean cambiados por ella. Baste pensar en el ambiente contagioso que se produce con tanta frecuencia entre los espectadores de un partido de f\u00fatbol o en momentos de oraci\u00f3n en una iglesia.<\/p>\n<p>Tambi\u00e9n los lugares tienen su propia irradiaci\u00f3n, puesto que la materia puede almacenar vibraciones. Esto ocurre muy especialmente en los espacios cerrados. Creemos que al tratar con ni\u00f1os peque\u00f1os es particularmente importante comprender estas relaciones. El sistema energ\u00e9tico de estos peque\u00f1os seres a\u00fan es completamente sensible a todo tipo de vibraciones energ\u00e9ticas. Reacciona de forma particularmente sensible a todo pensamiento y a cualquier sentimiento. Aqu\u00ed la cercan\u00eda corporal a uno de los progenitores o a una persona de referencia con quien est\u00e9 familiarizado representa una valiosa protecci\u00f3n: por ejemplo, cuando el ni\u00f1o se expone a vibraciones ajenas al salir de compras. EL aura del adulto act\u00faa como un parachoques que capta y absorbe las vibraciones. Por esta raz\u00f3n, es mejor llevar a un ni\u00f1o de la mano que dejarlo en un cochecito de beb\u00e9.<\/p>\n<p>Nosotros los adultos tambi\u00e9n podemos contribuir mucho a que nuestros propios chakras y los chakras de nuestros hijos permanezcan distendidos y abiertos. Cuando nosotros atraemos fundamentalmente aquellas vibraciones y situaciones que se corresponden con nuestra propia radiaci\u00f3n energ\u00e9tica, tambi\u00e9n poseemos un cierto espacio de actuaci\u00f3n para configurar conscientemente nuestra vida en el aspecto exterior. Por ejemplo, podemos participar en actividades en las que se genere una atm\u00f3sfera de alegr\u00eda y juego, podemos visitar lugares que irradien una energ\u00eda renovadora, e incluso podemos crear el encantamiento de un lugar semejante en nuestra propia casa. Los colores estimulantes, las flores, los aromas y la m\u00fasica contribuyen mucho a conseguir una atm\u00f3sfera arm\u00f3nica y favorecedora de la vida. Al elegir el programa de televisi\u00f3n, las conversaciones y las actividades que desarrollamos entre nuestras cuatro paredes, podemos poner unos acentos determinados y crear una atm\u00f3sfera en la que el sistema energ\u00e9tico de todas las personas que se encuentran entre ellas se recuperen y se relajen.<\/p>\n<p>Tambi\u00e9n en el plano interno puedes hacer algo para protegerte especialmente de las influenciadas indeseadas provenientes del entorno. Te recomendamos que pongas una especial atenci\u00f3n en la terapia para abrir el chakra del coraz\u00f3n, puesto que la comprensi\u00f3n que irradias hacia afuera es capaz de neutralizar o de transformar todas las vibraciones. Aqu\u00ed hay un desaf\u00edo especial para desarrollar tu amor conjuntamente con otras facultades. Adem\u00e1s, al desarrollar tu chakra del coraz\u00f3n ir\u00e1s conociendo y valorando m\u00e1s cada vez a otras personas, y autom\u00e1ticamente dejar\u00e1s entrar en ti s\u00f3lo esas vibraciones. Mediante estas cualidades se potenciar\u00e1n y activar\u00e1n al mismo tiempo en las otras personas. As\u00ed, cada encuentro puede convertirse en un enriquecimiento para ambas partes.<\/p>\n<p>Cuando quieras protegerte en una situaci\u00f3n o intensificar tu propia influencia, imag\u00ednate que introduces luz en tu cuerpo a trav\u00e9s de tu chakra coronal, y deja mentalmente que esa luz vuelva a irradiar desde tu chakra del plexo solar, envolviendo a tu cuerpo en un mando protector luminoso que disolver\u00e1 todas las influencias. Tambi\u00e9n puedes imaginarte la radiaci\u00f3n luminosa procedente del chakra del plexo solar como si fuera un foco o un proyector que transmuta a su paso todas las vibraciones.<br \/>\nEstas son algunas de las pr\u00e1cticas del sistema f\u00e9nico .<br \/>\nAtentamente<br \/>\nCristi\u00e1n Sep\u00falveda<\/p>\n<p> <span style=\"font-size: 12pt;\"><strong><\/strong><\/span><\/p>\n<table>\n<tr>\n<td style=\"width: 24px;padding: 0px,5px,0px,5px;border-top: 0px solid rgb(102000,76500,0);border-right: 0px solid rgb(102000,76500,0);border-bottom: 0px solid rgb(102000,76500,0);border-right: 0px solid rgb(102000,76500,0);margin: 0px,0px,0px,0px;\"> <span style=\"font-size: 12pt;\"><\/span>\n<\/td>\n<td style=\"width: 644px;padding: 0px,5px,0px,5px;border-top: 0px solid rgb(102000,76500,0);border-right: 0px solid rgb(102000,76500,0);border-bottom: 0px solid rgb(102000,76500,0);border-right: 0px solid rgb(102000,76500,0);margin: 0px,0px,0px,0px;\"><span style=\"font-size: 12pt;\"><a href=\"http:\/\/xoomij.multiply.com\/journal\/item\/66\/CICLO_AUDIOVISUAL_DE_ETNOMUSICOLOGIA_VOCES_Y_DANZAS_DEL_MUNDO\">CICLO AUDIOVISUAL DE ETNOMUSICOLOGIA VOCES Y DANZAS DEL MUNDO<\/a><\/span>\n<\/td>\n<td style=\"width: 132px;padding: 0px,5px,0px,5px;border-top: 0px solid rgb(102000,76500,0);border-right: 0px solid rgb(102000,76500,0);border-bottom: 0px solid rgb(102000,76500,0);border-right: 0px solid rgb(102000,76500,0);margin: 0px,0px,0px,0px;\">\n<span style=\"font-size: 12pt;\"><\/span><\/p>\n<table>\n<tr>\n<td colspan=2 style=\"vertical-align:top;width: 800px;padding: 0px,5px,0px,5px;border-top: 0px solid rgb(102000,76500,0);border-right: 0px solid rgb(102000,76500,0);border-bottom: 0px solid rgb(102000,76500,0);border-right: 0px solid rgb(102000,76500,0);margin: 0px,0px,0px,0px;\"><span style=\"font-size: 12pt;\"><a href=\"http:\/\/1.bp.blogspot.com\/_dBk-JHpJgws\/TA0VycSAlAI\/AAAAAAAADnY\/SoQ_GU72h-k\/s1600\/milarepa.jpg\"><img loading=\"lazy\" src=\"http:\/\/vivesur.com\/wpblog\/wp-content\/uploads\/2011\/09\/wpid-milarepa-2011-09-22-00-48.jpg\" alt=\"wpid-milarepa-2011-09-22-00-48.jpg\" width=\"400\" height=\"300\" \/><\/a><\/span><\/p>\n<p><span style=\"text-decoration: underline;\"><a href=\"http:\/\/www.youtube.com\/user\/XOOMIJ\">CICLO AUDIOVISUAL DE ETNOMUSICOLOGIA VOCES Y DANZAS DEL MUNDO<\/a><\/span><br \/>\nVoces Arm\u00f3nicas X\u00f6\u00f6mij<br \/>\nESTIMADOS AMIGOS ,CON EL FIN DE DIFUNDIR NUESTRA INVESTIGACION EN EL CAMPO DE LA ETNOMUSICOLOGIA ,LOS INVITAMOS AFABLEMENTE A DESCUBRIR LA MUSICA TRADICIONAL DE LOS PUEBLOS DEL MUNDO INDIGENA A TRAVES DE UNA SERIE DE ENCUENTROS AUDIOVISUALES DONDE EXPLORAREMOS EN PROFUNDIDAD EXPRESIONES MUSICALES CASI DESCONOCIDAS DE LA HUMANIDAD.<\/p>\n<p>1. EL ALMA SUFI-MUSICAS DE EXTASIS Y SANACION EN MARRUECOS , EGIPTO , TURQUIA ,SYRIA ,PAKISTAN Y BALUCHISTAN<br \/>\n2.AFROCOLOMBIA -MUSICAS DE PALENQUE DE SAN BASILIO-BULLERENGUE , CUMBIA, CHALUPA ,BAILE DE MUERTO Y SEXTETO<br \/>\n3.CHILE CENTRAL &#8211; CALENDARIO RITUAL DE LOS BAILES CHINOS DEL VALLE DE ACONCAGUA Y LAS CALETAS DE PESCADORES DE LA QUINTA REGION<br \/>\n4.SIBERIA -MONGOLIA &#8211; TUVA- LA MUSICA Y EL TRANCE ENTRE SHAMANES , LAMAS Y CANTORES ARMONICOS XOOMIJ<br \/>\n5.AMAZONAS &#8211; HETEROFONIAS VOCALES Y CLARINETES TULE -WAYAPI -WAYANA &#8211; ASURINI &#8211; ARARA &#8211; KAMAYURA<br \/>\n6.CUBA -LOS ORIGENES DEL MAMBO &#8211; EL TAMBOR YUKA &#8211; ARSENIO RODRIGUEZ &#8211; ORQUESTA CASINO DE LA PLAYA &#8211; PEREZ PRADO<br \/>\n7.LOS ANDES &#8211; CALENDARIO MUSICAL DE LOS VALLES CENTRALES &#8211; BOLIVIA Y PERU<br \/>\n8.LA MUSICA GITANA &#8211; UN VIAJE AUDIOVISUAL POR RAJASTHAN , MARRUECOS , EGIPTO , TURQUIA , RUMANIA , ESPA\u00d1A<br \/>\n9.EL CANTO ARMONICO ALREDEDOR DEL MUNDO- UN VIAJE SONORO POR ASIA CENTRAL ,VIETNAM ,INDONESIA , AFRICA , CANADA Y CHILE<br \/>\n10.\u00a0POLIFONIAS VOCALES E INSTRUMENTALES DE AFRICA CENTRAL<br \/>\n11.MUSICA AFROCUBANA -CONGOS &#8211; ABAKUA -ORU DE IGBODU -IYESA-ARARA-TAMBOR YUKA -FIESTA DE BEMBE -TUMBA FRANCESA &#8211; CHANGUI<br \/>\n12.SIBERIA &#8211; UN SENDERO MUSICAL DESDE LOS TAMBORES DE DANZA KORJAK EN KAMTCHATKA HASTA LOS CANTOS EPICOS Y ARMONICOS KALMUK<br \/>\n13.TIBET &#8211; UN VIAJE SONORO DESDE LOS BONPOS HASTA EL TANTRA DE GYUTO<br \/>\n14.BULGARIA &#8211; ALBANIA , MUSICAS DE TRADICION PASTORAL<br \/>\n15.CUBA &#8211; LOS ORIGENES DEL SON &#8211; DESDE LA FAMILIA VALERA MIRANDA HASTA EL DUO LOS COMPADRES<br \/>\n16.INDIA DEL SUR -DRAMAS DANZADOS BHARATANATYAM-TERU KOOTHU -YAKSHAGAN Y TEATRO KATHAKALI DE KERALA<br \/>\n17.INDIA DEL NORTE -TRADICION VOCAL E INSTRUMENTAL VIAJANDO POR EL RIO GANGES<br \/>\n18.MUSICA POPULAR BRASILEIRA -MPB- UN RECORRIDO POR NOEL ROSA . DORIVAL CAYMMI , JOAO GILBERTO Y LUIS GONZAGA<br \/>\n19.BALUCHISTAN &#8211; LA TRADICION VOCAL E INSTRUMENTAL<br \/>\n20.CUBA &#8211; LAS ORQUESTAS AFROCUBANAS DESDE 1934 HASTA 1959.<\/p>\n<p><span style=\"font-size: 12pt;\"><\/span><\/td>\n<\/tr>\n<\/table>\n<\/td>\n<\/tr>\n<\/table>\n<\/td>\n<\/tr>\n<\/table>\n<\/td>\n<\/tr>\n<\/table>\n<\/td>\n<\/tr>\n<\/table>\n<\/td>\n<\/tr>\n<\/table>\n<\/td>\n<\/tr>\n<\/table>\n<\/td>\n<\/tr>\n<\/table>\n<\/td>\n<\/tr>\n<\/table>\n<\/td>\n<\/tr>\n<\/table>\n","protected":false},"excerpt":{"rendered":"<p>EL PODER DE NUESTRA VOZ como instrumento terap\u00e9utico La voz es una herramienta imprescindible en el rito del desahogo y en el alivio del dolor f\u00edsico o ps\u00edquico. La emisi\u00f3n&hellip; <a href=\"https:\/\/www.vivesur.com\/wpblog\/el-poder-de-nuestra-voz\/\" class=\"apace-readmore-link\">Read more<\/a><\/p>\n","protected":false},"author":1,"featured_media":0,"comment_status":"open","ping_status":"open","sticky":false,"template":"","format":"standard","meta":[],"categories":[1,8],"tags":[],"_links":{"self":[{"href":"https:\/\/www.vivesur.com\/wpblog\/wp-json\/wp\/v2\/posts\/2406"}],"collection":[{"href":"https:\/\/www.vivesur.com\/wpblog\/wp-json\/wp\/v2\/posts"}],"about":[{"href":"https:\/\/www.vivesur.com\/wpblog\/wp-json\/wp\/v2\/types\/post"}],"author":[{"embeddable":true,"href":"https:\/\/www.vivesur.com\/wpblog\/wp-json\/wp\/v2\/users\/1"}],"replies":[{"embeddable":true,"href":"https:\/\/www.vivesur.com\/wpblog\/wp-json\/wp\/v2\/comments?post=2406"}],"version-history":[{"count":0,"href":"https:\/\/www.vivesur.com\/wpblog\/wp-json\/wp\/v2\/posts\/2406\/revisions"}],"wp:attachment":[{"href":"https:\/\/www.vivesur.com\/wpblog\/wp-json\/wp\/v2\/media?parent=2406"}],"wp:term":[{"taxonomy":"category","embeddable":true,"href":"https:\/\/www.vivesur.com\/wpblog\/wp-json\/wp\/v2\/categories?post=2406"},{"taxonomy":"post_tag","embeddable":true,"href":"https:\/\/www.vivesur.com\/wpblog\/wp-json\/wp\/v2\/tags?post=2406"}],"curies":[{"name":"wp","href":"https:\/\/api.w.org\/{rel}","templated":true}]}}