{"id":2381,"date":"2011-09-20T09:12:02","date_gmt":"2011-09-20T07:12:02","guid":{"rendered":"http:\/\/vivesur.com\/wpblog\/?p=2381"},"modified":"2011-09-20T09:12:02","modified_gmt":"2011-09-20T07:12:02","slug":"martes-20-de-septiembre-de-2011","status":"publish","type":"post","link":"https:\/\/www.vivesur.com\/wpblog\/martes-20-de-septiembre-de-2011\/","title":{"rendered":"Martes 20 de Septiembre de 2011"},"content":{"rendered":"<p>Martes 20 de Septiembre de 2011<br \/>\n<span style=\"font-size: 12pt;\"><img loading=\"lazy\" src=\"http:\/\/vivesur.com\/wpblog\/wp-content\/uploads\/2011\/09\/wpid-image006-2011-09-20-09-12.png\" alt=\"wpid-image006-2011-09-20-09-12.png\" width=\"651\" height=\"431\" \/><\/span><br \/>\n<strong>Lo que t\u00fa sabes que debe suceder<br \/>\n<\/strong><br \/>\nAtr\u00e9vete y convi\u00e9rtete en la persona que est\u00e1s destinada a ser. Atr\u00e9vete y vive intensamente la riqueza de todo lo que yace en este instante.<\/p>\n<p>Tus m\u00e1s aut\u00e9nticas metas e intenciones son las que te han tra\u00eddo hasta este punto. Esas mismas intenciones siguen haci\u00e9ndote avanzar ahora, con la misma certeza de entonces.<\/p>\n<p>Todo aquello que t\u00fa sepas que vas a generar, en ese instante est\u00e1 tomando forma. Todo aquello que t\u00fa sabes que es posible, ya ha comenzado a suceder.<\/p>\n<p>No hay necesidad de luchar para hacer que las cosas pasen. Aquellas cosas por las que tendr\u00edas que luchar de todas maneras no tendr\u00edan demasiado sentido.<\/p>\n<p>En cambio, conc\u00e9ntrate en las cosas concretas, valiosas, plenas de sentido a las que podr\u00edas dar lugar con una actitud amorosa y agradecida. Con tus pensamientos, acciones y energ\u00eda, dale vida a aquello que ya sabes que es bueno, que vale la pena y que es aut\u00e9ntico.<\/p>\n<p>La vida que real y fervientemente anhelas est\u00e1 lista para que t\u00fa le des lugar, permiti\u00e9ndole hacerse realidad. Lo que t\u00fa sabes que debes llegar, ya est\u00e1 en camino.<\/p>\n<p>*\u00b4\u00a8)<br \/>\n\u00b8.\u2022\u00b4\u00b8.\u2022*\u00b4\u00a8) \u00b8.\u2022*\u00a8)<br \/>\n(\u00b8.\u2022\u00b4 <strong>Paz y Amor<\/strong> (\u00b8.\u2022`<\/p>\n<p><strong>LECCI\u00d3N 263 \u2013 Mi santa visi\u00f3n ve la pureza de todas las cosas.<br \/>\n<\/strong><br \/>\nPadre, Tu Mente cre\u00f3 todo cuanto existe, Tu Esp\u00edritu se adentro en ello y Tu Amor le infundi\u00f3 vida.\u00bfY voy yo acaso a contemplar lo que T\u00fa creaste como si en ello pudiese anidar el pecado? No quiero percibir im\u00e1genes tan tenebrosas y atemorizantes. Es imposible que yo pueda preferir el sue\u00f1o de un loco a toda la hermosura con la que t\u00fa bendijiste la creaci\u00f3n; a toda su pureza y dicha, as\u00ed como a su eterna y serena morada en Ti.<\/p>\n<p>Y mientras todav\u00eda nos encontremos ante las puertas del Cielo, contemplemos todo cuanto veamos a trav\u00e9s de una visi\u00f3n santa y de los ojos de Cristo. Permite que todas las apariencias nos parezcan puras, para que podamos pasarlas de largo con inocencia, y dirigirnos juntos a la casa de nuestro Padre como hermanos y como los santos Hijos de Dios que somos.<\/p>\n<p>*\u00b4\u00a8)<br \/>\n\u00b8.\u2022\u00b4\u00b8.\u2022*\u00b4\u00a8) \u00b8.\u2022*\u00a8)<br \/>\n(\u00b8.\u2022\u00b4 <strong>Paz y Amor<\/strong> (\u00b8.\u2022`<\/p>\n<p>Pensamiento del martes 20 de septiembre de 2011.<\/p>\n<p>&#8220;La sabidur\u00eda nos indica el camino hacia lo alto, porque no es<br \/>\nabajo, a nivel del suelo, d\u00f3nde se adquiere un buen conocimiento<br \/>\nde las cosas. Aqu\u00e9l que quiere ver lo que pasa en el valle, debe<br \/>\nsubir hasta una cima; una vez arriba, no s\u00f3lo ve, sino que est\u00e1<br \/>\nprotegido, los enemigos no pueden alcanzarle. Si os acostumbr\u00e1is<br \/>\na meditar en la imagen de la cima, un d\u00eda lograr\u00e9is reuniros con<br \/>\nAqu\u00e9l que los Salmos llaman el Alt\u00edsimo. Entonces, incluso en<br \/>\nmedio de la tempestad, algo en vosotros ser\u00e1 capaz de permanecer<br \/>\nah\u00ed, en las alturas donde nada puede perjudicaros.<br \/>\nLa sabidur\u00eda, la luz atrae los seres hacia lo alto. De momento,<br \/>\nlas penas y las dificultades son las que les hacen reflexionar y<br \/>\nser m\u00e1s sabios. Pero este periodo pasar\u00e1, y un d\u00eda ser\u00e1 el gozo,<br \/>\nla sonrisa y la alegr\u00eda las que acompa\u00f1ar\u00e1n a la sabidur\u00eda.&#8221;<\/p>\n<p>Omraam Mikha\u00ebl <strong>A\u00efvanhov<\/strong><\/p>\n<p>*\u00b4\u00a8)<br \/>\n\u00b8.\u2022\u00b4\u00b8.\u2022*\u00b4\u00a8) \u00b8.\u2022*\u00a8)<br \/>\n(\u00b8.\u2022\u00b4 <strong>Paz y Amor<\/strong> (\u00b8.\u2022`<\/p>\n<p>La Sincronicidad sigue una serie de principios universales basados en una matriz matem\u00e1tica. Esta matriz es la estructura primaria que conecta todos los eventos, la gente y la realidad tal como la conocemos. Cuanto m\u00e1s nos sintonicemos con esta matriz, m\u00e1s experimentaremos el orden sincr\u00f3nico. Este es el prop\u00f3sito del calendario de 13 Lunas de 28 d\u00edas. Los siguientes son algunos ejemplos de c\u00f3mo puede ser le\u00eddo el orden sincr\u00f3nico en una forma diaria. Si eres nuevo en esto, por favor mira el tutorial de las 13 Lunas.<\/p>\n<p>Sincronicidades del Viajero Estelar<\/p>\n<p>A\u00f1o del Mago R\u00edtmico Blanco<\/p>\n<p>Luna El\u00e9ctrica del Venado del Servicio<\/p>\n<p>Luna 3 de las 13 Lunas<\/p>\n<p>(20 Sept. \u2013 17 Oct. 2011)<\/p>\n<p>En la Luna El\u00e9ctrica nos preguntamos, &#8220;\u00bfC\u00f3mo puedo servir mejor?&#8221; Ya que identificamos nuestro prop\u00f3sito en la primera Luna e identificamos los desaf\u00edos u obst\u00e1culos en la segunda Luna, ahora es el tiempo de considerar exactamente c\u00f3mo vamos a servir mejor a la gran totalidad, lograr nuestra visi\u00f3n m\u00e1s elevada para este a\u00f1o del Mago R\u00edtmico Blanco. El animal t\u00f3tem para la Luna El\u00e9ctrica es el Venado, que representa la delicadeza, la belleza, la gracia y la sinton\u00eda con la naturaleza\u2026<\/p>\n<p>N S 1. 24. 3. 1. Dali. Onix. Mantra: OM. Corona (martes 20-9-2011)<\/p>\n<p><strong>PERRO PLANETARIO BLANCO \u2013 Kin 10<\/strong><\/p>\n<p>N S 1. 24. 3. 1. Dali. Onix. Mantra: OM. Corona (martes 20-9-2011)<\/p>\n<p>PERRO PLANETARIO BLANCO \u2013 Kin 10<\/p>\n<p>PERRO: Acci\u00f3n: AMAR. Poder: CORAZ\u00d3N. Esencia: LEALTAD.<\/p>\n<p>PLANETARIO: Acci\u00f3n: PRODUCIR  Poder: PERFECCIONAR. Esencia: MANIFESTACI\u00d3N.<\/p>\n<p>La C\u00e1mara Planetaria, manifiesta el desaf\u00edo. La acci\u00f3n y el desaf\u00edo se encuentran.<\/p>\n<p>Luna El\u00e9ctrica del Venado del Servicio, \u201cEl Poder del Amor evoluciona el Poder de la Profec\u00eda\u201d .Heptada 9 roja \u201cEl Arte evoluciona el Amor\u201d. Llega el Perro y sabemos que la lealtad, el amor y el coraz\u00f3n siempre deben estar activados para poder vivir y mirar  frente a frente  a otro ser humano y decirle\u201dIN LAK\u2019EHC\u201d \u201cYo soy otro t\u00fa\u201d. Sin tener que esconder la mirada porque es cierto lo que sientes. Si todos nos creemos iguales y actuamos de esa manera, no hay nada que esconder e iremos por la vida siempre sonriendo, felices y dando la mano a quien la necesita. La mente nada ocultar\u00e1 y la armon\u00eda reinar\u00e1 en todo y en todos. Este es el objetivo del Nuevo Tiempo, y hacia all\u00ed vamos caminando toda la humanidad. Nos perfeccionamos cuando entramos muy adentro y sabemos quien es cada uno, empezando por uno mismo. EL AMOR ES LA CLAVE DEL HUMANO NOOSF\u00c9RICO QUE NADA TIENE QUE OCULTAR. TODAS SUS CUALIDADES SALEN A LA LUZ Y TODOS LAS COMPARTIMOS. \u00a1ESTE ES EL SIGUIENTE PROCESO QUE LA TIERRA EST\u00c1 A PUNTO DE COMENZAR Y CADA UNO PUEDE AYUDAR A QUE SE DE CON M\u00c1S FUERZA<\/p>\n<p>UN DIA PERRO (OC):<\/p>\n<p>MUY BUEN DIA PARA ESTAR CON LOS AMIGOS, LA FAMILIA, LA PAREJA Y PARA SER LEALES EN TODO LO QUE HAGAMOS. MOMENTO PARA SERVIR, COOPERAR Y TRABAJAR.<\/p>\n<p>FUI CREADO EN EL AMOR Y EN EL AMOR HE DE MORAR, \u00bfQUE PODR\u00cdA ASUSTARME SI DEJO QUE TODAS LAS COSAS SEAN EXACTAMENTE COMO SON?<\/p>\n<p>Eres una expresi\u00f3n del amor en este universo, solo a trav\u00e9s del amor pudiste ser creado, todo lo que existe es una expresi\u00f3n del amor de Dios. El simple hecho de que existes es una indicaci\u00f3n de lo importante que eres en este universo, de cuan amado eres, si no fueras profundamente amado, no existir\u00edas. Si tu no existieras, el universo estar\u00eda incompleto. Cuando entiendes esto ya no intentas cambiar nada, eres simplemente una expresi\u00f3n entre las infinitas expresiones de Dios, eres infinitivamente peque\u00f1o y a la vez infinitamente importante, todo lo que haces afecta lo que te rodea, todo lo que haces es una ense\u00f1anza para todo el universo, medita en eso hoy.<\/p>\n<p>*\u00b4\u00a8)<br \/>\n\u00b8.\u2022\u00b4\u00b8.\u2022*\u00b4\u00a8) \u00b8.\u2022*\u00a8)<br \/>\n(\u00b8.\u2022\u00b4 <strong>Paz y Amor<\/strong> (\u00b8.\u2022`<\/p>\n","protected":false},"excerpt":{"rendered":"<p>Martes 20 de Septiembre de 2011 Lo que t\u00fa sabes que debe suceder Atr\u00e9vete y convi\u00e9rtete en la persona que est\u00e1s destinada a ser. Atr\u00e9vete y vive intensamente la riqueza&hellip; <a href=\"https:\/\/www.vivesur.com\/wpblog\/martes-20-de-septiembre-de-2011\/\" class=\"apace-readmore-link\">Read more<\/a><\/p>\n","protected":false},"author":1,"featured_media":0,"comment_status":"open","ping_status":"open","sticky":false,"template":"","format":"standard","meta":[],"categories":[1,8],"tags":[],"_links":{"self":[{"href":"https:\/\/www.vivesur.com\/wpblog\/wp-json\/wp\/v2\/posts\/2381"}],"collection":[{"href":"https:\/\/www.vivesur.com\/wpblog\/wp-json\/wp\/v2\/posts"}],"about":[{"href":"https:\/\/www.vivesur.com\/wpblog\/wp-json\/wp\/v2\/types\/post"}],"author":[{"embeddable":true,"href":"https:\/\/www.vivesur.com\/wpblog\/wp-json\/wp\/v2\/users\/1"}],"replies":[{"embeddable":true,"href":"https:\/\/www.vivesur.com\/wpblog\/wp-json\/wp\/v2\/comments?post=2381"}],"version-history":[{"count":0,"href":"https:\/\/www.vivesur.com\/wpblog\/wp-json\/wp\/v2\/posts\/2381\/revisions"}],"wp:attachment":[{"href":"https:\/\/www.vivesur.com\/wpblog\/wp-json\/wp\/v2\/media?parent=2381"}],"wp:term":[{"taxonomy":"category","embeddable":true,"href":"https:\/\/www.vivesur.com\/wpblog\/wp-json\/wp\/v2\/categories?post=2381"},{"taxonomy":"post_tag","embeddable":true,"href":"https:\/\/www.vivesur.com\/wpblog\/wp-json\/wp\/v2\/tags?post=2381"}],"curies":[{"name":"wp","href":"https:\/\/api.w.org\/{rel}","templated":true}]}}