{"id":2379,"date":"2011-09-19T13:18:56","date_gmt":"2011-09-19T11:18:56","guid":{"rendered":"http:\/\/vivesur.com\/wpblog\/?p=2379"},"modified":"2011-09-19T13:18:56","modified_gmt":"2011-09-19T11:18:56","slug":"luna-muluc-solar-rojo","status":"publish","type":"post","link":"https:\/\/www.vivesur.com\/wpblog\/luna-muluc-solar-rojo\/","title":{"rendered":"Luna (Muluc) Solar Rojo"},"content":{"rendered":"<p><strong>Luna (Muluc) Solar Rojo<br \/>\n<\/strong><\/p>\n<p style=\"text-align: center\"><span style=\"font-size: 16pt;\"><strong>Fecha Gregoriana: 19 de Septiembre del 2011 <\/strong><\/span><\/p>\n<p style=\"text-align: center\"><span style=\"font-size: 16pt;\"><strong>Luna (Muluc) Solar Rojo <\/strong><\/span><\/p>\n<p style=\"text-align: center\"><span style=\"font-size: 12pt;\"><img loading=\"lazy\" src=\"http:\/\/vivesur.com\/wpblog\/wp-content\/uploads\/2011\/09\/wpid-Luna+28Muluc29-2011-09-19-13-18.png\" alt=\"wpid-Luna+28Muluc29-2011-09-19-13-18.png\" width=\"74\" height=\"74\" \/><\/span><\/p>\n<p style=\"text-align: justify\"><span style=\"color: rgb(226,39,23); text-decoration: underline;\"><strong>Descripci\u00f3n del sello (Luna (Muluc)):<\/strong><\/span><\/p>\n<p style=\"text-align: justify\">Muluc es la semilla c\u00f3smica de la conciencia despierta.<\/p>\n<p style=\"text-align: justify\">Cons\u00famela como una fruta y d\u00e9jala que florezca dentro tuyo.<\/p>\n<p style=\"text-align: justify\">Est\u00e1s en la b\u00fasqueda de tu propia memoria, de la semilla de Dios. Si trabajas con la energ\u00eda de Muluc con conciencia clara y con intenci\u00f3n, florecer\u00e1 naturalmente en ti un estado despierto de recordaci\u00f3n. La recordaci\u00f3n significa tener acceso directo a tu presencia expandida a trav\u00e9s de una percepci\u00f3n intr\u00ednseca de la unidad.<\/p>\n<p style=\"text-align: justify\">En el glifo Muluc, nota la vaina protectora c\u00f3smica. Si das vuelta este glifo cabeza abajo, en el borde exterior aparecen como brazos, extendidos para recibir la gu\u00eda Divina. T\u00fa eres la plenitud del despertar, la semilla de Dios. Abre tus brazos a tu Yo Divino para crecer m\u00e1s a\u00fan. Recibir\u00e1s un acceso claro y directo a la gu\u00eda que buscas.<\/p>\n<p style=\"text-align: justify\">El n\u00famero de Muluc es el nueve, que simboliza la recurrencia de los grandes ciclos. Un ejemplo de tal recurrencia es el regreso peri\u00f3dico de los grandes maestros para ayudar a despertar a los seres humanos de la Tierra. El nueve es el n\u00famero del Quetzalcoatl, Buda y Cristo. Muluc es un s\u00edmbolo para los grandes maestros, quienes vinieron a traducir la sabidur\u00eda universal a la humanidad, a corporizar el estado despierto de conciencia que es accesible a todos. Tales maestros sirven como conexi\u00f3n con lo Divino y contienen la promesa del pleno dominio de s\u00ed mismo.<\/p>\n<p style=\"text-align: justify\">El color de Muluc es el color durazno del atardecer, el cual puede ayudarte a recordar tu yo esencial. Usa este color para despertar, tiernamente, la conciencia divina dentro tuyo.<\/p>\n<p style=\"text-align: justify\">Una sombra de Muluc es la tendencia a flotar en el r\u00edo del olvido, sinti\u00e9ndote separado de las claras aguas de la conciencia y la gu\u00eda. A causa de la hipnosis colectiva, puedes haber aceptado, sin pensar, las creencias y valores de tu cultura. Debido a esta ilusi\u00f3n de separaci\u00f3n de lo Divino, esta hipnosis puede haber profundizado tu experiencia de olvidar.<\/p>\n<p style=\"text-align: justify\">Otro aspecto de la sombra de Muluc es la tendencia a dirigir tu vida, primordialmente, por los deseos y necesidades de tu ego, en vez de abrirte a la gu\u00eda de tu yo esencial. <\/p>\n<p style=\"text-align: justify\">Otra sombra de Muluc es la auto desaprobaci\u00f3n. En esta sombra puedes sentir deseos de esconder tu luz, para que te limite la posibilidad de ser visto como el faro que en verdad eres. Esta tendencia puede surgir de tu ni\u00f1o interior t\u00edmido o herido cuya sensibilidad puede haber sido suprimida a trav\u00e9s de experiencias vividas. Esto puede crear un deseo de retirarse o sentimientos de soledad o inseguridad. La otra cara de esta sombra puede hacer que te sobreidentifiques con el rol de faro para los dem\u00e1s. Tales temas muestran lo que hay entre t\u00fa y la expresi\u00f3n clara de lo que eres. La autocr\u00edtica puede estar apoyada en el di\u00e1logo interno, el cual despierta a la conciencia el autoenjuiciamiento negativo, que ha sido inconscientemente separado y depositado en la sombra.<\/p>\n<p style=\"text-align: justify\">En la medida que te yergas en tu propia luz, cumplimentaras naturalmente aquello que viniste a hacer.<\/p>\n<p style=\"text-align: justify\"><span style=\"color: rgb(226,39,23); text-decoration: underline;\"><strong>Descripci\u00f3n del tono (Solar):<\/strong><\/span><\/p>\n<p style=\"text-align: justify\">Tus cualidades al ser tono 9 son la expansi\u00f3n, supremac\u00eda, cumplimentaci\u00f3n. Tienes la energ\u00eda para completar lo que desees, es lo que se te pide, completa tu modelo, tu c\u00edrculo, tus anhelos, porque todo ello es una parte del Gran Modelo Universal. El tono 9 te pide que seas, en lugar de tratar de ser, convi\u00e9rtete en el ser que hace brillar la luz para los otros, eres el humano que muestra el modelo del nuevo mundo. A medida que te expandes deja de lado el viejo modelo que no permite tu crecimiento, trae a la realidad tu sabidur\u00eda interna, completa y expande, en este ciclo tiempo y espacio, pasado y futuro se unen y la vida se completa. S\u00e9 todo lo que eres capaz, cierra el dise\u00f1o de tu propia vida para as\u00ed tambi\u00e9n completar el gran telar universal.<\/p>\n<p><span style=\"color: rgb(226,39,23); text-decoration: underline;\"><strong>Afirmaci\u00f3n del Kin (9):<\/strong><\/span><\/p>\n<ul style=\"list-style-type: disc\">\n<li>Pulso con el fin de Purificar.<\/li>\n<li>Realizando la (el) Flujo.<\/li>\n<li>Sello la (el) Proceso de (del \u00f3 de la) Agua Universal.<\/li>\n<li>Con el tono Solar de (del \u00f3 de la) Intenci\u00f3n.<\/li>\n<li>Soy guiado por el poder de (del \u00f3 de la) Fuerza Vital.<\/li>\n<\/ul>\n<p><span style=\"color: rgb(226,39,23); text-decoration: underline;\"><strong>Or\u00e1culo:<\/strong><\/span><\/p>\n<table>\n<tr>\n<td colspan=2 style=\"vertical-align:baseline;width: 260px;padding: 1px,1px,1px,1px;border-top: 0px solid rgb(-0,3825,0);border-right: 0px solid rgb(-0,3825,0);border-bottom: 0px solid rgb(-0,3825,0);border-right: 0px solid rgb(-0,3825,0);margin: 0px,0px,0px,0px;\" style=\"text-align: center\"><span style=\"font-size: 12pt;\"><img loading=\"lazy\" src=\"http:\/\/vivesur.com\/wpblog\/wp-content\/uploads\/2011\/09\/wpid-Solar-2011-09-19-13-18.png\" alt=\"wpid-Solar-2011-09-19-13-18.png\" width=\"30\" height=\"15\" \/><\/span><\/p>\n<p style=\"text-align: center\"><span style=\"font-size: 12pt;\"><img loading=\"lazy\" src=\"http:\/\/vivesur.com\/wpblog\/wp-content\/uploads\/2011\/09\/wpid-Serpiente+28Chicchan29-2011-09-19-13-18.png\" alt=\"wpid-Serpiente+28Chicchan29-2011-09-19-13-18.png\" width=\"74\" height=\"74\" \/><\/span><\/p>\n<p style=\"text-align: center\"><span style=\"font-size: 12pt;\"><strong>Kin Gu\u00eda<\/strong><\/span><\/p>\n<p style=\"text-align: center\"><span style=\"font-size: 12pt;\"><strong>Serpiente (Chicchan)<\/strong><\/span><\/p>\n<table>\n<tr>\n<td colspan=3 style=\"vertical-align:baseline;width: 120px;padding: 1px,1px,1px,1px;border-top: 0px solid rgb(-0,3825,0);border-right: 0px solid rgb(-0,3825,0);border-bottom: 0px solid rgb(-0,3825,0);border-right: 0px solid rgb(-0,3825,0);margin: 0px,0px,0px,0px;\" style=\"text-align: center\"><span style=\"font-size: 12pt;\"><img loading=\"lazy\" src=\"http:\/\/vivesur.com\/wpblog\/wp-content\/uploads\/2011\/09\/wpid-Solar-2011-09-19-13-181.png\" alt=\"wpid-Solar-2011-09-19-13-181.png\" width=\"30\" height=\"15\" \/><\/span><\/p>\n<p style=\"text-align: center\"><span style=\"font-size: 12pt;\"><img loading=\"lazy\" src=\"http:\/\/vivesur.com\/wpblog\/wp-content\/uploads\/2011\/09\/wpid-Tormenta+28Cauac29-2011-09-19-13-18.png\" alt=\"wpid-Tormenta+28Cauac29-2011-09-19-13-18.png\" width=\"74\" height=\"74\" \/><\/span><\/p>\n<p style=\"text-align: center\"><span style=\"font-size: 12pt;\"><strong>Kin Ant\u00edpoda<\/strong><\/span><\/p>\n<p style=\"text-align: center\"><span style=\"font-size: 12pt;\"><strong>Tormenta (Cauac)<\/strong><\/span><\/p>\n<table>\n<tr>\n<td colspan=2 style=\"vertical-align:baseline;width: 260px;padding: 1px,1px,1px,1px;border-top: 0px solid rgb(-0,3825,0);border-right: 0px solid rgb(-0,3825,0);border-bottom: 0px solid rgb(-0,3825,0);border-right: 0px solid rgb(-0,3825,0);margin: 0px,0px,0px,0px;\" style=\"text-align: center\"><span style=\"font-size: 12pt;\"><img loading=\"lazy\" src=\"http:\/\/vivesur.com\/wpblog\/wp-content\/uploads\/2011\/09\/wpid-Solar-2011-09-19-13-182.png\" alt=\"wpid-Solar-2011-09-19-13-182.png\" width=\"30\" height=\"15\" \/><\/span><\/p>\n<p style=\"text-align: center\"><span style=\"font-size: 12pt;\"><img loading=\"lazy\" src=\"http:\/\/vivesur.com\/wpblog\/wp-content\/uploads\/2011\/09\/wpid-Luna+28Muluc29-2011-09-19-13-181.png\" alt=\"wpid-Luna+28Muluc29-2011-09-19-13-181.png\" width=\"74\" height=\"74\" \/><\/span><\/p>\n<p style=\"text-align: center\"><span style=\"font-size: 12pt;\"><strong>Sello<\/strong><\/span><\/p>\n<p style=\"text-align: center\"><span style=\"font-size: 12pt;\"><strong>Luna (Muluc)<\/strong><\/span><\/p>\n<table>\n<tr>\n<td style=\"vertical-align:baseline;width: 120px;padding: 1px,1px,1px,1px;border-top: 0px solid rgb(-0,3825,0);border-right: 0px solid rgb(-0,3825,0);border-bottom: 0px solid rgb(-0,3825,0);border-right: 0px solid rgb(-0,3825,0);margin: 0px,0px,0px,0px;\" style=\"text-align: center\"><span style=\"font-size: 12pt;\"><img loading=\"lazy\" src=\"http:\/\/vivesur.com\/wpblog\/wp-content\/uploads\/2011\/09\/wpid-Solar-2011-09-19-13-183.png\" alt=\"wpid-Solar-2011-09-19-13-183.png\" width=\"30\" height=\"15\" \/><\/span><\/p>\n<p style=\"text-align: center\"><span style=\"font-size: 12pt;\"><img loading=\"lazy\" src=\"http:\/\/vivesur.com\/wpblog\/wp-content\/uploads\/2011\/09\/wpid-Perro+28Oc29-2011-09-19-13-18.png\" alt=\"wpid-Perro+28Oc29-2011-09-19-13-18.png\" width=\"74\" height=\"74\" \/><\/span><\/p>\n<p style=\"text-align: center\"><span style=\"font-size: 12pt;\"><strong>Kin An\u00e1logo<\/strong><\/span><\/p>\n<p style=\"text-align: center\"><span style=\"font-size: 12pt;\"><strong>Perro (Oc)<\/strong><\/span><\/p>\n<table>\n<tr>\n<td colspan=2 style=\"vertical-align:baseline;width: 260px;padding: 1px,1px,1px,1px;border-top: 0px solid rgb(-0,3825,0);border-right: 0px solid rgb(-0,3825,0);border-bottom: 0px solid rgb(-0,3825,0);border-right: 0px solid rgb(-0,3825,0);margin: 0px,0px,0px,0px;\" style=\"text-align: center\"><span style=\"font-size: 12pt;\"><img loading=\"lazy\" src=\"http:\/\/vivesur.com\/wpblog\/wp-content\/uploads\/2011\/09\/wpid-Entonado-2011-09-19-13-18.png\" alt=\"wpid-Entonado-2011-09-19-13-18.png\" width=\"30\" height=\"15\" \/><\/span><\/p>\n<p style=\"text-align: center\"><span style=\"font-size: 12pt;\"><img loading=\"lazy\" src=\"http:\/\/vivesur.com\/wpblog\/wp-content\/uploads\/2011\/09\/wpid-Humano+28Eb29-2011-09-19-13-18.png\" alt=\"wpid-Humano+28Eb29-2011-09-19-13-18.png\" width=\"74\" height=\"74\" \/><\/span><\/p>\n<p style=\"text-align: center\"><span style=\"font-size: 12pt;\"><strong>Kin Oculto<\/strong><\/span><\/p>\n<p style=\"text-align: center\"><span style=\"font-size: 12pt;\"><strong>Humano (Eb)<\/strong><\/span><\/p>\n<table>\n<tr>\n<td colspan=2 style=\"vertical-align:baseline;width: 260px;padding: 1px,1px,1px,1px;border-top: 0px solid rgb(-0,3825,0);border-right: 0px solid rgb(-0,3825,0);border-bottom: 0px solid rgb(-0,3825,0);border-right: 0px solid rgb(-0,3825,0);margin: 0px,0px,0px,0px;\" style=\"text-align: center\"><span style=\"font-size: 12pt;\"><img loading=\"lazy\" src=\"http:\/\/vivesur.com\/wpblog\/wp-content\/uploads\/2011\/09\/wpid-Solar-2011-09-19-13-184.png\" alt=\"wpid-Solar-2011-09-19-13-184.png\" width=\"30\" height=\"15\" \/><\/span><\/p>\n<p style=\"text-align: center\"><span style=\"font-size: 12pt;\"><strong>Tono: Solar<\/strong><\/span><\/p>\n<p style=\"text-align: center\"><span style=\"font-size: 12pt;\"><img loading=\"lazy\" src=\"http:\/\/vivesur.com\/wpblog\/wp-content\/uploads\/2011\/09\/wpid-Entonado-2011-09-19-13-181.png\" alt=\"wpid-Entonado-2011-09-19-13-181.png\" width=\"30\" height=\"15\" \/><\/span><\/p>\n<p style=\"text-align: center\"><span style=\"font-size: 12pt;\"><strong>Tono Oculto: Entonado\/a<\/strong><\/span><\/p>\n<\/td>\n<\/tr>\n<\/table style=\"text-align: justify\"><span style=\"color: rgb(226,39,23); text-decoration: underline;\"><strong>M\u00e1s Info:<\/strong><\/span><\/p>\n<\/td>\n<\/tr>\n<\/table style=\"text-align: justify\"><span style=\"text-decoration: underline;\"><strong>Acci\u00f3n:<\/strong><\/span> Purifica<\/p>\n<\/td>\n<\/tr>\n<\/table style=\"text-align: justify\"><span style=\"text-decoration: underline;\"><strong>Poder:<\/strong><\/span> Del Agua Universal<\/p>\n<\/td>\n<\/tr>\n<\/table style=\"text-align: justify\"><span style=\"text-decoration: underline;\"><strong>Funci\u00f3n:<\/strong><\/span> Flujo<\/p>\n<\/td>\n<\/tr>\n<\/table style=\"text-align: justify\"><span style=\"text-decoration: underline;\"><strong>Cualidades:<\/strong><\/span> Se\u00f1ales, Signos, Atenci\u00f3n despierta, Conciencia, Comprensi\u00f3n, Recuerdo de s\u00ed, Gu\u00f1ia divina, Semilla divina, Comunicaci\u00f1on c\u00f3smica, Faro<\/p>\n<\/td>\n<\/tr>\n<\/table style=\"text-align: justify\"><span style=\"text-decoration: underline;\"><strong>Sabidur\u00eda de la sombra:<\/strong><\/span> Olvido de s\u00ed. Hablar negativamente de s\u00ed. Desaprobaci\u00f3n de s\u00ed. Carencia de conciencia de los signos ofrecidos por la comunicaci\u00f3n c\u00f3smica. Esconder la plenitud de tu luz<\/p>\n<p style=\"text-align: justify\"><span style=\"text-decoration: underline;\"><strong>Transformaci\u00f3n de la sombra:<\/strong><\/span> Remueve el velo del olvido. Convi\u00e9rtete en el faro de conciencia despierta. Si te abres a tus recuerdos, reabrir\u00e1s libremente la gu\u00eda divina. Qu\u00e9date con aquellos que apoyan tu expresi\u00f3n m\u00e1s plena<\/p>\n<p style=\"text-align: justify\"><span style=\"text-decoration: underline;\"><strong>Chakra:<\/strong><\/span> Ra\u00edz<\/p>\n<p style=\"text-align: justify\"><span style=\"text-decoration: underline;\"><strong>Planeta:<\/strong><\/span> Mercurio Solar<\/p>\n<p style=\"text-align: justify\"><span style=\"text-decoration: underline;\"><strong>N\u00famero:<\/strong><\/span> 9 (Grandes ciclos)<\/p>\n<p style=\"text-align: justify\"><span style=\"text-decoration: underline;\"><strong>Hierbas:<\/strong><\/span> Tarrag\u00f3n, sello de oro<\/p>\n<p style=\"text-align: justify\"><span style=\"text-decoration: underline;\"><strong>Esencia Floral:<\/strong><\/span> Durazno, loto, damasco<\/p>\n<p style=\"text-align: justify\"><span style=\"text-decoration: underline;\"><strong>Aromas:<\/strong><\/span> <\/p>\n<p style=\"text-align: justify\"><span style=\"text-decoration: underline;\"><strong>Piedras:<\/strong><\/span> Ortosa color durazno, \u00e1gata de Botswana, perla damasco, cristal generador, cuarzo obelisco<\/p>\n<p style=\"text-align: justify\"><span style=\"text-decoration: underline;\"><strong>Nota Musical:<\/strong><\/span> Fa<\/p>\n<p style=\"text-align: justify\"><span style=\"text-decoration: underline;\"><strong>Elemento:<\/strong><\/span> Tierra<\/p>\n<p style=\"text-align: justify\"><span style=\"text-decoration: underline;\"><strong>\u00d3rgano:<\/strong><\/span> Ri\u00f1\u00f3n, Vejiga, Dedo Quinto Pie Derecho<\/p>\n","protected":false},"excerpt":{"rendered":"<p>Luna (Muluc) Solar Rojo Fecha Gregoriana: 19 de Septiembre del 2011 Luna (Muluc) Solar Rojo Descripci\u00f3n del sello (Luna (Muluc)): Muluc es la semilla c\u00f3smica de la conciencia despierta. Cons\u00famela&hellip; <a href=\"https:\/\/www.vivesur.com\/wpblog\/luna-muluc-solar-rojo\/\" class=\"apace-readmore-link\">Read more<\/a><\/p>\n","protected":false},"author":1,"featured_media":0,"comment_status":"open","ping_status":"open","sticky":false,"template":"","format":"standard","meta":[],"categories":[1,8],"tags":[],"_links":{"self":[{"href":"https:\/\/www.vivesur.com\/wpblog\/wp-json\/wp\/v2\/posts\/2379"}],"collection":[{"href":"https:\/\/www.vivesur.com\/wpblog\/wp-json\/wp\/v2\/posts"}],"about":[{"href":"https:\/\/www.vivesur.com\/wpblog\/wp-json\/wp\/v2\/types\/post"}],"author":[{"embeddable":true,"href":"https:\/\/www.vivesur.com\/wpblog\/wp-json\/wp\/v2\/users\/1"}],"replies":[{"embeddable":true,"href":"https:\/\/www.vivesur.com\/wpblog\/wp-json\/wp\/v2\/comments?post=2379"}],"version-history":[{"count":0,"href":"https:\/\/www.vivesur.com\/wpblog\/wp-json\/wp\/v2\/posts\/2379\/revisions"}],"wp:attachment":[{"href":"https:\/\/www.vivesur.com\/wpblog\/wp-json\/wp\/v2\/media?parent=2379"}],"wp:term":[{"taxonomy":"category","embeddable":true,"href":"https:\/\/www.vivesur.com\/wpblog\/wp-json\/wp\/v2\/categories?post=2379"},{"taxonomy":"post_tag","embeddable":true,"href":"https:\/\/www.vivesur.com\/wpblog\/wp-json\/wp\/v2\/tags?post=2379"}],"curies":[{"name":"wp","href":"https:\/\/api.w.org\/{rel}","templated":true}]}}