{"id":2365,"date":"2011-09-19T12:49:56","date_gmt":"2011-09-19T10:49:56","guid":{"rendered":"http:\/\/vivesur.com\/wpblog\/?p=2365"},"modified":"2011-09-19T12:49:56","modified_gmt":"2011-09-19T10:49:56","slug":"lunes-19-de-septiembre-de-2011","status":"publish","type":"post","link":"https:\/\/www.vivesur.com\/wpblog\/lunes-19-de-septiembre-de-2011\/","title":{"rendered":"Lunes 19 de Septiembre de 2011"},"content":{"rendered":"<p>Lunes 19 de Septiembre de 2011<\/p>\n<p><strong>Depende de ti<\/strong><br \/>\n<span style=\"font-size: 12pt;\"><img loading=\"lazy\" src=\"http:\/\/vivesur.com\/wpblog\/wp-content\/uploads\/2011\/09\/wpid-19911-2011-09-19-12-49.jpg\" alt=\"wpid-19911-2011-09-19-12-49.jpg\" width=\"610\" height=\"500\" \/><\/span><br \/>\nJam\u00e1s podr\u00e1s resolver tus problemas pretendiendo que los dem\u00e1s cambien. Para superar lo que sea que te est\u00e9 paralizando debes generar verdaderos cambios en tu interior.<\/p>\n<p>El problema no es la situaci\u00f3n en particular en la cual est\u00e1s inmerso. El problema es la manera en que t\u00fa interpretes esa situaci\u00f3n y c\u00f3mo te relaciones con ella.<\/p>\n<p>El problema no pasa por c\u00f3mo te tratan los dem\u00e1s. El problema es c\u00f3mo t\u00fa permitas que sus acciones te afecten.<\/p>\n<p>El problema no es lo que haya sucedido en el pasado. El problema es si t\u00fa sigues permitiendo que te paralice.<\/p>\n<p>Asume toda la responsabilidad respecto de un cierto problema y s\u00fabitamente habr\u00e1s recorrido el noventa por ciento de la distancia que te separaba de su soluci\u00f3n. Porque asumiendo la responsabilidad logras tomar el control, de verdad y con fuerza.<\/p>\n<p>Acepta totalmente que llegar a donde decidas ir depende de ti. Y encontrar\u00e1s todo lo que se necesita para hacer que as\u00ed sea.<\/p>\n<p>*\u00b4\u00a8)<br \/>\n\u00b8.\u2022\u00b4\u00b8.\u2022*\u00b4\u00a8) \u00b8.\u2022*\u00a8)<br \/>\n(\u00b8.\u2022\u00b4 <strong>Paz y Amor<\/strong> (\u00b8.\u2022`<\/p>\n<p><strong>UCDM &#8211; LECCI\u00d3N 262 \u2013 No dejes que hoy perciba diferencias.<br \/>\n<\/strong><br \/>\nPadre, tienes un solo Hijo. Y es a \u00e9l a quien hoy deseo contemplar. \u00c9l es Tu \u00fanica creaci\u00f3n.\u00bfPor qu\u00e9 habr\u00eda de percibir miles deformas en lo que sigue siendo uno solo?\u00bfPor qu\u00e9 habr\u00eda de darle miles de nombres, cuando con uno solo basta? pues Tu Hijo tiene que llevar Tu Nombre, ya que T\u00fa lo creaste. No permitas que lo vea como algo ajeno a su Padre o a mi. Pues \u00e9l es parte de mi, as\u00ed como yo de \u00e9l, y ambos somos parte de Ti que eres nuestra Fuente. Estamos eternamente unidos en Tu Amor y somos eternamente el santo Hijo de Dios.<\/p>\n<p>Nosotros que somos uno, queremos reconocer en este d\u00eda la verdad acerca de nosotros mismos. Queremos regresar a nuestro hogar y descansar en la unidad. Pues all\u00ed reside la paz, la cual no se puede buscar ni hallar en ninguna otra parte.<\/p>\n<p>*\u00b4\u00a8)<br \/>\n\u00b8.\u2022\u00b4\u00b8.\u2022*\u00b4\u00a8) \u00b8.\u2022*\u00a8)<br \/>\n(\u00b8.\u2022\u00b4 <strong>Paz y Amor<\/strong> (\u00b8.\u2022`<\/p>\n<p>Pensamiento del lunes 19 de septiembre de 2011.<\/p>\n<p>&#8220;Una persona acaba de confiaros su pena? A menudo, no es tanto<br \/>\npara que la ayud\u00e9is a hallar una soluci\u00f3n, sino para induciros a<br \/>\ncompartir su estado. Pero si os dej\u00e1is invadir por su<br \/>\nsufrimiento, no la ayudar\u00e9is, porque est\u00e1is paralizados y corr\u00e9is<br \/>\nel riesgo de hundiros con ella. Con vuestra simpat\u00eda, vuestra<br \/>\ncompasi\u00f3n, \u00bfcre\u00e9is que podr\u00e9is calmarla? S\u00ed, por un instante<br \/>\nquiz\u00e1s, pero poco tiempo despu\u00e9s las quejas vuelven a empezar, y<br \/>\nesto puede seguir as\u00ed durante toda la vida. Esta persona se<br \/>\nsentir\u00e1 satisfecha de que siempre est\u00e9is ah\u00ed dispuesto a<br \/>\ncompartir su sufrimiento, pero no por esto se sentir\u00e1 mejor. Y<br \/>\nvosotros \u00bfen qu\u00e9 estado estar\u00e9is?<br \/>\nSi quer\u00e9is ser \u00fatiles a alguien, no permit\u00e1is que su<br \/>\npreocupaci\u00f3n penetre en vosotros. Manteneos lucidos, calmados,<br \/>\ns\u00f3lidos, \u00e9sta es la \u00fanica forma de sacarlo de su estado. S\u00f3lo<br \/>\npodr\u00e9is ayudarle oponiendo una cierta resistencia.&#8221;<\/p>\n<p>Omraam Mikha\u00ebl <strong>A\u00efvanhov<\/strong><\/p>\n<p>*\u00b4\u00a8)<br \/>\n\u00b8.\u2022\u00b4\u00b8.\u2022*\u00b4\u00a8) \u00b8.\u2022*\u00a8)<br \/>\n(\u00b8.\u2022\u00b4 <strong>Paz y Amor<\/strong> (\u00b8.\u2022`<\/p>\n<p>ORACULO MAYA DEL DIA<br \/>\nN S 1. 24. 2. 28. Silio. Oro. Mantra: HRAIM. Coraz\u00f3n (lunes 19-9-2011)<\/p>\n<p><strong>LUNA SOLAR ROJA \u2013 Kin 9<\/strong><\/p>\n<p>LUNA: Acci\u00f3n: PURIFICAR. Poder: AGUA UNIVERSAL. Esencia: FLUJO.<\/p>\n<p>SOLAR: Acci\u00f3n: REALIZAR. Poder: PULSAR. Esencia: INTENCI\u00d3N.<\/p>\n<p>La Torre Solar, formaliza la acci\u00f3n. La acci\u00f3n puesta en movimiento.<\/p>\n<p><strong>&#8220;SOY UN FARO EN EL RIO DEL OLVIDO Y COMANDO MI EMOCION&#8221;<br \/>\n<\/strong><br \/>\nKin 9, Luna 9 y Solar 9, el triple poder del 9. Es una \u00e9poca de realizar la purificaci\u00f3n con la intenci\u00f3n de fluir en el Nuevo Tiempo. Lo que nos importa es vivir la verdad personal, la que resuena en ti, en m\u00ed, en cada uno. Y esta verdad poco a poco ir\u00e1 alcanzando la categor\u00eda de Universal al unirse todas en el centro de la espiral. DA GRACIAS A LA VIDA POR CADA EXPERIENCIA QUE TE DA, SI ES AGRADABLE DISFR\u00daTALA, SI NO LO ES, OBSERVALA Y VIVELA Y TRATA DE EXTRAER TODA LA ENSE\u00d1ANZA QUE LLEVA. \u00a1LAS ENSE\u00d1ANZAS SON PERSONALES! \u00a1AL FINAL TODO TIENE UN PROP\u00d3SITO M\u00c1S ELEVADO QUE A VECES SE NOS ESCAPA! \u00a1B\u00daSCALO Y AL ENCONTRARLO SONREIRAS!<\/p>\n<p>UN DIA MULUC (LA LUNA):<\/p>\n<p>BUEN DIA PARA APROVECHAR PARA SALIR CON ALGUIEN QUE QUEREMOS MUCHO, O PARA FOMENTAR UN MOMENTO ROMANTICO Y EXPRESAR NUESTRAS EMOCIONES. ES UN BUEN DIA PARA DEJARNOS FLUIR, PARA SACAR LA PARTE FEMENINA QUE TENEMOS TODOS ADENTRO.<\/p>\n<p>LA VERDADERA ORACI\u00d3N Y EL VERDADERO AMOR SE APRENDEN EN LOS MOMENTOS EN QUE ORAR PARECE IMPOSIBLE Y EL CORAZ\u00d3N SE HA CONVERTIDO EN PIEDRA.<\/p>\n<p>A esos momentos de mayor oscuridad se les puede llamar \u201cla noche oscura del alma\u201d esos momentos, en que creemos que todo esta perdido, que nada ni nadie nos puede ya sostener. En esos momentos. \u201cel ego se deshace, el yo ya no tiene sentido y tu ya no sabes quien eres. Pero es precisamente en esos momentos que una nueva luz aparece en nuestra vida, una luz que nunca hubiera podido ser vista a trav\u00e9s de la armadura del ego. Desde esa nueva luz, desde esa nueva capacidad de percepci\u00f3n, podemos ver la vida de otra manera, ver las situaciones y las personas de otra manera, todo superfluo, lo que no es verdad se cae y desde ah\u00ed podemos realmente aprender lo que significa el VERDADERO AMOR, la verdadera oraci\u00f3n.<\/p>\n<p>*\u00b4\u00a8)<br \/>\n\u00b8.\u2022\u00b4\u00b8.\u2022*\u00b4\u00a8) \u00b8.\u2022*\u00a8)<br \/>\n(\u00b8.\u2022\u00b4 <strong>Paz y Amor<\/strong> (\u00b8.\u2022`<\/p>\n","protected":false},"excerpt":{"rendered":"<p>Lunes 19 de Septiembre de 2011 Depende de ti Jam\u00e1s podr\u00e1s resolver tus problemas pretendiendo que los dem\u00e1s cambien. Para superar lo que sea que te est\u00e9 paralizando debes generar&hellip; <a href=\"https:\/\/www.vivesur.com\/wpblog\/lunes-19-de-septiembre-de-2011\/\" class=\"apace-readmore-link\">Read more<\/a><\/p>\n","protected":false},"author":1,"featured_media":0,"comment_status":"open","ping_status":"open","sticky":false,"template":"","format":"standard","meta":[],"categories":[1,8],"tags":[],"_links":{"self":[{"href":"https:\/\/www.vivesur.com\/wpblog\/wp-json\/wp\/v2\/posts\/2365"}],"collection":[{"href":"https:\/\/www.vivesur.com\/wpblog\/wp-json\/wp\/v2\/posts"}],"about":[{"href":"https:\/\/www.vivesur.com\/wpblog\/wp-json\/wp\/v2\/types\/post"}],"author":[{"embeddable":true,"href":"https:\/\/www.vivesur.com\/wpblog\/wp-json\/wp\/v2\/users\/1"}],"replies":[{"embeddable":true,"href":"https:\/\/www.vivesur.com\/wpblog\/wp-json\/wp\/v2\/comments?post=2365"}],"version-history":[{"count":0,"href":"https:\/\/www.vivesur.com\/wpblog\/wp-json\/wp\/v2\/posts\/2365\/revisions"}],"wp:attachment":[{"href":"https:\/\/www.vivesur.com\/wpblog\/wp-json\/wp\/v2\/media?parent=2365"}],"wp:term":[{"taxonomy":"category","embeddable":true,"href":"https:\/\/www.vivesur.com\/wpblog\/wp-json\/wp\/v2\/categories?post=2365"},{"taxonomy":"post_tag","embeddable":true,"href":"https:\/\/www.vivesur.com\/wpblog\/wp-json\/wp\/v2\/tags?post=2365"}],"curies":[{"name":"wp","href":"https:\/\/api.w.org\/{rel}","templated":true}]}}