{"id":2352,"date":"2011-09-17T11:25:50","date_gmt":"2011-09-17T09:25:50","guid":{"rendered":"http:\/\/vivesur.com\/wpblog\/?p=2352"},"modified":"2011-09-17T11:25:50","modified_gmt":"2011-09-17T09:25:50","slug":"sabado-17-de-septiembre-de-2011","status":"publish","type":"post","link":"https:\/\/www.vivesur.com\/wpblog\/sabado-17-de-septiembre-de-2011\/","title":{"rendered":"S\u00e1bado 17 de Septiembre de 2011"},"content":{"rendered":"<p>S\u00e1bado 17 de Septiembre de 2011<br \/>\n<span style=\"font-size: 12pt;\"><img loading=\"lazy\" src=\"http:\/\/vivesur.com\/wpblog\/wp-content\/uploads\/2011\/09\/wpid-17911-2011-09-17-11-25.jpg\" alt=\"wpid-17911-2011-09-17-11-25.jpg\" width=\"610\" height=\"500\" \/><\/span><br \/>\nTrascender los l\u00edmites del tiempo<\/p>\n<p>No importa lo que hagas, no podr\u00e1s cambiar la cantidad de horas que tiene el d\u00eda. Sin embargo, tienes una enorme influencia en cuanto a las cosas a las que dedicas esas horas y a lo que de ellas recibes.<\/p>\n<p>Llena las horas con algo que valga la pena y el paso del tiempo jugar\u00e1 a tu favor. Llena tus d\u00edas de sentido, creatividad, bondad, alegr\u00eda y amor y cada d\u00eda dejar\u00e1 atr\u00e1s un valor perdurable para tu entorno.<\/p>\n<p>\u00bfParece como si nunca hubiese tiempo suficiente para hacer todo lo que deber\u00edas? Alinea tus esfuerzos de manera m\u00e1s acorde con tus verdaderos objetivos y ver\u00e1s c\u00f3mo esos esfuerzos se vuelven r\u00e1pidamente mucho m\u00e1s efectivos.<\/p>\n<p>\u00bfParece que el tiempo transcurre muy lentamente? Decide poner m\u00e1s sentido en cada instante, y esos instantes empezar\u00e1n a moverse m\u00e1s r\u00e1pidamente.<\/p>\n<p>Deja de lado tus preocupaciones sobre la velocidad a la que transcurre el tiempo, porque el tiempo no es otra cosa que una medida arbitraria. Lo que importa es lo que t\u00fa hagas con cada instante ahora, a medida que los vas viviendo.<\/p>\n<p>Quita tus ojos del reloj y fija en cambio tu mirada en la m\u00e1s alta visi\u00f3n de lo que la vida podr\u00eda ser. Llena el mundo de tu propia belleza, \u00fanica y especial, y mu\u00e9vete m\u00e1s all\u00e1 de los l\u00edmites del tiempo.<\/p>\n<p>*\u00b4\u00a8)<br \/>\n\u00b8.\u2022\u00b4\u00b8.\u2022*\u00b4\u00a8) \u00b8.\u2022*\u00a8)<br \/>\n(\u00b8.\u2022\u00b4 Paz y Amor (\u00b8.\u2022`<\/p>\n<p>LECCI\u00d3N 260 \u2013 Que recuerde que Dios me cre\u00f3.<\/p>\n<p>Padre, yo no me cre\u00e9 a mi mismo, aunque en mi demencia cre\u00ed que as\u00ed hab\u00eda sido. No obstante, en cuanto que Pensamiento Tuyo, no he abandonado mi Fuente y sigo siendo parte de Aquel que me cre\u00f3. Tu Hijo, Padre m\u00edo, Te llama hoy. Que recuerde que T\u00fa me creaste. Que recuerde mi Identidad. Y que deje que mi impecabilidad vuelva a alzarse ante la visi\u00f3n de Cristo, a trav\u00e9s de la cual deseo hoy contemplar a mis hermanos y contemplarme a mi mismo.<\/p>\n<p>Ahora recordamos nuestra Fuente, y en Ella encontramos por fin nuestra verdadera Identidad. Somos en verdad santos porque nuestra Fuente no conoce el pecado. Y nosotros que somos Sus Hijos, somos semejantes los unos a los otros, y semejantes a \u00c9l.<\/p>\n<p>*\u00b4\u00a8)<br \/>\n\u00b8.\u2022\u00b4\u00b8.\u2022*\u00b4\u00a8) \u00b8.\u2022*\u00a8)<br \/>\n(\u00b8.\u2022\u00b4 Paz y Amor (\u00b8.\u2022`<\/p>\n<p>Pensamiento del s\u00e1bado 17 de septiembre de 2011.<\/p>\n<p>&#8220;Os encontr\u00e1is en la parte m\u00e1s alta de una torre, y sosten\u00e9is una<br \/>\npiedra en la mano. Pod\u00e9is guardar esta piedra en la mano o<br \/>\ndejarla caer. Si la dej\u00e1is caer, de inmediato escapa de vuestro<br \/>\ncontrol, porque de inmediato entran en acci\u00f3n dos leyes f\u00edsicas:<br \/>\nla de la gravedad y la del movimiento acelerado. En efecto, no<br \/>\ns\u00f3lo cae la piedra, sino que a medida que va cayendo su velocidad<br \/>\nse acelera.<br \/>\nTraslademos esta ley del movimiento al plano ps\u00edquico. Cualquier<br \/>\npensamiento, cualquier sentimiento, cualquier acto es como una<br \/>\npiedra que dej\u00e1is caer en el oc\u00e9ano de energ\u00edas; y el movimiento<br \/>\nes irreversible, no pod\u00e9is ni detenerlo, ni aminorar su<br \/>\nvelocidad, al contrario, cada vez se acelera m\u00e1s. Esto explica<br \/>\nporque, si os abandon\u00e1is a malos pensamientos y malos<br \/>\nsentimientos, o actos reprensibles, os ver\u00e9is inevitablemente<br \/>\narrastrados por un camino cada vez m\u00e1s peligroso. Pero como las<br \/>\nleyes por s\u00ed mismas son neutras, funcionan tanto para el bien<br \/>\ncomo para el mal. As\u00ed pues, si tom\u00e1is hoy una resoluci\u00f3n<br \/>\ncorrecta, \u00e9sta obedecer\u00e1 tambi\u00e9n a las dos leyes de gravitaci\u00f3n y<br \/>\ndel movimiento acelerado. Decid\u00eds, por ejemplo, no encolerizaros<br \/>\nm\u00e1s frente a la menor contrariedad. Es como si dejarais caer una<br \/>\npiedra. Primero no ir\u00e1 muy deprisa, no tendr\u00e9is la sensaci\u00f3n de<br \/>\nhaber hecho mucho progreso; pero al cabo de alg\u00fan tiempo, cada<br \/>\nvez os ser\u00e1 m\u00e1s f\u00e1cil dominaros.&#8221;<\/p>\n<p>Omraam Mikha\u00ebl A\u00efvanhov<\/p>\n<p>*\u00b4\u00a8)<br \/>\n\u00b8.\u2022\u00b4\u00b8.\u2022*\u00b4\u00a8) \u00b8.\u2022*\u00a8)<br \/>\n(\u00b8.\u2022\u00b4 Paz y Amor (\u00b8.\u2022`<\/p>\n<p>ORACULO MAYA DEL DIA MANO RESONANTE AZUL \u2013 Kin 7<br \/>\nN S 1. 24. 2. 26. Alfa. Turquesa. Mantra: HRAUM. Garganta (s\u00e1bado 17-9-2011)<\/p>\n<p>MANO: Acci\u00f3n: CONOCER. Poder: REALIZAR. Esencia: SANACI\u00d3N.<\/p>\n<p>RESONANTE: Acci\u00f3n: INSPIRAR. Poder: CANALIZAR. Esencia: ARMONIZACI\u00d3N.<\/p>\n<p>La C\u00e1mara Resonante, manda la armonizaci\u00f3n. Sintonizar el servicio con la acci\u00f3n.<\/p>\n<p>&#8220;PRESTO ATENCION A MIS MANOS, EL PORTAL DE CURACION, Y CREO LA MAGIA DE MIS CAMBIOS&#8221;<\/p>\n<p>Kin 7, Mano 7 y resonante 7, 7-7-7, el Conocimiento que nos lleva a la sanaci\u00f3n inspirando canalizando lo que necesitamos en cada momento. Siempre en este d\u00eda aprovechamos para pedir ayuda a los seres elevados de Sirio y a los dem\u00e1s maestros Ascendidos que quieran contactar. Recuerda que la conexi\u00f3n siempre depende de tu vibraci\u00f3n en ese momento. ESTAMOS EN LA ANTESALA DE ALGO MUY NUEVO Y MARAVILLOSO. LO PUEDES EXPERIMENTAR SI ENTRAS DENTRO DE TI MISMO Y EN ARMON\u00cdA MEDITAS, DEJAS LA MENTE NATURALMENTE VAC\u00cdA Y RECIBES. \u00a1LLENATE DE AMOR Y RECIBIR\u00c1S INFORMACI\u00d3N POR RESPUESTA!<\/p>\n<p>UN DIA MANIK (MANO):<\/p>\n<p>MUY BUEN DIA PARA TRABAJAR, PARA SANAR, PARA REALIZAR LOS PENDIENTES, PARA TRABAJAR CON LAS MANOS, PARA REALIZAR.<\/p>\n<p>NO BUSQUES DESCANSAR EN NING\u00daN PLACER, PORQUE TU NO FUISTE CREADO PARA EL PLACER. TU FUISTE CREADO PARA LA DICHA, EL GOZO. Y SI TU NO SABES CUAL ES LA DIFERENCIA ENTRE PLACER Y DICHA, TU TODAV\u00cdA NO HAS COMENZADO A VIVIR.<\/p>\n<p>Se nos ha ense\u00f1ado a creer que la felicidad esta ah\u00ed afuera, que la felicidad consiste en tener riquezas, posesiones, en los placeres sensuales, sexo comida, ropas, joyas, en tener prestigio, etc. Y enfocamos nuestra energ\u00eda y nuestra vida en conseguirlos. Todos estos placeres pueden en verdad ser muy agradables, y en realidad no tienen nada de malo, el problema es que creemos que ellos son la fuente de nuestra felicidad. La verdadera felicidad, la verdadera dicha, nace de lo mas profundo de tu ser, la dicha de poder sentir cada respiraci\u00f3n, el gozo de sentirte vivo, el gozo de sentirte parte del cosmos. Cuando experimentes esa dicha entender\u00e1s que apenas estas empezando a vivir.<\/p>\n<p>*\u00b4\u00a8)<br \/>\n\u00b8.\u2022\u00b4\u00b8.\u2022*\u00b4\u00a8) \u00b8.\u2022*\u00a8)<br \/>\n(\u00b8.\u2022\u00b4 Paz y Amor (\u00b8.\u2022`<\/p>\n","protected":false},"excerpt":{"rendered":"<p>S\u00e1bado 17 de Septiembre de 2011 Trascender los l\u00edmites del tiempo No importa lo que hagas, no podr\u00e1s cambiar la cantidad de horas que tiene el d\u00eda. Sin embargo, tienes&hellip; <a href=\"https:\/\/www.vivesur.com\/wpblog\/sabado-17-de-septiembre-de-2011\/\" class=\"apace-readmore-link\">Read more<\/a><\/p>\n","protected":false},"author":1,"featured_media":0,"comment_status":"open","ping_status":"open","sticky":false,"template":"","format":"standard","meta":[],"categories":[1,8],"tags":[],"_links":{"self":[{"href":"https:\/\/www.vivesur.com\/wpblog\/wp-json\/wp\/v2\/posts\/2352"}],"collection":[{"href":"https:\/\/www.vivesur.com\/wpblog\/wp-json\/wp\/v2\/posts"}],"about":[{"href":"https:\/\/www.vivesur.com\/wpblog\/wp-json\/wp\/v2\/types\/post"}],"author":[{"embeddable":true,"href":"https:\/\/www.vivesur.com\/wpblog\/wp-json\/wp\/v2\/users\/1"}],"replies":[{"embeddable":true,"href":"https:\/\/www.vivesur.com\/wpblog\/wp-json\/wp\/v2\/comments?post=2352"}],"version-history":[{"count":0,"href":"https:\/\/www.vivesur.com\/wpblog\/wp-json\/wp\/v2\/posts\/2352\/revisions"}],"wp:attachment":[{"href":"https:\/\/www.vivesur.com\/wpblog\/wp-json\/wp\/v2\/media?parent=2352"}],"wp:term":[{"taxonomy":"category","embeddable":true,"href":"https:\/\/www.vivesur.com\/wpblog\/wp-json\/wp\/v2\/categories?post=2352"},{"taxonomy":"post_tag","embeddable":true,"href":"https:\/\/www.vivesur.com\/wpblog\/wp-json\/wp\/v2\/tags?post=2352"}],"curies":[{"name":"wp","href":"https:\/\/api.w.org\/{rel}","templated":true}]}}