{"id":2318,"date":"2011-09-14T10:24:51","date_gmt":"2011-09-14T08:24:51","guid":{"rendered":"http:\/\/vivesur.com\/wpblog\/?p=2318"},"modified":"2011-09-14T10:24:51","modified_gmt":"2011-09-14T08:24:51","slug":"miercoles-14-de-septiembre-de-2011","status":"publish","type":"post","link":"https:\/\/www.vivesur.com\/wpblog\/miercoles-14-de-septiembre-de-2011\/","title":{"rendered":"Mi\u00e9rcoles 14 de Septiembre de 2011"},"content":{"rendered":"<p><strong>Mi\u00e9rcoles 14 de Septiembre de 2011<br \/>\n<\/strong><span style=\"font-size: 12pt;\"><img loading=\"lazy\" class=\"alignright\" src=\"http:\/\/vivesur.com\/wpblog\/wp-content\/uploads\/2011\/09\/wpid-14911-2011-09-14-10-24.jpg\" alt=\"wpid-14911-2011-09-14-10-24.jpg\" width=\"413\" height=\"337\" \/><\/span><br \/>\n<strong>Decide hoy<br \/>\n<\/strong><br \/>\nDecide hoy que no tendr\u00e1s que sentir arrepentimiento. Y liberar\u00e1s as\u00ed much\u00edsimo tiempo para poder hacer que las cosas que tienes entre manos se concreten.<\/p>\n<p>Decide hoy que no tendr\u00e1s quejas. Y tus pensamientos podr\u00e1n enfocarse en cosas creativas y productivas.<\/p>\n<p>Decide hoy que no arrastrar\u00e1s contigo enojo ni resentimiento. Y sacar\u00e1s a relucir lo mejor de quienes te rodean.<\/p>\n<p>Decide hoy que aceptar\u00e1s todo aquello que se cruce en tu camino. Y descubrir\u00e1s much\u00edsimo valor que, de otro modo, quedar\u00eda oculto y escondido.<\/p>\n<p>Decide hoy ser sinceramente agradecido por cada instante de tu vida. Y estar\u00e1s encantado por lo hermoso y pleno de oportunidades que ser\u00e1 entonces, el mundo para ti.<br \/>\nDecide hoy estar plenamente vivo. Y la felicidad brotar\u00e1 de tu alma.<\/p>\n<p><em><strong><span style=\"color: #ff6600;\">*\u00b4\u00a8)<\/span><\/strong><\/em><br \/>\n<em><strong><span style=\"color: #ff6600;\"> \u00b8.\u2022\u00b4\u00b8.\u2022*\u00b4\u00a8) \u00b8.\u2022*\u00a8)<\/span><\/strong><\/em><br \/>\n<em><strong><span style=\"color: #ff6600;\"> (\u00b8.\u2022\u00b4 Paz y Amor (\u00b8.\u2022`<\/span><\/strong><\/em><\/p>\n<p><strong><em><span style=\"color: #008080;\">LECCI\u00d3N 257 \u2013 Que no me olvide de mi prop\u00f3sito.<\/span><\/em><br \/>\n<\/strong><br \/>\n<em><span style=\"color: #008080;\">Si me olvido de mi objetivo no podr\u00e9 sino estar confundido e inseguro acerca de qui\u00e9n soy, y as\u00ed, mis acciones no podr\u00e1n sino ser conflictivas. Nadie puede estar al servicio de objetivos contradictorios, y servirlo bien. Tampoco puede desenvolverse sin que se abata sobre \u00e9l una profunda angustia y depresi\u00f3n. Resolvamos hoy, por lo tanto, recordar lo que queremos realmente, para as\u00ed unificar nuestros pensamientos y acciones de manera que tengan sentido y para llevar a cabo \u00fanicamente lo que Dios quiere que hagamos este d\u00eda.<\/span><\/em><\/p>\n<p><em><span style=\"color: #008080;\">Padre, el perd\u00f3n es el medio que T\u00fa has elegido para nuestra salvaci\u00f3n. No permitas que nos olvidemos hoy de que no tenemos otra voluntad que la Tuya. Y as\u00ed, nuestro prop\u00f3sito tiene asimismo que ser el Tuyo si queremos alcanzar la paz que T\u00fa has dispuesto para nosotros.<\/span><\/em><\/p>\n<p><em><strong><span style=\"color: #008080;\">*\u00b4\u00a8)<\/span><\/strong><\/em><br \/>\n<em><strong><span style=\"color: #008080;\"> \u00b8.\u2022\u00b4\u00b8.\u2022*\u00b4\u00a8) \u00b8.\u2022*\u00a8)<\/span><\/strong><\/em><br \/>\n<em><strong><span style=\"color: #008080;\"> (\u00b8.\u2022\u00b4 Paz y Amor (\u00b8.\u2022`<\/span><\/strong><\/em><\/p>\n<p><em><strong><span style=\"color: #ff6600;\">KA MANIK<\/span><\/strong><\/em><\/p>\n<p><em><strong><span style=\"color: #ff6600;\">SEMILLA AUTOEXISTENTE AMARILLA \u2013 Kin 4<\/span><\/strong><\/em><\/p>\n<p><em><strong><span style=\"color: #ff6600;\">&#8220;ME DEFIENDO SIN TENSIONES, UN SEMBRADO MAGICO FLORECERA&#8221;<\/span><\/strong><\/em><\/p>\n<p><em><strong><span style=\"color: #ff6600;\">Heptada 8 amarilla \u201cEl So\u00f1ar evoluciona el Amor\u201d. La Semilla Autoexistente que vivimos hace dos a\u00f1os \u00bfrecuerdas? La atenci\u00f3n y la consciencia dando forma y definiendo la Memoria del Drag\u00f3n. La Semilla trae la consciencia necesaria para vivir los ciclos muy alerta para no despistarnos y apartarnos del camino correcto que cada cual nos hemos trazado. La senda elegida nos lleva a la meta. \u00bfSABES REALMENTE HACIA DONDE TE DIRIGES O TE DEJAS LLEVAR POR LAS CIRCUNSTANCIAS? AL FINAL FLORECEREMOS TODOS Y ASCENDEREMOS COMO UN ENTERO PLANETARIO. \u00a1VIVE CON CONSCIENCIA Y SABR\u00c1S EN CADA MOMENTO QUE HACES Y PARA QUE LO HACES! Ox Ix<\/span><\/strong><\/em><\/p>\n<p><em><strong><span style=\"color: #ff6600;\">UN DIA (KAN) SEMILLA:<\/span><\/strong><\/em><\/p>\n<p><em><strong><span style=\"color: #ff6600;\">EXCELENTE DIA PARA COMENZAR ALGO NUEVO, UN PROYECTO, PARA DAR UN CONSEJO, PARA EMPEZAR UN TRABAJO, UNA RELACION DE PAREJA ETC.<\/span><\/strong><\/em><\/p>\n<p><em><strong><span style=\"color: #ff6600;\">\u00a1PERMITE QUE LA BELLEZA DE LO QUE TU AMAS SEA LO QUE TU HAGAS!<\/span><\/strong><\/em><\/p>\n<p><em><strong><span style=\"color: #ff6600;\">Aprende a ver la belleza en las peque\u00f1as cosas que haces a diario, en las cosas sencillas, en tu trabajo, cuando caminas, ver la belleza en las personas que te rodean y en tu relaci\u00f3n con ellas. Practica hoy el estar presente mientras estas haciendo algo, sintiendo tu respiraci\u00f3n, las sensaciones en tu cuerpo, escuchando los sonidos que te rodean, todo lo que ocurre dentro y fuera de ti. Puede ser mientras lavas los platos, o mientras te ba\u00f1as o hablas con alguien. Solamente desde estar presente podras ir descubriendo toda esa belleza que tu amas en aquello que tu haces.<\/span><\/strong><\/em><\/p>\n<p><em><strong><span style=\"color: #ff6600;\">*\u00b4\u00a8)<\/span><\/strong><\/em><br \/>\n<em><strong><span style=\"color: #ff6600;\"> \u00b8.\u2022\u00b4\u00b8.\u2022*\u00b4\u00a8) \u00b8.\u2022*\u00a8)<\/span><\/strong><\/em><br \/>\n<em><strong><span style=\"color: #ff6600;\"> (\u00b8.\u2022\u00b4 Paz y Amor (\u00b8.\u2022`<\/span><\/strong><\/em><\/p>\n<p><em><span style=\"color: #800080;\">Pensamiento del mi\u00e9rcoles 14 de septiembre de 2011.<\/span><\/em><\/p>\n<p><em><span style=\"color: #800080;\">&#8220;El ser humano es un pecador, concebido en el pecado, nacido en el<\/span><\/em><br \/>\n<em><span style=\"color: #800080;\"> pecado: esto es lo que desde hace siglos la Iglesia no deja de<\/span><\/em><br \/>\n<em><span style=\"color: #800080;\"> repetir. Pero al resaltar y difundir tanto esta idea, impide que<\/span><\/em><br \/>\n<em><span style=\"color: #800080;\"> la humanidad vuelva a levantarse, porque disminuye su esperanza y<\/span><\/em><br \/>\n<em><span style=\"color: #800080;\"> su deseo de salir de esta situaci\u00f3n.<\/span><\/em><br \/>\n<em><span style=\"color: #800080;\"> Ciertamente, existe sin embargo ah\u00ed una cierta verdad: el hombre<\/span><\/em><br \/>\n<em><span style=\"color: #800080;\"> es concebido en el pecado porque sus padres le transmiten ya una<\/span><\/em><br \/>\n<em><span style=\"color: #800080;\"> herencia defectuosa. \u00a1Observad s\u00f3lo en qu\u00e9 condiciones conciben a<\/span><\/em><br \/>\n<em><span style=\"color: #800080;\"> sus hijos! \u00bfAcaso en la luz, la pureza y el verdadero amor?<\/span><\/em><br \/>\n<em><span style=\"color: #800080;\"> Raramente. Pues bien, \u00e9stas son las carencias por las que estos<\/span><\/em><br \/>\n<em><span style=\"color: #800080;\"> hijos sufrir\u00e1n. Pero que desde Ad\u00e1n y Eva el pecado original deba<\/span><\/em><br \/>\n<em><span style=\"color: #800080;\"> obligatoriamente trasmitirse de generaci\u00f3n en generaci\u00f3n, no. Si<\/span><\/em><br \/>\n<em><span style=\"color: #800080;\"> los humanos hallan la luz, si se esfuerzan en cultivar la bondad,<\/span><\/em><br \/>\n<em><span style=\"color: #800080;\"> la honestidad, la justicia y la sabidur\u00eda, no hay que preocuparse<\/span><\/em><br \/>\n<em><span style=\"color: #800080;\"> m\u00e1s de Ad\u00e1n y Eva, todo puede ser cambiado y transformado. \u00bfPor<\/span><\/em><br \/>\n<em><span style=\"color: #800080;\"> qu\u00e9 inculcar a los humanos unas ideas que les mantienen siempre<\/span><\/em><br \/>\n<em><span style=\"color: #800080;\"> muy abajo en la culpabilidad, sin ninguna esperanza de volver a<\/span><\/em><br \/>\n<em><span style=\"color: #800080;\"> levantarse un d\u00eda? Todos somos pecadores, est\u00e1 claro, pero no<\/span><\/em><br \/>\n<em><span style=\"color: #800080;\"> estamos obligados a serlo durante la eternidad: podemos progresar<\/span><\/em><br \/>\n<em><span style=\"color: #800080;\"> hasta la perfecci\u00f3n.&#8221;<\/span><\/em><\/p>\n<p><em><span style=\"color: #800080;\">Omraam Mikha\u00ebl<\/span><strong><span style=\"color: #800080;\"> A\u00efvanhov<\/span><\/strong><\/em><\/p>\n<p><em><strong><span style=\"color: #800080;\">*\u00b4\u00a8)<\/span><\/strong><\/em><br \/>\n<em><strong><span style=\"color: #800080;\"> \u00b8.\u2022\u00b4\u00b8.\u2022*\u00b4\u00a8) \u00b8.\u2022*\u00a8)<\/span><\/strong><\/em><br \/>\n<em><strong><span style=\"color: #800080;\"> (\u00b8.\u2022\u00b4 Paz y Amor (\u00b8.\u2022`<\/span><\/strong><\/em><\/p>\n","protected":false},"excerpt":{"rendered":"<p>Mi\u00e9rcoles 14 de Septiembre de 2011 Decide hoy Decide hoy que no tendr\u00e1s que sentir arrepentimiento. Y liberar\u00e1s as\u00ed much\u00edsimo tiempo para poder hacer que las cosas que tienes entre&hellip; <a href=\"https:\/\/www.vivesur.com\/wpblog\/miercoles-14-de-septiembre-de-2011\/\" class=\"apace-readmore-link\">Read more<\/a><\/p>\n","protected":false},"author":1,"featured_media":0,"comment_status":"open","ping_status":"open","sticky":false,"template":"","format":"standard","meta":[],"categories":[1,8],"tags":[],"_links":{"self":[{"href":"https:\/\/www.vivesur.com\/wpblog\/wp-json\/wp\/v2\/posts\/2318"}],"collection":[{"href":"https:\/\/www.vivesur.com\/wpblog\/wp-json\/wp\/v2\/posts"}],"about":[{"href":"https:\/\/www.vivesur.com\/wpblog\/wp-json\/wp\/v2\/types\/post"}],"author":[{"embeddable":true,"href":"https:\/\/www.vivesur.com\/wpblog\/wp-json\/wp\/v2\/users\/1"}],"replies":[{"embeddable":true,"href":"https:\/\/www.vivesur.com\/wpblog\/wp-json\/wp\/v2\/comments?post=2318"}],"version-history":[{"count":0,"href":"https:\/\/www.vivesur.com\/wpblog\/wp-json\/wp\/v2\/posts\/2318\/revisions"}],"wp:attachment":[{"href":"https:\/\/www.vivesur.com\/wpblog\/wp-json\/wp\/v2\/media?parent=2318"}],"wp:term":[{"taxonomy":"category","embeddable":true,"href":"https:\/\/www.vivesur.com\/wpblog\/wp-json\/wp\/v2\/categories?post=2318"},{"taxonomy":"post_tag","embeddable":true,"href":"https:\/\/www.vivesur.com\/wpblog\/wp-json\/wp\/v2\/tags?post=2318"}],"curies":[{"name":"wp","href":"https:\/\/api.w.org\/{rel}","templated":true}]}}