{"id":2316,"date":"2011-09-13T11:33:44","date_gmt":"2011-09-13T09:33:44","guid":{"rendered":"http:\/\/vivesur.com\/wpblog\/?p=2316"},"modified":"2011-09-13T11:33:44","modified_gmt":"2011-09-13T09:33:44","slug":"martes-13-de-septiembre-de-2011","status":"publish","type":"post","link":"https:\/\/www.vivesur.com\/wpblog\/martes-13-de-septiembre-de-2011\/","title":{"rendered":"Martes 13 de Septiembre de 2011"},"content":{"rendered":"<p>Martes 13 de Septiembre de 2011<br \/>\n<span style=\"font-size: 12pt;\"><img loading=\"lazy\" src=\"http:\/\/vivesur.com\/wpblog\/wp-content\/uploads\/2011\/09\/wpid-13911-2011-09-13-11-33.jpg\" alt=\"wpid-13911-2011-09-13-11-33.jpg\" width=\"610\" height=\"500\" \/><\/span><br \/>\n<strong>Coraje<\/strong><\/p>\n<p>\u00bfDe d\u00f3nde proviene el coraje? \u00bfQu\u00e9 es lo que otorga coraje en tu vida?<\/p>\n<p>Coraje es el compromiso de hacer aquello que sabes es lo correcto. Se hace presente cuando tu integridad no da lugar a ninguna otra alternativa.<\/p>\n<p>El coraje surge de ir tras un objetivo que va m\u00e1s all\u00e1 de tus propias y limitadas, mezquinas preocupaciones. Es por eso que el coraje aporta una fuerza de enorme alcance y genera enormes consecuencias en tus acciones.<\/p>\n<p>En el corto plazo, a menudo el coraje podr\u00eda parecer algo tonto. En el largo plazo, tiene la fuerza necesaria como para hacer que todo el mundo se mueva en la direcci\u00f3n correcta.<\/p>\n<p>Demanda mucho de ti, sin embargo no es complicado y siempre est\u00e1 al alcance de tu mano. El coraje no es m\u00e1s que una verdad puesta en pr\u00e1ctica.<\/p>\n<p>En todo momento el coraje est\u00e1 all\u00ed, mostr\u00e1ndose como una opci\u00f3n ante tus ojos. En todo momento, el coraje es la mejor opci\u00f3n para hacer realidad lo mejor de quien t\u00fa eres.<\/p>\n<p>*\u00b4\u00a8)<br \/>\n\u00b8.\u2022\u00b4\u00b8.\u2022*\u00b4\u00a8) \u00b8.\u2022*\u00a8)<br \/>\n(\u00b8.\u2022\u00b4 Paz y Amor (\u00b8.\u2022`<\/p>\n<p><strong>LECCI\u00d3N 256 \u2013 Dios es mi \u00fanico objetivo hoy.<br \/>\n<\/strong><br \/>\nLa \u00fanica manera de llegar a Dios aqu\u00ed es mediante el perd\u00f3n. No hay otra manera, Si la mente no le hubiese concedido tanto valor al pecado, \u00bfqu\u00e9 necesidad habr\u00eda habido de encontrar el camino que conduce a donde ya te encuentras? \u00bfQui\u00e9n tendr\u00eda a\u00fan incertidumbre? \u00bfQui\u00e9n podr\u00eda estar inseguro de lo que es? \u00bfY qui\u00e9n podr\u00eda seguir durmiendo entre espesas nubes de duda con respecto a la santidad de aquel que Dios cre\u00f3 libre de pecado? Aqu\u00ed s\u00f3lo podemos so\u00f1ar. pero podemos so\u00f1ar que hemos perdonado a aquel en quien todo pecado sigue siendo imposible, y esto es lo que elegimos so\u00f1ar hoy Dios es nuestro objetivo, y el perd\u00f3n, el medio por el que nuestras mentes por fin regresan a \u00c9l.<\/p>\n<p>Y as\u00ed es Padre nuestro, como queremos llegar a ti por el camino que T\u00fa has se\u00f1alado. No tenemos otro objetivo que o\u00edr Tu Voz y hallar el camino que Tu sagrada Palabra nos ha se\u00f1alado.<\/p>\n<p>*\u00b4\u00a8)<br \/>\n\u00b8.\u2022\u00b4\u00b8.\u2022*\u00b4\u00a8) \u00b8.\u2022*\u00a8)<br \/>\n(\u00b8.\u2022\u00b4 Paz y Amor (\u00b8.\u2022`<\/p>\n<p>Pensamiento del martes 13 de septiembre de 2011.<\/p>\n<p>&#8220;El Creador quiere que el ser humano se desarrolle con sus dos<br \/>\nnaturalezas, inferior y superior, porque ellas son<br \/>\ncomplementarias, como son complementarios el esp\u00edritu y la<br \/>\nmateria. Y \u00e9sta es la verdadera ense\u00f1anza de Cristo: c\u00f3mo<br \/>\nutilizar la naturaleza inferior para elevarse hacia Dios.<br \/>\nPero \u00bfqu\u00e9 hace la Iglesia? En vez de instruir a los humanos<br \/>\nsobre esta verdad y darles m\u00e9todos para ponerla en pr\u00e1ctica,<br \/>\ndifunde sobre todo una filosof\u00eda y una moral basadas en el<br \/>\ndesprecio y la condena de los instintos. Por esto los cristianos<br \/>\ntienen a\u00fan mucho que aprender y comprender para llegar a ser<br \/>\nverdaderos disc\u00edpulos de Cristo, pero tambi\u00e9n, simplemente, para<br \/>\ndesarrollarse armoniosamente como seres humanos.&#8221;<\/p>\n<p>Omraam Mikha\u00ebl <strong>A\u00efvanhov<\/strong><\/p>\n<p>*\u00b4\u00a8)<br \/>\n\u00b8.\u2022\u00b4\u00b8.\u2022*\u00b4\u00a8) \u00b8.\u2022*\u00a8)<br \/>\n(\u00b8.\u2022\u00b4 Paz y Amor (\u00b8.\u2022`<\/p>\n<p>Martes 13-9-2011<\/p>\n<p><strong>Kin 3 \u2013 NOCHE EL\u00c9CTRICA AZUL<\/strong><\/p>\n<p>&#8220;HOY DANZO EN ABUNDANCIA Y ME DIRIJO A  LA HUMANIDAD&#8221;<\/p>\n<p>Con la Noche, activa tus m\u00e1s maravillosos sue\u00f1os y v\u00edvelos intensamente. Del mismo modo  aprovecha para so\u00f1ar el sue\u00f1o m\u00e1s alto para toda la humanidad, visualizando el Arco Iris Circumpolar alrededor de la Tierra y viendo a la Tierra regenerada. Todos los sue\u00f1os pueden hacerse realidad, s\u00f3lo \u201csue\u00f1a lo que deseas\u201d. La abundancia y la intuici\u00f3n son las cualidades que acompa\u00f1an a la Noche. SUE\u00d1O DESPIERTO Y DORMIDO. VISUALIZO Y  ENSUE\u00d1O LO QUE DESEO LOGRAR A NIVEL PERSONAL Y PLANETARIO. \u00bfY SI ESTA VIDA FUERA EN REALIDAD UN SUE\u00d1O COMO DICEN ALGUNAS ENSE\u00d1ANZAS BUDISTAS? \u00a1ES UN BUEN PUNTO A REFLEXIONAR! Ox Ix<\/p>\n<p>UN DIA (AKBAL) NOCHE:<\/p>\n<p>Excelente dia para meditar, para meterse en uno mismo y ver que es lo que realmente quieres, sientes y haces de tu vida. Excelente dia para tener un tiempo contigo mismo.<\/p>\n<p>\u00bfPOR QUE ERES INFELIZ? PORQUE EL NOVENTA Y NUEVE POR CIENTO DE LAS COSAS QUE HACES, PIENSAS O SIENTES SON ACERCA DE TI MISMO Y ESE NO EXISTE.<\/p>\n<p>Tu vas construyendo la imagen de ti mismo(a) a partir de tu interacci\u00f3n con el mundo, te defines conforme a tu cuerpo, tu sexo, tu edad, tu trabajo, el grupo social al cual perteneces, tus relaciones, tus experiencias pasadas, y desde esa imagen, desde ese &#8220;Yo&#8221; que fabricas vives tu vida, y todo lo que sucede lo ves en relaci\u00f3n a ti mismo(a). Observa con atenci\u00f3n tu mente, observa tus pensamientos y date cuenta que la mayor\u00eda tienen que ver con &#8220;Yo&#8221;, con lo que yo siento, yo y los dem\u00e1s, yo y el mundo.<\/p>\n<p>Sin embargo, a veces la vida nos lleva a situaciones en que nuestro yo tan detalladamente fabricado se derrumba, en que perdemos lo que mas queremos, o sufrimos alguna enfermedad, separaci\u00f3n de una relaci\u00f3n, accidente o desaparece aquello por lo que vivimos, y es entonces cuando esa imagen tan estructurada se deshace y ya no sabes quien eres&#8230; es ah\u00ed cuando finalmente puedes entender quien esta detr\u00e1s de la mascara.<\/p>\n<p>*\u00b4\u00a8)<br \/>\n\u00b8.\u2022\u00b4\u00b8.\u2022*\u00b4\u00a8) \u00b8.\u2022*\u00a8)<br \/>\n(\u00b8.\u2022\u00b4 <strong>Paz y Amor<\/strong> (\u00b8.\u2022`<\/p>\n<p><strong>Namast\u00e9!<\/strong><\/p>\n","protected":false},"excerpt":{"rendered":"<p>Martes 13 de Septiembre de 2011 Coraje \u00bfDe d\u00f3nde proviene el coraje? \u00bfQu\u00e9 es lo que otorga coraje en tu vida? Coraje es el compromiso de hacer aquello que sabes&hellip; <a href=\"https:\/\/www.vivesur.com\/wpblog\/martes-13-de-septiembre-de-2011\/\" class=\"apace-readmore-link\">Read more<\/a><\/p>\n","protected":false},"author":1,"featured_media":0,"comment_status":"open","ping_status":"open","sticky":false,"template":"","format":"standard","meta":[],"categories":[1,8],"tags":[],"_links":{"self":[{"href":"https:\/\/www.vivesur.com\/wpblog\/wp-json\/wp\/v2\/posts\/2316"}],"collection":[{"href":"https:\/\/www.vivesur.com\/wpblog\/wp-json\/wp\/v2\/posts"}],"about":[{"href":"https:\/\/www.vivesur.com\/wpblog\/wp-json\/wp\/v2\/types\/post"}],"author":[{"embeddable":true,"href":"https:\/\/www.vivesur.com\/wpblog\/wp-json\/wp\/v2\/users\/1"}],"replies":[{"embeddable":true,"href":"https:\/\/www.vivesur.com\/wpblog\/wp-json\/wp\/v2\/comments?post=2316"}],"version-history":[{"count":0,"href":"https:\/\/www.vivesur.com\/wpblog\/wp-json\/wp\/v2\/posts\/2316\/revisions"}],"wp:attachment":[{"href":"https:\/\/www.vivesur.com\/wpblog\/wp-json\/wp\/v2\/media?parent=2316"}],"wp:term":[{"taxonomy":"category","embeddable":true,"href":"https:\/\/www.vivesur.com\/wpblog\/wp-json\/wp\/v2\/categories?post=2316"},{"taxonomy":"post_tag","embeddable":true,"href":"https:\/\/www.vivesur.com\/wpblog\/wp-json\/wp\/v2\/tags?post=2316"}],"curies":[{"name":"wp","href":"https:\/\/api.w.org\/{rel}","templated":true}]}}