{"id":2306,"date":"2011-09-08T12:53:07","date_gmt":"2011-09-08T10:53:07","guid":{"rendered":"http:\/\/vivesur.com\/wpblog\/?p=2306"},"modified":"2011-09-08T12:53:07","modified_gmt":"2011-09-08T10:53:07","slug":"jueves-8-de-septiembre-de-2011","status":"publish","type":"post","link":"https:\/\/www.vivesur.com\/wpblog\/jueves-8-de-septiembre-de-2011\/","title":{"rendered":"Jueves 8 de Septiembre de 2011"},"content":{"rendered":"<p>Jueves 8 de Septiembre de 2011<br \/>\n<span style=\"font-size: 12pt;\"><img loading=\"lazy\" src=\"http:\/\/vivesur.com\/wpblog\/wp-content\/uploads\/2011\/09\/wpid-8911-2011-09-8-12-53.jpg\" alt=\"wpid-8911-2011-09-8-12-53.jpg\" width=\"500\" height=\"600\" \/><\/span><br \/>\n<strong>Saber que all\u00ed hay valor<br \/>\n<\/strong><br \/>\nTodo aquello que te molesta te ofrece la oportunidad de aumentar tu paciencia. Todo lo que interrumpe o retrasa tus planes te da la oportunidad de fortalecer tu nivel de aceptaci\u00f3n.<\/p>\n<p>Los desaf\u00edos te dan la posibilidad de aprender y de incorporar nuevas habilidades. Las decepciones pueden ayudarte a que te abras a nuevas opciones, m\u00e1s ricas y valiosas.<\/p>\n<p>Muchos de los mejores tesoros de la vida no parecen serlo en absoluto la primera vez que llegan a ti. Van adquiriendo valor a medida que los vas aceptando y descubriendo maneras de aprovecharlos de verdad.<\/p>\n<p>\u00bfNunca te sientes molesto o frustrado? Cuando eso ocurra, recuerda que en alg\u00fan lugar dentro de esos sentimientos hay una oportunidad.<\/p>\n<p>\u00bfLas cosas a veces no salen como estaba planeado? Cuanto m\u00e1s r\u00e1pidamente aceptes lo que haya sucedido, m\u00e1s valor, real y concreto, sacar\u00e1s de la experiencia.<\/p>\n<p>Sea lo que fuere que pueda cruzarse en tu camino, ser\u00e1 una oportunidad para vivir m\u00e1s plenamente. Date cuenta de que en cada altibajo hay valor, y puedes tener la certeza de que haci\u00e9ndolo, acceder\u00e1s a \u00e9l.<\/p>\n<p>*\u00b4\u00a8)<br \/>\n\u00b8.\u2022\u00b4\u00b8.\u2022*\u00b4\u00a8) \u00b8.\u2022*\u00a8)<br \/>\n(\u00b8.\u2022\u00b4 Paz y Amor (\u00b8.\u2022`<\/p>\n<p><strong>UCDM &#8211; LECCI\u00d3N 251 \u2013 No necesito nada m\u00e1s que la verdad.<br \/>\n<\/strong><br \/>\nBusqu\u00e9 miles de cosas y lo \u00fanico que encontr\u00e9 fue desconsuelo. Ahora s\u00f3lo busco una, pues en ella reside todo lo que necesito, y lo \u00fanico que necesito. jam\u00e1s necesit\u00e9 nada de lo que antes buscaba, y ni siquiera lo quer\u00eda. No reconoc\u00eda mi \u00fanica necesidad. Pero ahora veo que solamente necesito la verdad. Con ella todas mis necesidades quedan satisfechas, mis ansias desaparecen, mis anhelos se hacen finalmente realidad y a los sue\u00f1os les llega su fin. Ahora dispongo de todo cuanto podr\u00eda necesitar. Ahora dispongo de todo cuanto podr\u00eda querer. Y ahora, por fin, me encuentro en paz.<\/p>\n<p>Y por esa paz, Padre nuestro, te damos gracias. Lo que nos negamos a nosotros mismos, T\u00fa nos lo has restituido, y ello es lo \u00fanico que en verdad queremos.<\/p>\n<p>*\u00b4\u00a8)<br \/>\n\u00b8.\u2022\u00b4\u00b8.\u2022*\u00b4\u00a8) \u00b8.\u2022*\u00a8)<br \/>\n(\u00b8.\u2022\u00b4 Paz y Amor (\u00b8.\u2022`<\/p>\n<p><strong>KIN DEL DIA ESPEJO ESPECTRAL BLANCO \u2013 Kin 258<br \/>\n<\/strong><br \/>\nETZNAB BULUK<\/p>\n<p>Jueves 8-9-2011<\/p>\n<p><strong>&#8220;HOY ME DIRIJO,ME REORGANIZO Y ALCANZO MI LIBERACION&#8221;<\/strong><br \/>\nONDA ENCANTADA LA ESTRELLA<br \/>\nLUNA MAGNETICA DEL MURCIELAGO : UNIFICAR &#8211; ATRAER &#8211; PROPOSITO<br \/>\nDIA DE LA SEMANA O PLASMA RADIAL: GAMMA<br \/>\nSEMANA: TRANSFORMA (AZUL)<br \/>\nFASE LUNAR: CRECIENTE<\/p>\n<p>El Espejo mostr\u00e1ndonos las m\u00faltiples realidades en su interior, nos ense\u00f1a tambi\u00e9n que en ellas existen otras Estrellas con vida m\u00e1s evolucionada que la nuestra. Como dice las Cr\u00f3nicas de la Historia C\u00f3smica (Jos\u00e9 Arg\u00fcelles-Valum Votan y Stephanie South-La Reina Roja), este planeta que habitamos es de bajo nivel evolutivo, por ello estamos aqu\u00ed ahora esperando que acabe este ciclo de aprendizaje y comenzar otro de vibraci\u00f3n m\u00e1s elevada. Pon dos espejos en \u00e1ngulo recto y ver\u00e1s como el sin fin se manifiesta en la conjunci\u00f3n de las dos im\u00e1genes. Cuando se unen el resultado es m\u00e1gico. Podemos ver el presente, pasado y futuro como un solo momento, viendo lo que hemos disuelto y lo que hemos divulgado. De esta visi\u00f3n sacamos la ense\u00f1anza para seguir en el momento. El orden que acompa\u00f1a al espejo es superior, no es s\u00f3lo externo sino que es profundamente interior. La meditaci\u00f3n es fiel compa\u00f1era del Espejo. Tenemos que ordenar los recuerdos, dejando ir, liberando los que nos hicieron da\u00f1o en el pasado, sin rencor, \u201cperdonando y olvidando\u201d. El peso del pasado, nos entristece y estanca, as\u00ed que una buena manera de poner orden en la vida el \u201cliberar-se del pasado\u201d. HAZ UN TRABAJO PERSONAL DE AMOR A LAS PERSONAS, LUGARES Y ACCIONES CON LOS QUE TE HAS SENTIDO DA\u00d1ADO EN EL PASADO, AL AMARLO TODO, TE LIBERAS DE LAS ATADURAS E IR\u00c1S CON M\u00c1S LIGEREZA EL RESTO DE TU VIDA. \u00a1DIME ESPEJITO M\u00c1GICO! \u00bfSOY LIBRE DE M\u00cd MOSMO\/A? \u00bfESTOY EN EL CAMINO CORRECTO? \u00bfREFLEJO LO QUE SOY O ME ENGA\u00d1O CON ILUSIONES? \u00a1MUESTRAME EL CAMINO M\u00c1S CORTO PARA ENTRAR DENTRO DE M\u00cd SER E ILUMINARME! \u00a1GRACIAS! Ox Ix<\/p>\n<p>UN DIA ESPEJO (ETZNAB):<\/p>\n<p>BUEN DIA PARA DARNOS CUENTA DE LO QUE PERCIBIMOS AFUERA LO TRAEMOS ADENTRO, YA SEA BUENO O MALO. VER QUE TODO LO QUE SUCEDE A NUESTRO ALREDEDOR TAMBIEN NOS PUEDE PASAR O NOS HA PASADO. SER MAS TOLERANTES Y MENOS JUICIOSOS CON LOS DEMAS Y CON NOSOTROS.<\/p>\n<p>\u00a1LA VIDA NO ES UN PROBLEMA QUE HAY QUE RESOLVER SINO UN MISTERIO QUE HAY QUE VIVIR!<\/p>\n<p>Vivir la vida plenamente, aceptando cada momento, es como vamos penetrando a ese misterio infinito que ocurre ahora en este instante.Detente un momento y mira hacia tu vida, hacia tus circunstancias, hacia el lugar donde te toco vivir, la cultura en la que naciste, las personas con las que te toco vivir, las que amas y las que no amas, mira el cuerpo que te toco tener, lo que tuviste que aprender, tus fracasos y tus existo, as\u00f3mbrate de todas esas circunstancias, todas ellas en su conjunto conforman eso que llamas tu vida, todas ellas conforman tu camino hacia descubrir el gran Misterio, nada te falta, nada te sobra.<\/p>\n<p>*\u00b4\u00a8)<br \/>\n\u00b8.\u2022\u00b4\u00b8.\u2022*\u00b4\u00a8) \u00b8.\u2022*\u00a8)<br \/>\n(\u00b8.\u2022\u00b4 Paz y Amor (\u00b8.\u2022`<\/p>\n<p>Pensamiento del jueves 8 de septiembre de 2011.<\/p>\n<p>&#8220;El aura es nuestra piel espiritual. Y as\u00ed como es deseable que<br \/>\nnuestra piel f\u00edsica sea suave y fina, la piel espiritual que nos<br \/>\nrodea debe ser grande y resistente.<br \/>\nHay personas que no dejan de quejarse del modo c\u00f3mo las miran,<br \/>\nde c\u00f3mo les hablan, de c\u00f3mo son tratadas. Son tan sensibles que<br \/>\nse dir\u00eda que tienen heridas en todas partes. Revelan con ello que<br \/>\nsu aura es muy delgada. \u00bfPor qu\u00e9? Porque no tienen mucho amor.<br \/>\nMientras que las personas que tienen un aura muy grande, por<br \/>\nmuchas cosas que se les diga, esto no las preocupa, no las<br \/>\nofende, porque tienen mucho amor. As\u00ed pues, si sois tan sensibles<br \/>\nante las cr\u00edticas, no intent\u00e9is justificaros; s\u00f3lo es que no<br \/>\nten\u00e9is suficiente amor para rellenar las brechas, construir<br \/>\nparedes gruesas e impedir que las corrientes negativas atraviesen<br \/>\nvuestra aura.&#8221;<\/p>\n<p>Omraam Mikha\u00ebl <strong>A\u00efvanhov<\/strong><\/p>\n<p>*\u00b4\u00a8)<br \/>\n\u00b8.\u2022\u00b4\u00b8.\u2022*\u00b4\u00a8) \u00b8.\u2022*\u00a8)<br \/>\n(\u00b8.\u2022\u00b4 Paz y Amor (\u00b8.\u2022`<\/p>\n","protected":false},"excerpt":{"rendered":"<p>Jueves 8 de Septiembre de 2011 Saber que all\u00ed hay valor Todo aquello que te molesta te ofrece la oportunidad de aumentar tu paciencia. Todo lo que interrumpe o retrasa&hellip; <a href=\"https:\/\/www.vivesur.com\/wpblog\/jueves-8-de-septiembre-de-2011\/\" class=\"apace-readmore-link\">Read more<\/a><\/p>\n","protected":false},"author":1,"featured_media":0,"comment_status":"open","ping_status":"open","sticky":false,"template":"","format":"standard","meta":[],"categories":[1,8],"tags":[],"_links":{"self":[{"href":"https:\/\/www.vivesur.com\/wpblog\/wp-json\/wp\/v2\/posts\/2306"}],"collection":[{"href":"https:\/\/www.vivesur.com\/wpblog\/wp-json\/wp\/v2\/posts"}],"about":[{"href":"https:\/\/www.vivesur.com\/wpblog\/wp-json\/wp\/v2\/types\/post"}],"author":[{"embeddable":true,"href":"https:\/\/www.vivesur.com\/wpblog\/wp-json\/wp\/v2\/users\/1"}],"replies":[{"embeddable":true,"href":"https:\/\/www.vivesur.com\/wpblog\/wp-json\/wp\/v2\/comments?post=2306"}],"version-history":[{"count":0,"href":"https:\/\/www.vivesur.com\/wpblog\/wp-json\/wp\/v2\/posts\/2306\/revisions"}],"wp:attachment":[{"href":"https:\/\/www.vivesur.com\/wpblog\/wp-json\/wp\/v2\/media?parent=2306"}],"wp:term":[{"taxonomy":"category","embeddable":true,"href":"https:\/\/www.vivesur.com\/wpblog\/wp-json\/wp\/v2\/categories?post=2306"},{"taxonomy":"post_tag","embeddable":true,"href":"https:\/\/www.vivesur.com\/wpblog\/wp-json\/wp\/v2\/tags?post=2306"}],"curies":[{"name":"wp","href":"https:\/\/api.w.org\/{rel}","templated":true}]}}