{"id":2273,"date":"2011-09-03T20:14:00","date_gmt":"2011-09-03T18:14:00","guid":{"rendered":"http:\/\/vivesur.com\/wpblog\/?p=2273"},"modified":"2011-09-03T20:14:00","modified_gmt":"2011-09-03T18:14:00","slug":"me-declaro-vivo","status":"publish","type":"post","link":"https:\/\/www.vivesur.com\/wpblog\/me-declaro-vivo\/","title":{"rendered":"Me declaro Vivo"},"content":{"rendered":"<p>COMPARTELO<br \/>\n   <span style=\"font-size: 12pt;\"><img loading=\"lazy\" src=\"http:\/\/vivesur.com\/wpblog\/wp-content\/uploads\/2011\/09\/wpid-dsc00363-2011-09-3-20-14.jpg\" alt=\"wpid-dsc00363-2011-09-3-20-14.jpg\" width=\"800\" height=\"600\" \/><\/span><\/p>\n<p>Saboreo cada acto.Antes cuidaba que los dem\u00e1s no hablaran mal de m\u00ed,<br \/>\nentonces me portaba como los dem\u00e1s quer\u00edan<\/p>\n<p>y mi conciencia me censuraba.<br \/>\nMenos mal que a pesar de mi esforzada<\/p>\n<p>buena educaci\u00f3n siempre hab\u00eda alguien difam\u00e1ndome.<\/p>\n<p>\u00a1Cu\u00e1nto agradezco a esa gente que me ense\u00f1\u00f3<\/p>\n<p>que la vida no es un escenario!<\/p>\n<p>Desde entonces me atrev\u00ed a ser como soy.<\/p>\n<p>He viajado por todo el mundo, tengo amigos de todas las religiones;<\/p>\n<p>conozco gente extra\u00f1a:<\/p>\n<p>cat\u00f3licos, religiosos pecando y asistiendo a misa puntualmente,<\/p>\n<p>pregonando lo que no son,<\/p>\n<p>personas que devoran al pr\u00f3jimo con su lengua e intolerancia,<\/p>\n<p>m\u00e9dicos que est\u00e1n peor que sus pacientes,<\/p>\n<p>gente millonaria pero infeliz,<\/p>\n<p>seres que se pasan el d\u00eda quej\u00e1ndose,<\/p>\n<p>que se re\u00fanen con familia o amigos<\/p>\n<p>los domingos para quejarse por turnos,<\/p>\n<p>gente que ha hecho de la estupidez su manera de vivir.<br \/>\nEl \u00e1rbol anciano me ense\u00f1\u00f3<\/p>\n<p>que todos somos lo mismo.<br \/>\nLa monta\u00f1a es mi punto de referencia:<\/p>\n<p>ser invulnerable, que cada uno diga lo que quiera,<\/p>\n<p>yo sigo caminando indetenible.<br \/>\nSoy guerrero:<\/p>\n<p>mi espada es el amor,<\/p>\n<p>mi escudo el humor,<\/p>\n<p>mi hogar la coherencia,<\/p>\n<p>mi texto la libertad.<br \/>\nSi mi felicidad resulta insoportable, disc\u00falpenme,<\/p>\n<p>no hice de la cordura mi opci\u00f3n.<\/p>\n<p>Prefiero la imaginaci\u00f3n a lo indio,<\/p>\n<p>es decir inocencia incluida.<br \/>\nQuiz\u00e1s solamente ten\u00edamos que ser humanos.<br \/>\nEl que t\u00fa no veas los \u00e1tomos,<\/p>\n<p>no significa que no existan.<br \/>\nPor eso es muy importante que sea el Amor<\/p>\n<p>lo \u00fanico que inspire tus actos.<br \/>\nSin Amor nada tiene sentido, sin Amor estamos perdidos,<\/p>\n<p>sin Amor corremos el riesgo de estar de nuevo<\/p>\n<p>transitando de espaldas a la luz.<br \/>\nEn realidad,<\/p>\n<p>s\u00f3lo hablo<\/p>\n<p>para recordarte<\/p>\n<p>la importancia<\/p>\n<p>del silencio.<br \/>\nAnhelo que descubras el mensaje que se encuentra<\/p>\n<p>detr\u00e1s de las palabras; no soy un sabio,<\/p>\n<p>s\u00f3lo un enamorado de la vida.<br \/>\nEl silencio es la clave,<\/p>\n<p>la simplicidad es la puerta<\/p>\n<p>que deja fuera a los imb\u00e9ciles.<br \/>\nLa gente feliz no es rentable,<\/p>\n<p>con lucidez no hay necesidades innecesarias.<br \/>\nNo es suficiente querer despertar,<br \/>\nsino despertar.La mejor forma de despertar es hacerlo<\/p>\n<p>sin preocuparse porque nuestros actos<\/p>\n<p>incomoden a quienes duermen al lado.<br \/>\nRecuerda que el deseo de hacerlo bien ser\u00e1 una interferencia.<\/p>\n<p>Es m\u00e1s importante amar lo que hacemos<\/p>\n<p>y disfrutar de todo el trayecto.<br \/>\nLa meta no existe, el camino y la meta son lo mismo.<\/p>\n<p>No tenemos que correr hacia ninguna parte,<\/p>\n<p>s\u00f3lo saber dar cada paso plenamente.<br \/>\nNo, no te resistas, r\u00edndete a la vida.<\/p>\n<p>Quien acepta lo que es<\/p>\n<p>y se habilita para hacer lo que puede,<\/p>\n<p>encarna las utop\u00edas<\/p>\n<p>y lo imposible se pone a disposici\u00f3n.<br \/>\nLa mejor manera de ser feliz es: \u2019ser feliz\u2019.<\/p>\n<p>Reconstruye tu ra\u00edz y saborea la vida.Somos como peces de mares profundos,<\/p>\n<p>si salimos a la superficie reventamos.La frivolidad y la intrascendencia<\/p>\n<p>condenan la vida a la muerte.Cuando somos m\u00e1s grandes que lo que hacemos,<br \/>\nnada puede desequilibrarnos.<\/p>\n<p>Pero cuando permitimos que las cosas sean m\u00e1s grandes<\/p>\n<p>que nosotros, nuestro desequilibrio est\u00e1 garantizado.El coraz\u00f3n est\u00e1 en emergencia por falta de amor.<\/p>\n<p>Hay que volver a conquistar la vida,<\/p>\n<p>enamorarnos otra vez de ella.<br \/>\nNuestro potencial interior aflora espont\u00e1neamente<\/p>\n<p>cuando nos dejamos en paz.<\/p>\n<p>Quiz\u00e1 s\u00f3lo seamos agua fluyendo;<\/p>\n<p>el camino nos lo tenemos que hacer nosotros.<br \/>\nM\u00e1s no permitas que el cauce esclavice al r\u00edo,<\/p>\n<p>no sea que en vez de un camino tengas una c\u00e1rcel.<br \/>\nLa infelicidad no es un problema t\u00e9cnico,<\/p>\n<p>es el resultado de haber tomado el camino equivocado.<br \/>\nAmo mi locura que me vacuna contra la estupidez.<\/p>\n<p>Amo el amor que me inmuniza ante la infelicidad<\/p>\n<p>que pulula por doquier, infectando almas y atrofiando corazones.<br \/>\nEl amor es, a nivel sutil,<\/p>\n<p>la esencia de nuestra instancia inmunol\u00f3gica.La gente est\u00e1 tan acostumbrada a complicarse, que rechaza de antemano la simplicidad.La gente est\u00e1 tan acostumbrada a ser infeliz, que la sensaci\u00f3n de felicidad les resulta sospechosa.La gente est\u00e1 tan reprimida, que la espont\u00e1nea ternura le incomoda y el amor le inspira desconfianza.<\/p>\n<p>Hay cosas que son muy razonables, objetivas y\u2026 apestan.Ya no podemos perder el tiempo en seguir aprendiendo t\u00e9cnicas espirituales cuando a\u00fan estamos vac\u00edos de amor.<br \/>\nQuienes no est\u00e1n preparados para escuchar tienen la recompensa de no enterarse de nada.Disfruta de lo que tienes, recibe lo que venga, crea e inventa lo que necesites, haz s\u00f3lo lo que puedas, y fundamentalmente celebra lo que tengas.<\/p>\n<p>La vida es un canto a la belleza, una convocatoria a la transparencia.Cuando esto lo descubras desde la vivencia, el viento volver\u00e1 a ser tu amigo, el \u00e1rbol se tornar\u00e1 en maestro y el amanecer en ritual.La noche se vestir\u00e1 de colores, las estrellas hablar\u00e1n el idioma del coraz\u00f3n y el esp\u00edritu de la tierra reposar\u00e1 otra vez tranquilo.<br \/>\n\u00a1Me declaro vivo!<\/p>\n<p><span style=\"font-size: 12pt;\">THOMAS JEFFERSON,<\/p>\n<p>en el a\u00f1o 1802, dijo:<br \/>\n<img loading=\"lazy\" src=\"http:\/\/vivesur.com\/wpblog\/wp-content\/uploads\/2011\/09\/wpid-PastedGraphic-2011-09-3-20-14.tiff\" alt=\"wpid-PastedGraphic-2011-09-3-20-14.tiff\" width=\"566\" height=\"804\" \/><\/p>\n<p>&#8212;<br \/>\n Salud y paz para disfrutarla<br \/>\n<\/span><\/p>\n","protected":false},"excerpt":{"rendered":"<p>COMPARTELO Saboreo cada acto.Antes cuidaba que los dem\u00e1s no hablaran mal de m\u00ed, entonces me portaba como los dem\u00e1s quer\u00edan y mi conciencia me censuraba. Menos mal que a pesar&hellip; <a href=\"https:\/\/www.vivesur.com\/wpblog\/me-declaro-vivo\/\" class=\"apace-readmore-link\">Read more<\/a><\/p>\n","protected":false},"author":1,"featured_media":0,"comment_status":"open","ping_status":"open","sticky":false,"template":"","format":"standard","meta":[],"categories":[1,8],"tags":[],"_links":{"self":[{"href":"https:\/\/www.vivesur.com\/wpblog\/wp-json\/wp\/v2\/posts\/2273"}],"collection":[{"href":"https:\/\/www.vivesur.com\/wpblog\/wp-json\/wp\/v2\/posts"}],"about":[{"href":"https:\/\/www.vivesur.com\/wpblog\/wp-json\/wp\/v2\/types\/post"}],"author":[{"embeddable":true,"href":"https:\/\/www.vivesur.com\/wpblog\/wp-json\/wp\/v2\/users\/1"}],"replies":[{"embeddable":true,"href":"https:\/\/www.vivesur.com\/wpblog\/wp-json\/wp\/v2\/comments?post=2273"}],"version-history":[{"count":0,"href":"https:\/\/www.vivesur.com\/wpblog\/wp-json\/wp\/v2\/posts\/2273\/revisions"}],"wp:attachment":[{"href":"https:\/\/www.vivesur.com\/wpblog\/wp-json\/wp\/v2\/media?parent=2273"}],"wp:term":[{"taxonomy":"category","embeddable":true,"href":"https:\/\/www.vivesur.com\/wpblog\/wp-json\/wp\/v2\/categories?post=2273"},{"taxonomy":"post_tag","embeddable":true,"href":"https:\/\/www.vivesur.com\/wpblog\/wp-json\/wp\/v2\/tags?post=2273"}],"curies":[{"name":"wp","href":"https:\/\/api.w.org\/{rel}","templated":true}]}}