{"id":2270,"date":"2011-08-30T15:02:58","date_gmt":"2011-08-30T13:02:58","guid":{"rendered":"http:\/\/vivesur.com\/wpblog\/?p=2270"},"modified":"2011-08-30T15:02:58","modified_gmt":"2011-08-30T13:02:58","slug":"fecha-gregoriana-30-de-agosto-del-2011","status":"publish","type":"post","link":"https:\/\/www.vivesur.com\/wpblog\/fecha-gregoriana-30-de-agosto-del-2011\/","title":{"rendered":"Fecha Gregoriana: 30 de Agosto del 2011"},"content":{"rendered":"<p>Martes 30 de Agosto de 2011<br \/>\n<span style=\"font-size: 12pt;\"><img loading=\"lazy\" src=\"http:\/\/vivesur.com\/wpblog\/wp-content\/uploads\/2011\/09\/wpid-30811-2011-08-30-15-02.jpg\" alt=\"wpid-30811-2011-08-30-15-02.jpg\" width=\"610\" height=\"500\" \/><\/span><br \/>\n<strong>El foco en la riqueza<\/strong><\/p>\n<p>La riqueza est\u00e1 por todos lados a tu alrededor. En todo momento est\u00e1s inmerso en ella.<\/p>\n<p>Viviendo tu vida, te concentras en esa riqueza. Y se transforma as\u00ed en experiencias, creaciones, logros; concretos y determinados.<\/p>\n<p>Jam\u00e1s podr\u00eda haber escasez de oportunidades. Sean cuales fueren tus circunstancias, la riqueza de la vida est\u00e1 siempre a tu alcance para ser transformada mediante la fuerza rectora de tus intenciones.<\/p>\n<p>Siempre tienes a tu alcance much\u00edsima energ\u00eda en bruto. Tu desaf\u00edo es enfocar esa energ\u00eda de manera consistente y perseverante hacia una vida rica y plena de sentido.<\/p>\n<p>Considera cuidadosamente qu\u00e9 cosas decides permitir y cu\u00e1les decides bloquear. Cada decisi\u00f3n que tomas es amplificada muchas veces por el constante fluir de la riqueza que est\u00e1 siempre presente en tu entorno.<\/p>\n<p>Visualiza una vida que sea la mejor que podr\u00edas llegar a imaginar. Af\u00e9rrate fuertemente a esa visi\u00f3n, y har\u00e1s que as\u00ed sea.<\/p>\n<p>*\u00b4\u00a8)<br \/>\n\u00b8.\u2022\u00b4\u00b8.\u2022*\u00b4\u00a8) \u00b8.\u2022*\u00a8)<br \/>\n(\u00b8.\u2022\u00b4 Paz y Amor (\u00b8.\u2022`<\/p>\n<p><strong>Luna (Muluc) Lunar Rojo Kin 249<br \/>\n<\/strong><br \/>\nFecha Gregoriana: 30 de Agosto del 2011<\/p>\n<p>Descripci\u00f3n del sello (Luna (Muluc)):<br \/>\nMuluc es la semilla c\u00f3smica de la conciencia despierta.<\/p>\n<p>Cons\u00famela como una fruta y d\u00e9jala que florezca dentro tuyo.<\/p>\n<p>Est\u00e1s en la b\u00fasqueda de tu propia memoria, de la semilla de Dios. Si trabajas con la energ\u00eda de Muluc con conciencia clara y con intenci\u00f3n, florecer\u00e1 naturalmente en ti un estado despierto de recordaci\u00f3n. La recordaci\u00f3n significa tener acceso directo a tu presencia expandida a trav\u00e9s de una percepci\u00f3n intr\u00ednseca de la unidad.<\/p>\n<p>En el glifo Muluc, nota la vaina protectora c\u00f3smica. Si das vuelta este glifo cabeza abajo, en el borde exterior aparecen como brazos, extendidos para recibir la gu\u00eda Divina. T\u00fa eres la plenitud del despertar, la semilla de Dios. Abre tus brazos a tu Yo Divino para crecer m\u00e1s a\u00fan. Recibir\u00e1s un acceso claro y directo a la gu\u00eda que buscas.<\/p>\n<p>El n\u00famero de Muluc es el nueve, que simboliza la recurrencia de los grandes ciclos. Un ejemplo de tal recurrencia es el regreso peri\u00f3dico de los grandes maestros para ayudar a despertar a los seres humanos de la Tierra. El nueve es el n\u00famero del Quetzalcoatl, Buda y Cristo. Muluc es un s\u00edmbolo para los grandes maestros, quienes vinieron a traducir la sabidur\u00eda universal a la humanidad, a corporizar el estado despierto de conciencia que es accesible a todos. Tales maestros sirven como conexi\u00f3n con lo Divino y contienen la promesa del pleno dominio de s\u00ed mismo.<\/p>\n<p>El color de Muluc es el color durazno del atardecer, el cual puede ayudarte a recordar tu yo esencial. Usa este color para despertar, tiernamente, la conciencia divina dentro tuyo.<\/p>\n<p>Una sombra de Muluc es la tendencia a flotar en el r\u00edo del olvido, sinti\u00e9ndote separado de las claras aguas de la conciencia y la gu\u00eda. A causa de la hipnosis colectiva, puedes haber aceptado, sin pensar, las creencias y valores de tu cultura. Debido a esta ilusi\u00f3n de separaci\u00f3n de lo Divino, esta hipnosis puede haber profundizado tu experiencia de olvidar.<\/p>\n<p>Otro aspecto de la sombra de Muluc es la tendencia a dirigir tu vida, primordialmente, por los deseos y necesidades de tu ego, en vez de abrirte a la gu\u00eda de tu yo esencial.<\/p>\n<p>Otra sombra de Muluc es la auto desaprobaci\u00f3n. En esta sombra puedes sentir deseos de esconder tu luz, para que te limite la posibilidad de ser visto como el faro que en verdad eres. Esta tendencia puede surgir de tu ni\u00f1o interior t\u00edmido o herido cuya sensibilidad puede haber sido suprimida a trav\u00e9s de experiencias vividas. Esto puede crear un deseo de retirarse o sentimientos de soledad o inseguridad. La otra cara de esta sombra puede hacer que te sobreidentifiques con el rol de faro para los dem\u00e1s. Tales temas muestran lo que hay entre t\u00fa y la expresi\u00f3n clara de lo que eres. La autocr\u00edtica puede estar apoyada en el di\u00e1logo interno, el cual despierta a la conciencia el autoenjuiciamiento negativo, que ha sido inconscientemente separado y depositado en la sombra.<\/p>\n<p>En la medida que te yergas en tu propia luz, cumplimentaras naturalmente aquello que viniste a hacer.<\/p>\n<p>Descripci\u00f3n del tono (Lunar):<br \/>\nEl tono 2 te pide que integres la dualidad que tienes dentro de ti, es probable que tu vida est\u00e9 muy marcada hacia los opuestos, pasando en ciertas situaciones de un extremo a otro. Siente la polaridad como un todo, donde los opuestos son como una alianza, los dos contienen la verdad. Vive esa polaridad como una ense\u00f1anza que te permitir\u00e1 ser libre. Examina lo masculino y femenino dentro de ti, busca los dones en las relaciones. Presta atenci\u00f3n a los mensajes que los desaf\u00edos te traen a tu vida, aquello que ves como obst\u00e1culos te ense\u00f1an lo que debes trabajar en tu vida para continuar tu camino con lo que es verdadero, con lo que realmente te pertenece y que te llevar\u00e1 al logro de tus deseos y anhelos.<\/p>\n<p>Afirmaci\u00f3n del Kin (249):<\/p>\n<p>    Polarizo con el fin de Purificar.<br \/>\n    Estabilizando la (el) Flujo.<br \/>\n    Sello la (el) Proceso de (del \u00f3 de la) Agua Universal.<br \/>\n    Con el tono Lunar de (del \u00f3 de la) Desaf\u00edo.<br \/>\n    Soy guiado por el poder de (del \u00f3 de la) Nacimiento.<\/p>\n<p>Or\u00e1culo:<\/p>\n<p>Kin Gu\u00eda Drag\u00f3n (Imix)<\/p>\n<p>Kin Ant\u00edpoda Tormenta (Cauac)<\/p>\n<p>Kin An\u00e1logo Perro (Oc)<\/p>\n<p>Kin Oculto Humano (Eb)<\/p>\n<p>Tono Oculto: Cristal<\/p>\n<p>Acci\u00f3n: Purifica<\/p>\n<p>Poder: Del Agua Universal<\/p>\n<p>Funci\u00f3n: Flujo<\/p>\n<p>Cualidades: Se\u00f1ales, Signos, Atenci\u00f3n despierta, Conciencia, Comprensi\u00f3n, Recuerdo de s\u00ed, Gu\u00f1ia divina, Semilla divina, Comunicaci\u00f1on c\u00f3smica, Faro<\/p>\n<p>Sabidur\u00eda de la sombra: Olvido de s\u00ed. Hablar negativamente de s\u00ed. Desaprobaci\u00f3n de s\u00ed. Carencia de conciencia de los signos ofrecidos por la comunicaci\u00f3n c\u00f3smica. Esconder la plenitud de tu luz<\/p>\n<p>Transformaci\u00f3n de la sombra: Remueve el velo del olvido. Convi\u00e9rtete en el faro de conciencia despierta. Si te abres a tus recuerdos, reabrir\u00e1s libremente la gu\u00eda divina. Qu\u00e9date con aquellos que apoyan tu expresi\u00f3n m\u00e1s plena<\/p>\n<p>Chakra: Ra\u00edz<\/p>\n<p>Planeta: Mercurio Solar<\/p>\n<p>N\u00famero: 9 (Grandes ciclos)<\/p>\n<p>Hierbas: Tarrag\u00f3n, sello de oro<\/p>\n<p>Esencia Floral: Durazno, loto, damasco<\/p>\n<p>Aromas:<\/p>\n<p>Piedras: Ortosa color durazno, \u00e1gata de Botswana, perla damasco, cristal generador, cuarzo obelisco<\/p>\n<p>Nota Musical: Fa<\/p>\n<p>Elemento: Tierra<\/p>\n<p>\u00d3rgano: Ri\u00f1\u00f3n, Vejiga, Dedo Quinto Pie Derecho<br \/>\nde <a href=\"http:\/\/tzolkindiario.blogspot.com\/search\/label\/Kin Diario\">http:\/\/tzolkindiario.blogspot.com\/search\/label\/Kin%20Diario<\/a><\/p>\n<p><strong>ORACULO MAYA DEL DIA<\/strong> de <a href=\"http:\/\/www.millonarioparasiempre.com\/comunidad-fan\/oraculo-maya-del-dia-30-8-2011\/\">http:\/\/www.millonarioparasiempre.com\/comunidad-fan\/oraculo-maya-del-dia-30-8-2011\/<\/a><\/p>\n<p>Martes 30-8-2011<\/p>\n<p>LUNA LUNAR ROJA \u2013 Kin 249<\/p>\n<p>\u201cA PARTIR DE MI LIBERTAD INTERIOR, ME INICIO CON LA LUNA, DEJANDO MENSAJES DE PURIFICACION\u201d<\/p>\n<p>Heptada 6 blanca \u201cEl So\u00f1ar evoluciona el Arte\u201d. La Luna que acompa\u00f1a a la Tierra le ayuda a que en el interior todo fluya con armon\u00eda. Para ser seres maravillosamente arm\u00f3nicos debemos tener un alma pura, pedir a la Luna que nos ense\u00f1e a estabilizarnos y a que los bloqueos desaparezcan. Vivir es maravilloso y las Lunas lo saben \u00bfverdad? VIVIR SINTIENDO QUE APRENDEMOS A MORIR ES MUY IMPORTANTE. EN ESE APRENDIZAJE SOLTAMOS LOS APEGOS Y EMOCIONES, S\u00d3LO AS\u00cd SER\u00c1 M\u00c1S SENCILLA LA ASCENSI\u00d3N C\u00d3SMICA. \u00a1FLUYE Y S\u00c9 FELIZ! Ox Ix<\/p>\n<p>UN DIA MULUC (LA LUNA):<\/p>\n<p>BUEN DIA PARA APROVECHAR PARA SALIR CON ALGUIEN QUE QUEREMOS MUCHO, O PARA FOMENTAR UN MOMENTO ROMANTICO Y EXPRESAR NUESTRAS EMOCIONES. ES UN BUEN DIA PARA DEJARNOS FLUIR, PARA SACAR LA PARTE FEMENINA QUE TENEMOS TODOS ADENTRO.<\/p>\n<p>LA SOLEDAD ES LA MANERA QUE UTILIZA EL DESTINO PARA GUIAR AL HOMBRE HACIA SI MISMO.<\/p>\n<p>El miedo a la soledad es el motor que nos lleva a aceptar situaciones que nos lastimas, a permanecer en relaciones toxicas, el miedo a la soledad nos puede llevar a las adicciones, a olvidarnos de nosotros mismos. Hacemos lo posible por llenarnos con lo que esta ah\u00ed afuera, esperando que los dem\u00e1s nos distraigan del inmenso vacio que percibimos dentro de nosotros.\u201cSe amiga de ti misma y nunca estar\u00e1s sola\u201d. Cuando comienzas a hacer las paces contigo, a aceptarte tal cual eres, con todos tus errores, puedes tambi\u00e9n comenzar a amar a la soledad, porque ese es el \u00fanico lugar donde realmente te encuentras contigo misma, tal como eres. Cuando empiezas a amar la soledad te estas convirtiendo en un meditador, en alguien que esta en paz consigo mismo y el mundo.<\/p>\n<p>In lak ech (Soy otro tu)<br \/>\nde <a href=\"http:\/\/www.millonarioparasiempre.com\/comunidad-fan\/oraculo-maya-del-dia-30-8-2011\/\">http:\/\/www.millonarioparasiempre.com\/comunidad-fan\/oraculo-maya-del-dia-30-8-2011\/<\/a><br \/>\n*\u00b4\u00a8)<br \/>\n\u00b8.\u2022\u00b4\u00b8.\u2022*\u00b4\u00a8) \u00b8.\u2022*\u00a8)<br \/>\n(\u00b8.\u2022\u00b4 Paz y Amor (\u00b8.\u2022`<\/p>\n<p><strong>UCDM &#8211; LECCI\u00d3N 242 \u2013 Este d\u00eda se lo dedico a Dios. Es el regalo que le hago.<br \/>\n<\/strong><br \/>\nHoy no dirigir\u00e9 mi vida por mi cuenta. No entiendo el mundo, por lo tanto, tratar de dirigir mi vida por mi cuenta es una locura. Mas hay Alguien que sabe qu\u00e9 es lo que m\u00e1s me conviene. Y \u00c9l se alegra de tomar por mi \u00fanicamente aquellas decisiones que me conducen a Dios. Pongo este d\u00eda en Sus manos, pues no quiero demorar mi regreso al hogar, y es \u00c9l el que conoce el camino que me conduce a Dios.<\/p>\n<p>Y as\u00ed ponemos este d\u00eda en Tus Manos. Venimos con mentes completamente receptivas. No pedimos nada que creamos desear. Conc\u00e9denos tan s\u00f3lo lo que T\u00fa deseas que recibamos. T\u00fa conoces nuestros deseos y necesidades. Y nos conceder\u00e1s todo lo que sea necesario para ayudarnos a encontrar el camino que nos lleva hasta Ti.<\/p>\n<p>*\u00b4\u00a8)<br \/>\n\u00b8.\u2022\u00b4\u00b8.\u2022*\u00b4\u00a8) \u00b8.\u2022*\u00a8)<br \/>\n(\u00b8.\u2022\u00b4 Paz y Amor (\u00b8.\u2022`<\/p>\n<p>Pensamiento del martes 30 de agosto de 2011.<\/p>\n<p>&#8220;Muchas personas dan la espalda al mundo espiritual, incluso<br \/>\nreh\u00fasan o\u00edr hablar de \u00e9l, les causa miedo ya que todo parece vago<br \/>\ne incierto. Pero es porque simplemente no poseen, para penetrar<br \/>\nen \u00e9l, instrumentos tan perfeccionados como aqu\u00e9llos que les<br \/>\npermiten trabajar en el mundo f\u00edsico: las manos, los ojos, los<br \/>\no\u00eddos? Sin embargo, si estudiamos bien esta cuesti\u00f3n veremos que<br \/>\nel mundo espiritual es el mundo m\u00e1s claro, el m\u00e1s seguro y el m\u00e1s<br \/>\nreal, y que permanece eternamente inmutable y hermoso.<br \/>\nLa realidad material, palpable, accesible a los cinco sentidos,<br \/>\nno es la verdadera realidad. La verdadera realidad es la del alma<br \/>\ny la del esp\u00edritu. Para tener acceso a ella, el ser humano debe<br \/>\nhaber desarrollado sus centros y sus cuerpos sutiles, y sobre<br \/>\ntodo ser bien guiado. Si no, evidentemente, puede cometer muchos<br \/>\nerrores y da\u00f1arse poniendo en marcha fuerzas hostiles. Pero aqu\u00e9l<br \/>\nque ha aprendido a dirigirse en el mundo espiritual, descubre en<br \/>\n\u00e9l progresivamente las \u00fanicas certezas verdaderas.&#8221;<\/p>\n<p>Omraam Mikha\u00ebl <strong>A\u00efvanhov<\/strong><\/p>\n","protected":false},"excerpt":{"rendered":"<p>Martes 30 de Agosto de 2011 El foco en la riqueza La riqueza est\u00e1 por todos lados a tu alrededor. En todo momento est\u00e1s inmerso en ella. Viviendo tu vida,&hellip; <a href=\"https:\/\/www.vivesur.com\/wpblog\/fecha-gregoriana-30-de-agosto-del-2011\/\" class=\"apace-readmore-link\">Read more<\/a><\/p>\n","protected":false},"author":1,"featured_media":0,"comment_status":"open","ping_status":"open","sticky":false,"template":"","format":"standard","meta":[],"categories":[1,8],"tags":[],"_links":{"self":[{"href":"https:\/\/www.vivesur.com\/wpblog\/wp-json\/wp\/v2\/posts\/2270"}],"collection":[{"href":"https:\/\/www.vivesur.com\/wpblog\/wp-json\/wp\/v2\/posts"}],"about":[{"href":"https:\/\/www.vivesur.com\/wpblog\/wp-json\/wp\/v2\/types\/post"}],"author":[{"embeddable":true,"href":"https:\/\/www.vivesur.com\/wpblog\/wp-json\/wp\/v2\/users\/1"}],"replies":[{"embeddable":true,"href":"https:\/\/www.vivesur.com\/wpblog\/wp-json\/wp\/v2\/comments?post=2270"}],"version-history":[{"count":0,"href":"https:\/\/www.vivesur.com\/wpblog\/wp-json\/wp\/v2\/posts\/2270\/revisions"}],"wp:attachment":[{"href":"https:\/\/www.vivesur.com\/wpblog\/wp-json\/wp\/v2\/media?parent=2270"}],"wp:term":[{"taxonomy":"category","embeddable":true,"href":"https:\/\/www.vivesur.com\/wpblog\/wp-json\/wp\/v2\/categories?post=2270"},{"taxonomy":"post_tag","embeddable":true,"href":"https:\/\/www.vivesur.com\/wpblog\/wp-json\/wp\/v2\/tags?post=2270"}],"curies":[{"name":"wp","href":"https:\/\/api.w.org\/{rel}","templated":true}]}}