{"id":2266,"date":"2011-08-30T15:50:36","date_gmt":"2011-08-30T13:50:36","guid":{"rendered":"http:\/\/vivesur.com\/wpblog\/?p=2266"},"modified":"2011-08-30T15:50:36","modified_gmt":"2011-08-30T13:50:36","slug":"la-noche-oscura-del-alma","status":"publish","type":"post","link":"https:\/\/www.vivesur.com\/wpblog\/la-noche-oscura-del-alma\/","title":{"rendered":"La Noche Oscura del Alma"},"content":{"rendered":"<p>La Noche Oscura del Alma<br \/>\nby Augusto Figueroa Bustos<br \/>\n<span style=\"font-size: 12pt;\"><img loading=\"lazy\" src=\"http:\/\/vivesur.com\/wpblog\/wp-content\/uploads\/2011\/09\/wpid-codice+magliabechiano-2011-08-30-15-50.jpg\" alt=\"wpid-codice+magliabechiano-2011-08-30-15-50.jpg\" width=\"250\" height=\"193\" \/><\/span><br \/>\nLa vida es un ir y venir de situaciones\u2026 a veces est\u00e1s mal, o como puedes estar en el cielo. El objetivo de todo el trayecto que llevamos, es llegar a una posici\u00f3n en donde solo vivamos en eterna alegr\u00eda y dicha, en eterna entrega a Dios Padre Creador.<\/p>\n<p>Pero antes de llegar a esa, tan anhelada dicha perenne, nuestro cuerpo, nuestra consciencia, nuestro ser, debe pasar por la llamada\u2026 &#8220;Noche oscura del alma&#8221;\u2026 y qu\u00e9 es esto, en palabras claras, objetivas, que puedas entender.<\/p>\n<p>La noche oscura del alma, es vivir todo el compendio de emociones turbadoras, en tu cuerpo. Es sumar toda la rabia, malestares, ira, odio, todo lo que has podido experimentar durante toda tu existencia en la tierra\u2026 de forma controlada claro, y en proporciones livianas, que tu cuerpo pueda contener.<\/p>\n<p>Entras en lo profundo del dolor, de todo lo que viviste\u2026 y \u00bfpara qu\u00e9? te preguntas. No es porque nos gusta verlos sufrir, no. Entras en ese estado, para jam\u00e1s volver a pasarlo, para desear jam\u00e1s, volver a sentir esa experiencia, que ya fue suficiente, con haberla vivido a lo largo de todas tus vidas, en el planeta tierra.<\/p>\n<p>Entonces, cuando llegue ese momento a tu vida, cuando sientas que entras en la noche oscura del alma\u2026 solo d\u00e9jate llevar\u2026 entra en ella\u2026 como entrar\u00edas en la luz\u2026 Y luego que lo hayas vivido plenamente y en consciencia, agradece por la ense\u00f1anza experimentada, desp\u00eddete amorosamente por haberse presentado, pues esa ha sido la antesala a tu renacer, como un hermoso ser de luz resplandeciente, lleno de dicha y felicidad, por haber pasado exitosamente la \u00faltima prueba, antes de trascender, antes de mirarse plenamente como el ser hermoso que eres.<\/p>\n<p>No anhelen llegar all\u00ed\u2026 eso se dar\u00e1 de forma espont\u00e1nea, de forma sutil y en el momento perfecto para ti. Pero cuando llegue\u2026 ya sabes que debes disfrutarlo plenamente, sin sentirte culpable.<\/p>\n<p>Puedes llegar a sorprenderte, sintiendo que est\u00e1s agradado por sentir el poder de tus emociones m\u00e1s perversas\u2026 pero no te juzgues, no critiques esa condici\u00f3n en ti\u2026 pues es eso, precisamente, lo que debes soltar\u2026 y pertenece a la ilusi\u00f3n que has vivido por tanto tiempo. Solo disfr\u00fatalo en su momento\u2026 y desp\u00eddete sabiendo, certeramente, que lo que vivir\u00e1s, desde ese momento en adelante\u2026 es la dicha y el poder de la luz, en cada c\u00e9lula de tu cuerpo.<\/p>\n<p>Despu\u00e9s de esto, no habr\u00e1 otra cosa, m\u00e1s que pura dicha, felicidad plena y dicha eterna.<\/p>\n<p>(Sar\u00e4Amma)<\/p>\n<p><a href=\"http:\/\/isismikael.blogspot.com\/\">http:\/\/isismikael.blogspot.com\/<\/a><\/p>\n","protected":false},"excerpt":{"rendered":"<p>La Noche Oscura del Alma by Augusto Figueroa Bustos La vida es un ir y venir de situaciones\u2026 a veces est\u00e1s mal, o como puedes estar en el cielo. El&hellip; <a href=\"https:\/\/www.vivesur.com\/wpblog\/la-noche-oscura-del-alma\/\" class=\"apace-readmore-link\">Read more<\/a><\/p>\n","protected":false},"author":1,"featured_media":0,"comment_status":"open","ping_status":"open","sticky":false,"template":"","format":"standard","meta":[],"categories":[1,8],"tags":[],"_links":{"self":[{"href":"https:\/\/www.vivesur.com\/wpblog\/wp-json\/wp\/v2\/posts\/2266"}],"collection":[{"href":"https:\/\/www.vivesur.com\/wpblog\/wp-json\/wp\/v2\/posts"}],"about":[{"href":"https:\/\/www.vivesur.com\/wpblog\/wp-json\/wp\/v2\/types\/post"}],"author":[{"embeddable":true,"href":"https:\/\/www.vivesur.com\/wpblog\/wp-json\/wp\/v2\/users\/1"}],"replies":[{"embeddable":true,"href":"https:\/\/www.vivesur.com\/wpblog\/wp-json\/wp\/v2\/comments?post=2266"}],"version-history":[{"count":0,"href":"https:\/\/www.vivesur.com\/wpblog\/wp-json\/wp\/v2\/posts\/2266\/revisions"}],"wp:attachment":[{"href":"https:\/\/www.vivesur.com\/wpblog\/wp-json\/wp\/v2\/media?parent=2266"}],"wp:term":[{"taxonomy":"category","embeddable":true,"href":"https:\/\/www.vivesur.com\/wpblog\/wp-json\/wp\/v2\/categories?post=2266"},{"taxonomy":"post_tag","embeddable":true,"href":"https:\/\/www.vivesur.com\/wpblog\/wp-json\/wp\/v2\/tags?post=2266"}],"curies":[{"name":"wp","href":"https:\/\/api.w.org\/{rel}","templated":true}]}}