{"id":2259,"date":"2011-09-03T12:23:19","date_gmt":"2011-09-03T10:23:19","guid":{"rendered":"http:\/\/vivesur.com\/wpblog\/?p=2259"},"modified":"2011-09-03T12:23:19","modified_gmt":"2011-09-03T10:23:19","slug":"onda-encantada-de-la-estrella-amarilla-04-29-8-10-9-2011-ano-mago-6","status":"publish","type":"post","link":"https:\/\/www.vivesur.com\/wpblog\/onda-encantada-de-la-estrella-amarilla-04-29-8-10-9-2011-ano-mago-6\/","title":{"rendered":"ONDA ENCANTADA DE LA ESTRELLA AMARILLA-04( 29.8  10.9 2011-A\u00f1o Mago 6)"},"content":{"rendered":"<p><span style=\"text-decoration: underline;\">ONDA ENCANTADA DE LA ESTRELLA AMARILLA-04(Desde el d\u00eda 29 de agosto hasta el 10 de septiembre de 2011-A\u00f1o Mago 6)<\/span><\/p>\n<p style=\"text-align: center\"><span style=\"font-size: 12pt; color: rgb(0,0,0);\"><img loading=\"lazy\" src=\"http:\/\/vivesur.com\/wpblog\/wp-content\/uploads\/2011\/09\/wpid-desconocido-2011-09-3-12-23.png\" alt=\"wpid-desconocido-2011-09-3-12-23.png\" width=\"372\" height=\"362\" \/><\/span> <\/p>\n<p style=\"text-align: center\">FECHA GREGORIANA (29\/08\/2011) <\/p>\n<p style=\"text-align: center\"><span style=\"font-size: 12pt; color: rgb(0,0,0);\"><img loading=\"lazy\" src=\"http:\/\/vivesur.com\/wpblog\/wp-content\/uploads\/2011\/09\/wpid-desconocido-2011-09-3-12-231.png\" alt=\"wpid-desconocido-2011-09-3-12-231.png\" width=\"50\" height=\"68\" \/><\/span><\/p>\n<p style=\"text-align: center\">ESTRELLA MAGNETICO AMARILLA <\/p>\n<p style=\"text-align: center\">LAMAT HUN <\/p>\n<p style=\"text-align: center\">KIN: 248 <\/p>\n<p style=\"text-align: center\">SELLO N\u00ba 8 <\/p>\n<p>ONDA ENCANTADA LA ESTRELLA<br \/>\nLUNA MAGNETICA DEL MURCIELAGO : UNIFICAR &#8211; ATRAER &#8211; PROPOSITO<br \/>\nDIA DE LA SEMANA O PLASMA RADIAL: SILIO<br \/>\nSEMANA: INICIA (ROJO)<br \/>\nFASE LUNAR: NUEVA<br \/>\n SOLTICIO DE INVIERNO (En el Sur) , SOLTICIO DE VERANO (En el Norte)<\/p>\n<p>OR\u00c1CULO:<\/p>\n<p style=\"text-align: center\"><span style=\"font-size: 12pt; color: rgb(0,0,0);\"><img loading=\"lazy\" src=\"http:\/\/vivesur.com\/wpblog\/wp-content\/uploads\/2011\/09\/wpid-desconocido-2011-09-3-12-232.png\" alt=\"wpid-desconocido-2011-09-3-12-232.png\" width=\"216\" height=\"217\" \/><\/span> <\/p>\n<p>ESTRELLA: Acci\u00f3n: EMBELLECER. Poder: ELEGANCIA. Esencia: ARTE.<br \/>\nMAGN\u00c9TICA: Acci\u00f3n: ATRAER. Poder: UNIFICAR. Esencia: PROP\u00d3SITO.<br \/>\nP\u00f3rtico Magn\u00e9tico, identifica el Prop\u00f3sito. \u00bfCu\u00e1l es mi meta?<br \/>\nFaltan 480 d\u00edas para el cierre del ciclo 21-12-2012. Entramos en la onda n\u00ba 20, la \u00faltima del Tzolkin, la Onda Encantada de la Estrella Amarilla, el poder de la Elegancia. Despu\u00e9s de este giro gal\u00e1ctico, estamos m\u00e1s cerca del final del ciclo y del inicio del Nuevo Tiempo. Es muy importante que nos demos cuenta de lo privilegiados que somos al poder estar aqu\u00ed y ahora, en estos momentos del cambio tan importante de vibraci\u00f3n de la Tierra. Al vivir estos d\u00edas estamos ayudando al cambio con la \u201cBelleza y Elegancia de la Estrella que nos hace ver la Tierra como una Obra de Arte\u201d. Son importantes en la historia presente, ya que por fin nos vamos a convertir en seres Noosf\u00e9ricos, y nos daremos cuenta de que el modo de vida de \u201cel tiempo es dinero\u201d ya no va a tener cabida, sino que ahora ser\u00e1 \u201cel Tiempo es Arte\u201d. Y el arte se hace de cualquier circunstancia que la vida nos presenta cuando lo manifiesta. Todos somos seres de mucha luz y si vamos actuando con armon\u00eda embellecemos el entorno y nuestra luz puede alcanzar l\u00edmites insospechados y desconocidos. Al venir a este mundo de nuevo, en esta encarnaci\u00f3n, lo hicimos con mucha ilusi\u00f3n para poder participar de estas circunstancias tan importantes de fin de ciclo y de inicio del nuevo. Hicimos los proyectos con esperanza y emoci\u00f3n, programamos el recordarnos los unos a los otros la importancia de lo que estamos viviendo. As\u00ed que, como quedamos all\u00e1 antes de venir, te recuerdo que lo que importa en estos momentos es que la belleza interior que tenemos se manifieste \u00edntegramente para que podamos mirarnos los unos a los otros a los ojos, sonre\u00edr y saber que verdaderamente somos \u201cIn lak\u2019ech\u201d, que no tenemos nada que esconder porque nuestra mente es pura, los pensamientos arm\u00f3nicos y el objetivo c\u00f3smico. Tenemos que recordarnos que el ego ya no tiene prioridad en las decisiones personales, antes es el bien com\u00fan que el personal puesto que somos una unidad dentro de la totalidad. Nos podemos mirar a los ojos y no apartar la vista, mantener la mirada en los del otro y as\u00ed hacer una trasmisi\u00f3n de amor, ver en sus ojos el cosmos infinito lleno de Estrellas brillando continuamente, centelleando d\u00e1ndonos a entender que all\u00ed hay una Estrella con planetas alrededor que podr\u00eda incluso ser nuestra casa de origen. Porque hay muchos seres humanos que no son originalmente de la Tierra, sino que vienen de otros lugares de la galaxia o de otras galaxias, y por ello, cuando vemos las Estrellas nocturnas suspiramos y sentimos algo muy especial al pasar la vista por alg\u00fan punto concreto del cielo. \u00bfCu\u00e1l es el mensaje? \u00bfQu\u00e9 tengo que ver con esos puntos luminosos que aparecen por las noches? El cosmos es infinito y lleno de vida. Nosotros, la Tierra y los dem\u00e1s planetas de nuestro sistema solar, formamos una unidad alrededor de nuestro Sol; y todos juntos giramos alrededor del Sol Central de las Pl\u00e9yades, Alcione; y junto a ellas giramos alrededor del Centro de la Galaxia, Hunab Ku (como la llamaban los Maya) formando parte de la Galaxia de la V\u00eda L\u00e1ctea; que a su vez forma parte de las miles de millones de Galaxias que forman este Universo. Somos como una min\u00fascula gota de agua en un mar inmenso. Despu\u00e9s de todas estas palabras, lo que quiero manifestar es la grandeza del Universo y del ser humano, ya que somos como el macrocosmos pero en microcosmos. Toda la belleza c\u00f3smica est\u00e1 en nosotros. Ante la adversidad actuaremos con elegancia y armon\u00eda, respirando la energ\u00eda c\u00f3smica, y sintiendo que danzamos por el aire y somos una Estrella m\u00e1s. Debemos ser pura belleza en nuestros comportamientos, palabras, acciones, trabajos\u2026 y saber que tenemos la ayuda de los seres estelares que est\u00e1n circulando alrededor de la Tierra proporcion\u00e1ndonos lo necesario para despertar, mantenernos despiertos y conseguir la consciencia continua y poder mantenerla el mayor tiempo posible. Todos somos Estrellas haciendo Arte de la vida, cada cual desde donde vive y desde quien es. \u00bfSabes que eres una Estrella de luz c\u00f3smica? \u00bfSabes que iluminas all\u00e1 donde vas? \u00bfTe conoces y sabes que estos momentos en tu vida son m\u00e1gicos y muy especiales? Todos somos puntitos de luz movi\u00e9ndonos por la Tierra tratando de ser cada vez m\u00e1s grandes y luminosos. Cuando te encuentres ante un ser que consideres especial, cierra los ojos y trata de percibirle desde la luz que eres, y sentir\u00e1s una sensaci\u00f3n\u2026 CONSIDERATE UNA ESTRELLA CAMINANDO POR LA TIERRA Y CONECTANDOTE CON TODAS LAS DEM\u00c1S. LA F\u00d3RMULA DE LA LEY DEL TIEMPO: T (E)=ARTE, QUIERE DECIR QUE CUALQUIER CIRCUNSTANCIA QUE VIVES, LA ENERG\u00cdA, DESDE EL TIEMPO DE LA CUARTA DIMENSI\u00d3N SIEMPRE SER\u00c1 ARTE. Y EL ARTE ES PAZ, ARMON\u00cdA, CALMA, AMOR, SUTILEZA, INTROSPECCI\u00d3N, BELLEZA, MIRADA SILENCIOSA, SENTIMIENTO DE SENCILLEZ DENTRO DE LA GRANDEZA. CONVIERTE TU VIDA EN ARTE. ERES UNA ESTRELLA MUY ESPECIAL BRILLANDO INFINITAMENTE EN EL COSMOS. \u00a1RESPIRO, SONR\u00cdO, SOY UN SER C\u00d3SMICO! \u00a1SOY UNA ESTRELLA EN LA TIERRA!<\/p>\n<p style=\"text-align: center\">FECHA GREGORIANA (30\/08\/2011) <\/p>\n<p style=\"text-align: center\"><span style=\"font-size: 12pt; color: rgb(0,0,0);\"><img loading=\"lazy\" src=\"http:\/\/vivesur.com\/wpblog\/wp-content\/uploads\/2011\/09\/wpid-desconocido-2011-09-3-12-233.png\" alt=\"wpid-desconocido-2011-09-3-12-233.png\" width=\"50\" height=\"66\" \/><\/span><\/p>\n<p style=\"text-align: center\">LUNA LUNAR ROJA <\/p>\n<p style=\"text-align: center\">MULUC KA <\/p>\n<p style=\"text-align: center\">KIN: 249 <\/p>\n<p style=\"text-align: center\">SELLO N\u00ba 9 <\/p>\n<p>ONDA ENCANTADA LA ESTRELLA<br \/>\nLUNA MAGNETICA DEL MURCIELAGO : UNIFICAR &#8211; ATRAER &#8211; PROPOSITO<br \/>\nDIA DE LA SEMANA O PLASMA RADIAL: DALI<br \/>\nSEMANA: REFINA (BLANCO)<br \/>\nFASE LUNAR: NUEVA<br \/>\n SOLTICIO DE INVIERNO (En el Sur) , SOLTICIO DE VERANO (En el Norte)<\/p>\n<p>LUNA: Acci\u00f3n: PURIFICAR. Poder: AGUA UNIVERSAL. Esencia: FLUJO.<br \/>\nLUNAR: Acci\u00f3n: ESTABILIZAR. Poder: POLARIZAR. Esencia: DESAF\u00cdO.<br \/>\nC\u00e1mara Lunar, identifica el Desaf\u00edo. \u00bfCu\u00e1les son los obst\u00e1culos?<br \/>\nHeptada 6 blanca \u201cEl So\u00f1ar evoluciona el Arte\u201d. La Luna que acompa\u00f1a a la Tierra le ayuda a que en el interior todo fluya con armon\u00eda. Para ser seres maravillosamente arm\u00f3nicos debemos tener un alma pura, pedir a la Luna que nos ense\u00f1e a estabilizarnos y a que los bloqueos desaparezcan. Vivir es maravilloso y las Lunas lo saben \u00bfverdad? VIVIR SINTIENDO QUE APRENDEMOS A MORIR ES MUY IMPORTANTE. EN ESE APRENDIZAJE SOLTAMOS LOS APEGOS Y EMOCIONES, S\u00d3LO AS\u00cd SER\u00c1 M\u00c1S SENCILLA LA ASCENSI\u00d3N C\u00d3SMICA. \u00a1FLUYE Y S\u00c9 FELIZ!<\/p>\n<p style=\"text-align: center\">FECHA GREGORIANA (31\/08\/2011) <\/p>\n<p style=\"text-align: center\"><span style=\"font-size: 12pt; color: rgb(0,0,0);\"><img loading=\"lazy\" src=\"http:\/\/vivesur.com\/wpblog\/wp-content\/uploads\/2011\/09\/wpid-desconocido-2011-09-3-12-234.png\" alt=\"wpid-desconocido-2011-09-3-12-234.png\" width=\"50\" height=\"65\" \/><\/span><\/p>\n<p style=\"text-align: center\">PERRO ELECTRICA BLANCO <\/p>\n<p style=\"text-align: center\">OC OX <\/p>\n<p style=\"text-align: center\">KIN: 250 <\/p>\n<p style=\"text-align: center\">SELLO N\u00ba 10 <\/p>\n<p>ONDA ENCANTADA LA ESTRELLA<br \/>\nLUNA MAGNETICA DEL MURCIELAGO : UNIFICAR &#8211; ATRAER &#8211; PROPOSITO<br \/>\nDIA DE LA SEMANA O PLASMA RADIAL: SELI<br \/>\nSEMANA: REFINA (BLANCO)<br \/>\nFASE LUNAR: NUEVA<br \/>\n SOLTICIO DE INVIERNO (En el Sur) , SOLTICIO DE VERANO (En el Norte)<\/p>\n<p>PERRO: Acci\u00f3n: AMAR. Poder: CORAZ\u00d3N. Esencia: LEALTAD.<br \/>\nEL\u00c9CTRICO: Acci\u00f3n: VINCULAR. Poder: ACTIVAR. Esencia: SERVICIO.<br \/>\nLa C\u00e1mara El\u00e9ctrica, identifica el servicio. \u00bfC\u00f3mo alcanzar la meta?<br \/>\nHoy con el Perro El\u00e9ctrico Blanco se activa la Estaci\u00f3n Gal\u00e1ctica del AMOR que dura 65 d\u00edas. El amor del Perro se activa e inunda nuestro ser, percibiendo sus caricias y lealtad. Todos unidos formando un \u00fanico coraz\u00f3n, sin palabras, sin necesitar nada; s\u00f3lo sintiendo que como seres estelares nuestros cuerpos de luz penetran al f\u00edsico y juntos formamos una unidad de Amor. HEMOS VENIDO A ACTIVAR EL AMOR Y A UNIRNOS TODOS JUNTOS AL SERVICIO DE UN BIEN SUPERIOR, LA NOOSFERA Y EL NUEVO TIEMPO.<\/p>\n<p style=\"text-align: center\">FECHA GREGORIANA (01\/09\/2011) <\/p>\n<p style=\"text-align: center\"><span style=\"font-size: 12pt; color: rgb(0,0,0);\"><img loading=\"lazy\" src=\"http:\/\/vivesur.com\/wpblog\/wp-content\/uploads\/2011\/09\/wpid-desconocido-2011-09-3-12-235.png\" alt=\"wpid-desconocido-2011-09-3-12-235.png\" width=\"50\" height=\"65\" \/><\/span><\/p>\n<p style=\"text-align: center\">MONO AUTOEXISTENTE AZUL <\/p>\n<p style=\"text-align: center\">CHUEN KAN <\/p>\n<p style=\"text-align: center\">KIN: 251 <\/p>\n<p style=\"text-align: center\">SELLO N\u00ba 11 <\/p>\n<p>ONDA ENCANTADA LA ESTRELLA<br \/>\nLUNA MAGNETICA DEL MURCIELAGO : UNIFICAR &#8211; ATRAER &#8211; PROPOSITO<br \/>\nDIA DE LA SEMANA O PLASMA RADIAL: GAMMA<br \/>\nSEMANA: REFINA (BLANCO)<br \/>\nFASE LUNAR: NUEVA<br \/>\n SOLTICIO DE INVIERNO (En el Sur) , SOLTICIO DE VERANO (En el Norte)<\/p>\n<p>MONO: Acci\u00f3n: JUGAR. Poder: MAGIA. Esencia: ILUSI\u00d3N.<br \/>\nAUTOEXISTENTE: Acci\u00f3n: MEDIR. Poder: DEFINIR. Esencia: FORMA.<br \/>\nC\u00e1mara Autoexistente, identifica la Forma. \u00bfCu\u00e1l es la forma de la acci\u00f3n?<br \/>\nLa forma es con el Mono, con alegr\u00eda y juego. La evoluci\u00f3n y el desarrollo espiritual no tienen porqu\u00e9 ser serios. Al contrario, quien siente que est\u00e1 en su camino correcto, siempre estar\u00e1 feliz, sonriente y la vida le parecer\u00e1 un juego de ni\u00f1os para conseguir ganar la partida y obtener el premio mayor. Para ello ha definido y medido sus propias reglas de juego y continuamente las va adaptando a su estado personal. TODO OCURRE AQU\u00cd Y AHORA. JUEGA EL JUEGO DE LA VIDA CON TODAS TUS CUALIDADES Y APRENDIZAJES M\u00c1GICOS, YA SABES CUAL SER\u00c1 TU PREMIO QUE S\u00d3LO T\u00da PODR\u00c1S LOGRAR. \u00a1JUEGAS Y GANAS Y EL PREMIO TIENE QUE VER CON TU MAYOR ILUSI\u00d3N Y APRENDIZAJE ESPIRITUAL!<\/p>\n<p style=\"text-align: center\">FECHA GREGORIANA (02\/09\/2011) <\/p>\n<p style=\"text-align: center\"><span style=\"font-size: 12pt; color: rgb(0,0,0);\"><img loading=\"lazy\" src=\"http:\/\/vivesur.com\/wpblog\/wp-content\/uploads\/2011\/09\/wpid-desconocido-2011-09-3-12-236.png\" alt=\"wpid-desconocido-2011-09-3-12-236.png\" width=\"50\" height=\"66\" \/><\/span><\/p>\n<p style=\"text-align: center\">HUMANO ENTONADO AMARILLO <\/p>\n<p style=\"text-align: center\">EB HO <\/p>\n<p style=\"text-align: center\">KIN: 252 <\/p>\n<p style=\"text-align: center\">SELLO N\u00ba 12 <\/p>\n<p>ONDA ENCANTADA LA ESTRELLA<br \/>\nLUNA MAGNETICA DEL MURCIELAGO : UNIFICAR &#8211; ATRAER &#8211; PROPOSITO<br \/>\nDIA DE LA SEMANA O PLASMA RADIAL: KALI<br \/>\nSEMANA: REFINA (BLANCO)<br \/>\nFASE LUNAR: NUEVA<br \/>\n SOLTICIO DE INVIERNO (En el Sur) , SOLTICIO DE VERANO (En el Norte)<\/p>\n<p>HUMANO: Acci\u00f3n: INFLUENCIAR. Poder: LIBRE VOLUNAD. Esencia: SABIDUR\u00cdA.<br \/>\nENTONADO: Acci\u00f3n: COMANDAR. Poder: CONFIERE PODER. Esencia: ESPLENDOR.<br \/>\nTorre Entonada, toma el Mando. Re\u00fane los Recursos.<br \/>\nSomos Humanos que experimentamos la libre voluntad hasta que aprendemos a respetarla en los dem\u00e1s y a vivirla en nosotros. Ese es el mayor poder y desde ese estado la sabidur\u00eda que poseemos la podemos manifestar en las decisiones y actos del d\u00eda a d\u00eda. Las influencias mutuas de Humano a Humano, es la clave de la evoluci\u00f3n, en solitario no aprendemos. TOMAMOS EL PODER AL EJERCITAR LA LIBERTAD DE HACER O NO HACER, DE DECIR O NO DECIR, DE SER UNO MISMO O SER LA COPIA DE OTROS. \u00a1SONR\u00cdO, MIRO A MI ALREDEDOR Y DOY GRACIAS POR SER YO Y ESTAR AQU\u00cd Y AHORA APRENDIENDO Y VIVIENDO MIS EXPERIENCIAS DE ASCENSI\u00d3N!<br \/>\nHASTA AQU\u00cd HEMOS ESTABLECIDO LA BASE GAL\u00c1CTICA DE LA ACCI\u00d3N<\/p>\n<p style=\"text-align: center\">FECHA GREGORIANA (03\/09\/2011) <\/p>\n<p style=\"text-align: center\"><span style=\"font-size: 12pt; color: rgb(0,0,0);\"><img loading=\"lazy\" src=\"http:\/\/vivesur.com\/wpblog\/wp-content\/uploads\/2011\/09\/wpid-desconocido-2011-09-3-12-237.png\" alt=\"wpid-desconocido-2011-09-3-12-237.png\" width=\"50\" height=\"65\" \/><\/span><\/p>\n<p style=\"text-align: center\">CAMINANTE DEL CIELO RITMICA ROJO <\/p>\n<p style=\"text-align: center\">BEN UAK <\/p>\n<p style=\"text-align: center\">KIN: 253 <\/p>\n<p style=\"text-align: center\">SELLO N\u00ba 13 <\/p>\n<p>ONDA ENCANTADA LA ESTRELLA<br \/>\nLUNA MAGNETICA DEL MURCIELAGO : UNIFICAR &#8211; ATRAER &#8211; PROPOSITO<br \/>\nDIA DE LA SEMANA O PLASMA RADIAL: ALPHA<br \/>\nSEMANA: REFINA (BLANCO)<br \/>\nFASE LUNAR: NUEVA<br \/>\n SOLTICIO DE INVIERNO (En el Sur) , SOLTICIO DE VERANO (En el Norte)<\/p>\n<p>CAMINANTE DEL CIELO: Acci\u00f3n: EXPLORAR. Poder: ESPACIO. Esencia: VIGILANCIA.<br \/>\nRITMICO: Acci\u00f3n: EQUILIBRAR. Poder: ORGANIZAR. Esencia: IGUALDAD.<br \/>\nC\u00e1mara R\u00edtmica, manda la Igualdad. Administra el desaf\u00edo.<br \/>\nY seguimos mirando hacia arriba con el Caminante del Cielo que nos ense\u00f1a a viajar por el espacio infinito observando las nubes, las Estrellas, los Sistemas Solares, las Galaxias&#8230; el Cosmos. Y al mismo tiempo exploramos el entorno donde nos movemos y organizamos la vida y lo miramos con detenimiento para deducir si los intereses en los que nos movemos son personales o gal\u00e1cticos. VIAJA, SUE\u00d1A, VUELA, SE FELIZ DANDO VUELTAS POR LOS ENTORNOS C\u00d3SMICOS Y TERRESTRES EN LOS QUE TE MUEVES Y TE GUSTAR\u00cdA MOVERTE. \u00a1ATREVETE A EXPLORAR Y CONOCER\u00c1S NUEVOS CAMINOS HACIA LA PERFECCI\u00d3N!<\/p>\n<p style=\"text-align: center\">FECHA GREGORIANA (04\/09\/2011) <\/p>\n<p style=\"text-align: center\"><span style=\"font-size: 12pt; color: rgb(0,0,0);\"><img loading=\"lazy\" src=\"http:\/\/vivesur.com\/wpblog\/wp-content\/uploads\/2011\/09\/wpid-desconocido-2011-09-3-12-238.png\" alt=\"wpid-desconocido-2011-09-3-12-238.png\" width=\"50\" height=\"66\" \/><\/span><\/p>\n<p style=\"text-align: center\">MAGO RESONANTE BLANCO <\/p>\n<p style=\"text-align: center\">IX UUK <\/p>\n<p style=\"text-align: center\">KIN: 254 <\/p>\n<p style=\"text-align: center\">SELLO N\u00ba 14 <\/p>\n<p>ONDA ENCANTADA LA ESTRELLA<br \/>\nLUNA MAGNETICA DEL MURCIELAGO : UNIFICAR &#8211; ATRAER &#8211; PROPOSITO<br \/>\nDIA DE LA SEMANA O PLASMA RADIAL: LIMI<br \/>\nSEMANA: REFINA (BLANCO)<br \/>\nFASE LUNAR: CRECIENTE<br \/>\n SOLTICIO DE INVIERNO (En el Sur) , SOLTICIO DE VERANO (En el Norte)<\/p>\n<p>MAGO: Acci\u00f3n: ENCANTAR. Poder: ATEMPORALIDAD. Esencia: RECEPTIVIDAD.<br \/>\nRESONANTE: Acci\u00f3n: INSPIRAR. Poder: CANALIZAR. Esencia: ARMONIZACI\u00d3N.<br \/>\nLa C\u00e1mara Resonante, manda la armonizaci\u00f3n. Sintonizar el servicio con la acci\u00f3n.<br \/>\nVinal 3 ZIP \u201cPara Integrar el Universo\u201d. Los Magos se gu\u00edan por las Estrellas y son conocedores de ellas y de la vida que puede haber dentro de cada una. Canalizamos y nos inspiramos ayudados por los seres de las estrellas a los que nos hacemos receptivos siempre que nuestra vibraci\u00f3n est\u00e1 en sinton\u00eda con los canales en los que ellos trasmiten. SOMOS HUMANOS RECEPTIVOS EN LA ATEMPORALIDAD DE NUESTRA VIDA DIARIA CANALIZANDO LO NECESARIO PARA EVOLUCIONAR EN LUZ, ARMON\u00cdA Y AMOR. \u00a1ENCANTA\u2013TE Y ENCANTARAS TU ENTORNO! \u00a1ERES UN MAGO DE LA TIERRA VIVIENDO EN LA ENERG\u00cdA 13:20 CON EL CALENDAIO DE LAS 13 LUNAS!<\/p>\n<p style=\"text-align: center\">FECHA GREGORIANA (05\/09\/2011) <\/p>\n<p style=\"text-align: center\"><span style=\"font-size: 12pt; color: rgb(0,0,0);\"><img loading=\"lazy\" src=\"http:\/\/vivesur.com\/wpblog\/wp-content\/uploads\/2011\/09\/wpid-desconocido-2011-09-3-12-239.png\" alt=\"wpid-desconocido-2011-09-3-12-239.png\" width=\"50\" height=\"66\" \/><\/span><\/p>\n<p style=\"text-align: center\">AGUILA GALACTICA AZUL <\/p>\n<p style=\"text-align: center\">IK UAKAC <\/p>\n<p style=\"text-align: center\">KIN: 255 <\/p>\n<p style=\"text-align: center\">SELLO N\u00ba 15 <\/p>\n<p>ONDA ENCANTADA LA ESTRELLA<br \/>\nLUNA MAGNETICA DEL MURCIELAGO : UNIFICAR &#8211; ATRAER &#8211; PROPOSITO<br \/>\nDIA DE LA SEMANA O PLASMA RADIAL: SILIO<br \/>\nSEMANA: REFINA (BLANCO)<br \/>\nFASE LUNAR: CRECIENTE<br \/>\n SOLTICIO DE INVIERNO (En el Sur) , SOLTICIO DE VERANO (En el Norte)<\/p>\n<p>\u00c1GUILA: Acci\u00f3n: CREAR. Poder: VISI\u00d3N. Esencia: MENTE.<br \/>\nGAL\u00c1CTICA: Acci\u00f3n: MODELAR. Poder: ARMONIZAR. Esencia: INTEGRIDAD.<br \/>\nLa C\u00e1mara Gal\u00e1ctica, manda la integridad. La acci\u00f3n alcanza la forma.<br \/>\nEl momento de la verdad con la onda encantada anterior del \u00c1guila. Recuerdo de c\u00f3mo vivo los d\u00edas desde la visi\u00f3n especial creada con la mente superior. Es la mejor manera de vivir con integridad, siendo lo que crees ser, lo que ves que eres con tu mente de \u00c1guila. Sin enga\u00f1os, s\u00f3lo t\u00fa en armon\u00eda contigo y observando tus comportamientos y creencias. TODO ES POSIBLE SI SE MODELA CON MENTE SUPERIOR Y CON EL OBJETIVO M\u00c1S ELEVADO. DA GRACIAS A LA ONDA DEL \u00c1GUILA POR LO QUE TE ENSE\u00d1\u00d3 Y SIGUE ADELANTE PARA SER UNA ESTRELLA.<\/p>\n<p style=\"text-align: center\">FECHA GREGORIANA (06\/09\/2011) <\/p>\n<p style=\"text-align: center\"><span style=\"font-size: 12pt; color: rgb(0,0,0);\"><img loading=\"lazy\" src=\"http:\/\/vivesur.com\/wpblog\/wp-content\/uploads\/2011\/09\/wpid-desconocido-2011-09-3-12-2310.png\" alt=\"wpid-desconocido-2011-09-3-12-2310.png\" width=\"50\" height=\"66\" \/><\/span> <\/p>\n<p style=\"text-align: center\">GUERRERO SOLAR AMARILLO <\/p>\n<p style=\"text-align: center\">CIB BOLON <\/p>\n<p style=\"text-align: center\">KIN: 256 <\/p>\n<p style=\"text-align: center\">SELLO N\u00ba 16 <\/p>\n<p>ONDA ENCANTADA LA ESTRELLA<br \/>\nLUNA MAGNETICA DEL MURCIELAGO : UNIFICAR &#8211; ATRAER &#8211; PROPOSITO<br \/>\nDIA DE LA SEMANA O PLASMA RADIAL: DALI<br \/>\nSEMANA: TRANSFORMA (AZUL)<br \/>\nFASE LUNAR: CRECIENTE<br \/>\n SOLTICIO DE INVIERNO (En el Sur) , SOLTICIO DE VERANO (En el Norte)<\/p>\n<p>GUERRERO: Acci\u00f3n: CUESTIONAR. Poder: INTELIGENCIA. Esencia: INTREPIDEZ.<br \/>\nSOLAR: Acci\u00f3n: REALIZAR. Poder: PULSAR. Esencia: INTENCI\u00d3N.<br \/>\nLa Torre Solar, formaliza la acci\u00f3n. La acci\u00f3n puesta en movimiento.<br \/>\nHeptada 7 Azul \u201cEl So\u00f1ar evoluciona la Pureza\u201d. Estrella, Humano y Guerrero, todos en conjunto para alcanzar el objetivo propuesto de conectar con la Estrella y su arte. Desde el principio de los tiempos, el hombre ha sido un Guerrero, primero para sobrevivir y despu\u00e9s para sobresalir. Ahora es el momento de ser un nuevo Guerrero, un Mago de la Tierra que utiliza la inteligencia y la intrepidez del Guerrero para alcanzar a llegar al final del Viejo Tiempo y ayudar a la entrada del Nuevo Tiempo el 26-7-2013 a\u00f1o Semilla Gal\u00e1ctica Amarilla. La intenci\u00f3n es convertirnos en seres Noosf\u00e9ricos. EL TIEMPO PASA R\u00c1PIDO. CUESTIONANDO HOY, CAMBIAMOS LA REALIDAD DE MA\u00d1ANA. ATREVETE A SER DIFERENTE, EN ESE MARGEN EST\u00c1 EL CAMBIO Y EL CONVERTIRTE EN UN ESPIRITU M\u00c1S LUMINOSO. \u00a1SOMOS UNA LEGI\u00d3N DE VALIENTES GUERREROS CAMINO DEL 21-12-2012 DONDE GANAREMOS LA BATALLA SIN LUCHAR! \u00a1S\u00d3LO CON LA ELEVACI\u00d3N DE NUESTRA VIBRACI\u00d3N Y LA DEL PLANETA!<br \/>\nHASTA AQU\u00cd LA AMPLIACI\u00d3N SOLAR DEL RITMO DE LA ACCI\u00d3N<\/p>\n<p style=\"text-align: center\">FECHA GREGORIANA (07\/09\/2011) <\/p>\n<p style=\"text-align: center\"><span style=\"font-size: 12pt; color: rgb(0,0,0);\"><img loading=\"lazy\" src=\"http:\/\/vivesur.com\/wpblog\/wp-content\/uploads\/2011\/09\/wpid-desconocido-2011-09-3-12-2311.png\" alt=\"wpid-desconocido-2011-09-3-12-2311.png\" width=\"51\" height=\"66\" \/><\/span> <\/p>\n<p style=\"text-align: center\">TIERRA PLANETARIA ROJA <\/p>\n<p style=\"text-align: center\">MULUC LAHUM <\/p>\n<p style=\"text-align: center\">KIN: 257 <\/p>\n<p style=\"text-align: center\">SELLO N\u00ba 17 <\/p>\n<p>ONDA ENCANTADA LA ESTRELLA<br \/>\nLUNA MAGNETICA DEL MURCIELAGO : UNIFICAR &#8211; ATRAER &#8211; PROPOSITO<br \/>\nDIA DE LA SEMANA O PLASMA RADIAL: SELI<br \/>\nSEMANA: TRANSFORMA (AZUL)<br \/>\nFASE LUNAR: CRECIENTE<br \/>\n SOLTICIO DE INVIERNO (En el Sur) , SOLTICIO DE VERANO (En el Norte)<\/p>\n<p>TIERRA: Acci\u00f3n: EVOLUCIONAR. Poder: NAVEGACI\u00d3N. Esencia: SINCRONICIDAD.<br \/>\nPLANETARIA: Acci\u00f3n: PRODUCIR. Poder: PERFECCIONAR. Esencia: MANIFESTACI\u00d3N.<br \/>\nLa C\u00e1mara Planetaria, manifiesta el desaf\u00edo. La acci\u00f3n y el desaf\u00edo se encuentran.<br \/>\nEntramos en la \u00faltima Arm\u00f3nica del Tzolkin la 65, en sus \u00faltimos 4 d\u00edas. La Tierra Planetaria es la manifestaci\u00f3n de la Estrella. Hemos hecho una conexi\u00f3n durante los d\u00edas anteriores para convertirnos en Estrella siempre reaccionando con armon\u00eda y elegancia a los est\u00edmulos del entorno. Ya est\u00e1 todo aprendido, ahora toca perfeccionarlo en cada acci\u00f3n, palabra o pensamiento que vivimos. La Tierra es la que se convierte en un ser m\u00e1s evolucionado y nosotros debemos de estar a su altura para poder permanecer en ella percibiendo las sincronicidades que permiten darnos cuenta de lo maravillosa y perfecta que es la creaci\u00f3n divina y el cosmos. Es momento de manifestar la evoluci\u00f3n que durante miles de a\u00f1os hemos ido experimentando. Como dec\u00edamos, navegamos por la galaxia de la V\u00eda L\u00e1ctea formando parte del conjunto de planetas con Noosfera que albergan vida inteligente. DEBEMOS CUIDAR A NUESTRO PLANETA Y RECONOCER QUE VAMOS DANZANDO CON \u00c9L POR EL COSMOS EN UNA ARMON\u00cdA C\u00d3SMICA PERFECTA. AS\u00cd, DE LA MISMA MANERA, DEBEMOS DANZAR NOSOTROS EN NUESTRA VIDA, EVOLUCIONANDO Y CONCRETANDO ARM\u00d3NICAMENTE LOS PROCESOS INEVITABLES, PERCIBIENDO EN ELLOS LA SINCRONICIDAD.<\/p>\n<p style=\"text-align: center\">FECHA GREGORIANA (08\/09\/2011) <\/p>\n<p style=\"text-align: center\"><span style=\"font-size: 12pt; color: rgb(0,0,0);\"><img loading=\"lazy\" src=\"http:\/\/vivesur.com\/wpblog\/wp-content\/uploads\/2011\/09\/wpid-desconocido-2011-09-3-12-2312.png\" alt=\"wpid-desconocido-2011-09-3-12-2312.png\" width=\"50\" height=\"66\" \/><\/span> <\/p>\n<p style=\"text-align: center\">ESPEJO ESPECTRAL BLANCO <\/p>\n<p style=\"text-align: center\">ETZNAB BULUK <\/p>\n<p style=\"text-align: center\">KIN: 258 <\/p>\n<p style=\"text-align: center\">SELLO N\u00ba 18 <\/p>\n<p>ONDA ENCANTADA LA ESTRELLA<br \/>\nLUNA MAGNETICA DEL MURCIELAGO : UNIFICAR &#8211; ATRAER &#8211; PROPOSITO<br \/>\nDIA DE LA SEMANA O PLASMA RADIAL: GAMMA<br \/>\nSEMANA: TRANSFORMA (AZUL)<br \/>\nFASE LUNAR: CRECIENTE<br \/>\n SOLTICIO DE INVIERNO (En el Sur) , SOLTICIO DE VERANO (En el Norte)<\/p>\n<p>ESPEJO: Acci\u00f3n: REFLEJAR. Poder: SIN FIN. Esencia: ORDEN.<br \/>\nESPECTRAL: Acci\u00f3n: DIVULGAR. Poder: DISOLVER. Esencia: LIBERACI\u00d3N.<br \/>\nLa C\u00e1mara Espectral, liberaci\u00f3n del servicio. La acci\u00f3n disuelve el servicio.<br \/>\nEl Espejo mostr\u00e1ndonos las m\u00faltiples realidades en su interior, nos ense\u00f1a tambi\u00e9n que en ellas existen otras Estrellas con vida m\u00e1s evolucionada que la nuestra. Como dice las Cr\u00f3nicas de la Historia C\u00f3smica (Jos\u00e9 Arg\u00fcelles-Valum Votan y Stephanie South-La Reina Roja), este planeta que habitamos es de bajo nivel evolutivo, por ello estamos aqu\u00ed ahora esperando que acabe este ciclo de aprendizaje y comenzar otro de vibraci\u00f3n m\u00e1s elevada. Pon dos espejos en \u00e1ngulo recto y ver\u00e1s como el sin fin se manifiesta en la conjunci\u00f3n de las dos im\u00e1genes. Cuando se unen el resultado es m\u00e1gico. Podemos ver el presente, pasado y futuro como un solo momento, viendo lo que hemos disuelto y lo que hemos divulgado. De esta visi\u00f3n sacamos la ense\u00f1anza para seguir en el momento. El orden que acompa\u00f1a al espejo es superior, no es s\u00f3lo externo sino que es profundamente interior. La meditaci\u00f3n es fiel compa\u00f1era del Espejo. Tenemos que ordenar los recuerdos, dejando ir, liberando los que nos hicieron da\u00f1o en el pasado, sin rencor, \u201cperdonando y olvidando\u201d. El peso del pasado, nos entristece y estanca, as\u00ed que una buena manera de poner orden en la vida el \u201cliberar-se del pasado\u201d. HAZ UN TRABAJO PERSONAL DE AMOR A LAS PERSONAS, LUGARES Y ACCIONES CON LOS QUE TE HAS SENTIDO DA\u00d1ADO EN EL PASADO, AL AMARLO TODO, TE LIBERAS DE LAS ATADURAS E IR\u00c1S CON M\u00c1S LIGEREZA EL RESTO DE TU VIDA. \u00a1DIME ESPEJITO M\u00c1GICO! \u00bfSOY LIBRE DE M\u00cd MOSMO\/A? \u00bfESTOY EN EL CAMINO CORRECTO? \u00bfREFLEJO LO QUE SOY O ME ENGA\u00d1O CON ILUSIONES? \u00a1MUESTRAME EL CAMINO M\u00c1S CORTO PARA ENTRAR DENTRO DE M\u00cd SER E ILUMINARME! \u00a1GRACIAS!<\/p>\n<p style=\"text-align: center\">FECHA GREGORIANA (09\/09\/2011) <\/p>\n<p style=\"text-align: center\"><span style=\"font-size: 12pt; color: rgb(0,0,0);\"><img loading=\"lazy\" src=\"http:\/\/vivesur.com\/wpblog\/wp-content\/uploads\/2011\/09\/wpid-desconocido-2011-09-3-12-2313.png\" alt=\"wpid-desconocido-2011-09-3-12-2313.png\" width=\"50\" height=\"66\" \/><\/span> <\/p>\n<p style=\"text-align: center\">TORMENTA DE MUNDOS CRISTAL AZUL <\/p>\n<p style=\"text-align: center\">CAUAC LAHAK <\/p>\n<p style=\"text-align: center\">KIN: 259 <\/p>\n<p style=\"text-align: center\">SELLO N\u00ba 19 <\/p>\n<p>ONDA ENCANTADA LA ESTRELLA<br \/>\nLUNA MAGNETICA DEL MURCIELAGO : UNIFICAR &#8211; ATRAER &#8211; PROPOSITO<br \/>\nDIA DE LA SEMANA O PLASMA RADIAL: KALI<br \/>\nSEMANA: TRANSFORMA (AZUL)<br \/>\nFASE LUNAR: CRECIENTE<br \/>\n SOLTICIO DE INVIERNO (En el Sur) , SOLTICIO DE VERANO (En el Norte)<\/p>\n<p>TORMENTA: Acci\u00f3n: CATALIZAR. Poder: AUTOGENERACI\u00d3N. Esencia: ENERG\u00cdA.<br \/>\nCRISTAL: Acci\u00f3n: UNIVERSALIZAR. Poder: DEDICARSE. Esencia: COOPERACI\u00d3N.<br \/>\nLa C\u00e1mara Cristal, cooperaci\u00f3n de la forma. La mesa redonda se re\u00fane, la acci\u00f3n del pasado se formaliza, la acci\u00f3n futura se prepara.<br \/>\nLlegamos a la Tormenta Cristal, a la cooperaci\u00f3n de la forma, a dedicarnos a la propia autogeneraci\u00f3n antes de llegar al final del camino de los 260 kines. Aunque nos autogeneramos a nivel individual, las Tormentas act\u00faan globalmente. Cuando la energ\u00eda se moviliza en un lugar, afecta a todos los que tienen que ver con \u00e9l, a los que viven all\u00ed y a los que pasan o est\u00e1n un tiempo en ese lugar. Esa es la magia que a veces se nos escapa. Todo absolutamente todo est\u00e1 unido, relacionado, interactuando. Las energ\u00edas de las personas, los lugares y los hechos se interpenetran, por ello muchas veces sin saberlo nos impregnamos de ellas y reaccionamos de manera totalmente extra\u00f1a e inesperada. En la reuni\u00f3n de la Mesa redonda, se comparte todo lo que nos relaciona con la Estrella, los esfuerzos y trabajos que hemos hecho para percibir la \u201cTierra como una Obra de Arte\u201d. En este final de ciclo, es muy importante reconocer que en cualquier momento algo puede actuar de catalizador y provocar una aut\u00e9ntica catarsis; ignorando de donde ha salido esa energ\u00eda pero reconociendo despu\u00e9s que ha sido maravillosa pues aunque tormentosa y provocadora de mucha alteraci\u00f3n\u2026, nos ha servido para cambiar. TODOS SOMOS ESTRELLAS CREANDO ARTE DE CADA ACCI\u00d3N. ACEPTAMOS LA TORMENTA QUE NOS VIENE PORQUE ES PROVOCADORA PERO AMOROSA, MOVILIZADORA PERO CARI\u00d1OSA, DEBASTADORA PERO REGENERADORA. Y DESPU\u00c9S DE LA TEMPESTAD VIENE LA CALMA CON HUMILDAD, AMOR, PAZ Y MUCHA ALEGR\u00cdA. \u00a1RECIBE A LA TORMENTA PUES CUANDO SE MARCHE Y TODO VUELVA A LA NORMALIDAD VER\u00c1S LOS CAMBIOS QUE TE HA PERMITIDO HACER! \u00a1SIEMPRE SALE EL SOL DESPU\u00c9S!<br \/>\nYA HEMOS HECHO LA TRANSFORMACI\u00d3N PLANETARIA DE LA ACCI\u00d3N<\/p>\n<p style=\"text-align: center\">FECHA GREGORIANA (10\/09\/2011) <\/p>\n<p style=\"text-align: center\"><span style=\"font-size: 12pt; color: rgb(0,0,0);\"><img loading=\"lazy\" src=\"http:\/\/vivesur.com\/wpblog\/wp-content\/uploads\/2011\/09\/wpid-desconocido-2011-09-3-12-2314.png\" alt=\"wpid-desconocido-2011-09-3-12-2314.png\" width=\"50\" height=\"66\" \/><\/span> <\/p>\n<p style=\"text-align: center\">SOL COSMICO AMARILLO <\/p>\n<p style=\"text-align: center\">AHAU OXLAHUN <\/p>\n<p style=\"text-align: center\">KIN: 260 <\/p>\n<p style=\"text-align: center\">SELLO N\u00ba 20 <\/p>\n<p>ONDA ENCANTADA LA ESTRELLA<br \/>\nLUNA MAGNETICA DEL MURCIELAGO : UNIFICAR &#8211; ATRAER &#8211; PROPOSITO<br \/>\nDIA DE LA SEMANA O PLASMA RADIAL: ALPHA<br \/>\nSEMANA: TRANSFORMA (AZUL)<br \/>\nFASE LUNAR: CRECIENTE<br \/>\n SOLTICIO DE INVIERNO (En el Sur) , SOLTICIO DE VERANO (En el Norte)<\/p>\n<p>SOL: Acci\u00f3n: ILUMINAR. Poder: FUEGO UNIVERSAL. Esencia: VIDA.<br \/>\nC\u00d3SMICO: Acci\u00f3n: TRASCENDER. Poder: PERDURAR. Esencia: PRESENCIA.<br \/>\nEl P\u00f3rtico C\u00f3smico, toma el vuelo m\u00e1gico. Retorno magn\u00e9tico.<br \/>\nHemos llegado al kin 260 Sol C\u00f3smico Amarillo, el \u00faltimo d\u00eda del Castillo Verde Central del Encantar donde hemos aprendido a vivir con el Calendario de 13 Lunas y el Tzolkin de 260 d\u00edas. Es un d\u00eda de gran recogimiento, repasando lo que ha ocurrido en estos 260 d\u00edas mencionados anteriormente. Y recordamos a Valum Votan cuyo viaje al otro lado ha trascurrido precisamente en estos 260 d\u00edas. En su memoria hacemos la lectura del \u201cVoto de la meditaci\u00f3n NOOG\u00c9NESIS\u201d por V. V., la puedes encontrar en \u201cA leer en la Ceremonia de Vigilia por Valum Votan\u201d (en <a href=\"http:\/\/www.ondaencantada.com\">www.ondaencantada.com<\/a> est\u00e1 en donde pone PRACTICAS). Nos recogemos en Meditaci\u00f3n, y recordamos como estamos iluminando nuestra vida, pues tenemos que hacerlo para la perdurabilidad y la presencia en nosotros de todo lo aprendido. Es vivir continuamente el momento presente, sin penas por el pasado ni grandes expectativas de futuro. Cada d\u00eda es especial porque est\u00e1 iluminado por el Fuego universal que nos trae la memoria de quienes somos, que hacemos aqu\u00ed y hacia donde nos dirigimos. Somos Estrellitas brillando junto a nuestro Sol que es nuestra Estrella Maestra. Los Seres de las Estrellas est\u00e1n esperando que les escuchemos telep\u00e1ticamente, as\u00ed es como se dirigen a nosotros, de manera consciente comunic\u00e1ndonos todo lo que necesitamos escuchar ya sea para nosotros o para otros. PREPARA TU PERCEPCI\u00d3N INTERIOR YA QUE LAS COMUNICACINES DESDE NIVELES SUPERIORES DE LUZ COMIENZAN A MANIFESTARSE. PRESTA TUS OIDOS A ESAS COMUNICACCIONES TELEP\u00c1TICAS QUE SON PARA Y POR EL BIEN DE LOS HUMANOS Y SE EST\u00c1N EMPEZANDO A MANIFESTAR DESDE LAS ESTRELLAS, SOBRE TODO DESDE SIRIO. \u00a1ESTAMOS EN MUY BUENA COMPA\u00d1\u00cdA! \u00a1ESCUCHA Y RECIBIR\u00c1S LO QUE NECESITAS CON MUCHO AMOR! \u00a1NOS VEMOS CUANDO VENGA EL DRAG\u00d3N DE NUEVO! \u00a1BUEN VIAJE! Y DESDE AQU\u00cd NOS TRASLADAMOS C\u00d3SMICAMENTE A LA ONDA ENCANTADA DEL DRAG\u00d3N Y HACEMOS EL RETORNO MAGN\u00c9TICO Y GAL\u00c1CTICO<\/p>\n","protected":false},"excerpt":{"rendered":"<p>ONDA ENCANTADA DE LA ESTRELLA AMARILLA-04(Desde el d\u00eda 29 de agosto hasta el 10 de septiembre de 2011-A\u00f1o Mago 6) FECHA GREGORIANA (29\/08\/2011) ESTRELLA MAGNETICO AMARILLA LAMAT HUN KIN: 248&hellip; <a href=\"https:\/\/www.vivesur.com\/wpblog\/onda-encantada-de-la-estrella-amarilla-04-29-8-10-9-2011-ano-mago-6\/\" class=\"apace-readmore-link\">Read more<\/a><\/p>\n","protected":false},"author":1,"featured_media":0,"comment_status":"open","ping_status":"open","sticky":false,"template":"","format":"standard","meta":[],"categories":[1,8],"tags":[],"_links":{"self":[{"href":"https:\/\/www.vivesur.com\/wpblog\/wp-json\/wp\/v2\/posts\/2259"}],"collection":[{"href":"https:\/\/www.vivesur.com\/wpblog\/wp-json\/wp\/v2\/posts"}],"about":[{"href":"https:\/\/www.vivesur.com\/wpblog\/wp-json\/wp\/v2\/types\/post"}],"author":[{"embeddable":true,"href":"https:\/\/www.vivesur.com\/wpblog\/wp-json\/wp\/v2\/users\/1"}],"replies":[{"embeddable":true,"href":"https:\/\/www.vivesur.com\/wpblog\/wp-json\/wp\/v2\/comments?post=2259"}],"version-history":[{"count":0,"href":"https:\/\/www.vivesur.com\/wpblog\/wp-json\/wp\/v2\/posts\/2259\/revisions"}],"wp:attachment":[{"href":"https:\/\/www.vivesur.com\/wpblog\/wp-json\/wp\/v2\/media?parent=2259"}],"wp:term":[{"taxonomy":"category","embeddable":true,"href":"https:\/\/www.vivesur.com\/wpblog\/wp-json\/wp\/v2\/categories?post=2259"},{"taxonomy":"post_tag","embeddable":true,"href":"https:\/\/www.vivesur.com\/wpblog\/wp-json\/wp\/v2\/tags?post=2259"}],"curies":[{"name":"wp","href":"https:\/\/api.w.org\/{rel}","templated":true}]}}