{"id":2195,"date":"2011-08-29T13:34:50","date_gmt":"2011-08-29T11:34:50","guid":{"rendered":"http:\/\/vivesur.com\/wpblog\/?p=2195"},"modified":"2011-08-29T13:34:50","modified_gmt":"2011-08-29T11:34:50","slug":"musicoterapia-musica-para-curar","status":"publish","type":"post","link":"https:\/\/www.vivesur.com\/wpblog\/musicoterapia-musica-para-curar\/","title":{"rendered":"Musicoterapia, m\u00fasica para curar"},"content":{"rendered":"<p>Musicoterapia, m\u00fasica para curar<br \/>\n <span style=\"font-size: 12pt;\"><img loading=\"lazy\" src=\"http:\/\/vivesur.com\/wpblog\/wp-content\/uploads\/2011\/08\/wpid-cmusicoterapia-2011-08-29-13-341.jpg\" alt=\"wpid-cmusicoterapia-2011-08-29-13-341.jpg\" width=\"395\" height=\"312\" \/><\/span><br \/>\nLa musicoterapia es una t\u00e9cnica terap\u00e9utica que utiliza la m\u00fasica en<\/p>\n<p>todas sus formas con participaci\u00f3n activa o receptiva por parte del<\/p>\n<p>paciente. Todos nosotros sabemos reconocer cu\u00e1ndo una canci\u00f3n nos parece<\/p>\n<p>alegre o nos parece triste. Generalmente asociamos nuestro estado de<\/p>\n<p>\u00e1nimo a la melod\u00eda de numerosas obras de todo tipo. Pues bien,<\/p>\n<p>precisamente la musicoterapia recurre a estas melod\u00edas como m\u00e9todo para<\/p>\n<p>curar o reducir diversos problemas de salud.<\/p>\n<p>La idea de base es reconocer que gran parte de las enfermedades tienen<\/p>\n<p>su origen en el cerebro, quien luego transmite a una parte del cuerpo un<\/p>\n<p>est\u00edmulo determinado que reproduce una enfermedad. Con la musicoterapia<\/p>\n<p>se intenta hacer llegar al cerebro unos est\u00edmulos que le lleven a una<\/p>\n<p>relajaci\u00f3n o anulaci\u00f3n de los que reproducen la enfermedad, a trav\u00e9s de<\/p>\n<p>diversas melod\u00edas con las que se pueden conseguir efectos sorprendentes.<\/p>\n<p>Aunque la musicoterapia ya se conoce desde la antig\u00fcedad, en los a\u00f1os 40<\/p>\n<p>de nuestro siglo se utiliza como rama de medicina recuperativa, que con<\/p>\n<p>efectos fisiol\u00f3gicos, afectivos y mentales, contribuyendo a un<\/p>\n<p>equilibrio psicof\u00edsico de las personas. Hoy en d\u00eda se aplica<\/p>\n<p>fundamentalmente en desequilibrios nerviosos, influye positivamente<\/p>\n<p>sobre el coraz\u00f3n y pulmones, alcoholismo, drogas y como prevenci\u00f3n de<\/p>\n<p>suicidios, aunque todav\u00eda es necesario profundizar mucho m\u00e1s en el tema.<\/p>\n<p>El esquema b\u00e1sico de trabajo en esta disciplina contempla tres aspectos:<\/p>\n<p>la interacci\u00f3n positiva del paciente con otros seres, la autoestima y<\/p>\n<p>el empleo del ritmo como elemento generador de energ\u00eda y orden. La<\/p>\n<p>musicoterapia act\u00faa como motivaci\u00f3n para el desarrollo de autoestima,<\/p>\n<p>con t\u00e9cnicas que provoquen en el individuo sentimientos de<\/p>\n<p>autorrealizaci\u00f3n, autoconfianza, autosatisfacci\u00f3n y mucha seguridad en<\/p>\n<p>s\u00ed mismo. El ritmo, elemento b\u00e1sico, din\u00e1mico y potente en la m\u00fasica, es<\/p>\n<p>el est\u00edmulo orientador de procesos psicomotores que promueven la<\/p>\n<p>ejecuci\u00f3n de movimientos controlados: desplazamientos para tomar<\/p>\n<p>conciencia del espacio vivenciados a trav\u00e9s del propio cuerpo.<\/p>\n<p><strong>La herramienta sonora m\u00e1s poderosa seg\u00fan muchos terapeutas del sonido es<\/p>\n<p>el canto de arm\u00f3nicos. A trav\u00e9s de nuestras propias voces, podemos<\/p>\n<p>proyectar a la parte enferma la frecuencia de resonancia correcta, y<\/p>\n<p>devolver su frecuencia normal. Seg\u00fan Jonh Beaulieu, la entonaci\u00f3n de<\/p>\n<p>arm\u00f3nicos afecta incluso al flujo de la kundalini de las tradiciones<\/p>\n<p>m\u00edsticas. Tema muy relacionado con los mantras tibetanos realizados para<\/p>\n<p>limpiar los chakras y despertar su energ\u00eda para alcanzar la<\/p>\n<p>iluminaci\u00f3n.<\/strong><\/p>\n<p><strong>Insomnio<\/strong>:<\/p>\n<p>Nocturnos de Chopin<\/p>\n<p>(op. 9 No. 3) <a href=\"http:\/\/www.youtube.com\/watch?v=gCPnUFmIJWM\">http:\/\/www.youtube.com\/watch?v=gCPnUFmIJWM<\/a><\/p>\n<p>(op. 15 No. 2) <a href=\"http:\/\/www.youtube.com\/watch?v=SbAEsaZ8_LM\">http:\/\/www.youtube.com\/watch?v=SbAEsaZ8_LM<\/a><\/p>\n<p>(op. 9 n.\u00ba 2) <a href=\"http:\/\/www.youtube.com\/watch?v=YGRO05WcNDk&#038;feature=related\">http:\/\/www.youtube.com\/watch?v=YGRO05WcNDk&#038;feature=related<\/a><\/p>\n<p>Preludio para la siesta de un Fauno de Debussy<\/p>\n<p><a href=\"http:\/\/www.youtube.com\/watch?v=F5A4CkUAazI&#038;feature=fvw\">http:\/\/www.youtube.com\/watch?v=F5A4CkUAazI&#038;feature=fvw<\/a><\/p>\n<p>Canon en Re de Pachelbel<\/p>\n<p><a href=\"http:\/\/www.youtube.com\/watch?v=hOA-2hl1Vbc&#038;feature=related\">http:\/\/www.youtube.com\/watch?v=hOA-2hl1Vbc&#038;feature=related<\/a><\/p>\n<p><strong>Hipertensi\u00f3n<\/strong>:<\/p>\n<p>Las cuatro estaciones de Vivaldi<\/p>\n<p><a href=\"http:\/\/www.youtube.com\/watch?v=yb8icchy4H4&#038;feature=fvst\">http:\/\/www.youtube.com\/watch?v=yb8icchy4H4&#038;feature=fvst<\/a><\/p>\n<p>Serenata n\u00ba13 en Sol Mayor de Mozart<\/p>\n<p><a href=\"http:\/\/www.youtube.com\/watch?v=E0Lu-i2ioPc\">http:\/\/www.youtube.com\/watch?v=E0Lu-i2ioPc<\/a><\/p>\n<p>M\u00fasica acu\u00e1tica de Haendel<\/p>\n<p><a href=\"http:\/\/www.youtube.com\/watch?v=gor3p4OtLfQ\">http:\/\/www.youtube.com\/watch?v=gor3p4OtLfQ<\/a><\/p>\n<p>Concierto para viol\u00edn de Beethoven<\/p>\n<p><a href=\"http:\/\/www.youtube.com\/watch?v=Qx9LOgSGGqk\">http:\/\/www.youtube.com\/watch?v=Qx9LOgSGGqk<\/a><\/p>\n<p>Sinfon\u00eda n\u00ba8 de Dvorak<\/p>\n<p><a href=\"http:\/\/www.youtube.com\/watch?v=W5UbrhqdqQE\">http:\/\/www.youtube.com\/watch?v=W5UbrhqdqQE<\/a><\/p>\n<p><strong>Ansiedad<\/strong>:<\/p>\n<p>Concierto de Aranjuez de Rodrigo<\/p>\n<p><a href=\"http:\/\/www.youtube.com\/watch?v=RxwceLlaODM\">http:\/\/www.youtube.com\/watch?v=RxwceLlaODM<\/a><\/p>\n<p>Las cuatro estaciones de Vivaldi<\/p>\n<p><a href=\"thttp:\/\/www.youtube.com\/watch?v=f_pjH2b808w&#038;feature=related\">thttp:\/\/www.youtube.com\/watch?v=f_pjH2b808w&#038;feature=related<\/a><\/p>\n<p>La sinfon\u00eda Linz, k425 de Mozart<\/p>\n<p><a href=\"http:\/\/www.youtube.com\/watch?v=JcDFZSEGFno\">http:\/\/www.youtube.com\/watch?v=JcDFZSEGFno<\/a><\/p>\n<p><strong>Dolor de Cabeza:<br \/>\n<\/strong><br \/>\nSue\u00f1o de Amor de Liszt<\/p>\n<p><a href=\"http:\/\/www.youtube.com\/watch?v=_pysf5ixCTQ\">http:\/\/www.youtube.com\/watch?v=_pysf5ixCTQ<\/a><\/p>\n<p>Serenata de Schubert<\/p>\n<p><a href=\"http:\/\/www.youtube.com\/watch?v=ZpA0l2WB86E&#038;feature=related\">http:\/\/www.youtube.com\/watch?v=ZpA0l2WB86E&#038;feature=related<\/a><\/p>\n<p>Himno al Sol de Rimsky-Korsakov<\/p>\n<p><a href=\"http:\/\/www.youtube.com\/watch?v=Y4rTuFS0D3g\">http:\/\/www.youtube.com\/watch?v=Y4rTuFS0D3g<\/a><\/p>\n<p><strong>Dolor de est\u00f3mago:<\/strong><\/p>\n<p>M\u00fasica para la Mesa de Telemann<\/p>\n<p><a href=\"http:\/\/www.youtube.com\/watch?v=8exrY_VSeZc\">http:\/\/www.youtube.com\/watch?v=8exrY_VSeZc<\/a><\/p>\n<p>Concierto de Arpa de Haendel<\/p>\n<p><a href=\"http:\/\/www.youtube.com\/watch?v=iBnr6mJZJFg\">http:\/\/www.youtube.com\/watch?v=iBnr6mJZJFg<\/a><\/p>\n<p>Concierto de oboe de Vivaldi<\/p>\n<p><a href=\"http:\/\/www.youtube.com\/watch?v=jEQ0N9D1NQs\">http:\/\/www.youtube.com\/watch?v=jEQ0N9D1NQs<\/a><\/p>\n<p><strong>Energ\u00e9ticas<\/strong>:<\/p>\n<p>La suite Karalia de Sibelius<\/p>\n<p><a href=\"http:\/\/www.youtube.com\/watch?v=YXETVI3iKN0\">http:\/\/www.youtube.com\/watch?v=YXETVI3iKN0<\/a><\/p>\n<p>Serenata de Cuerdas (op. 48) de Tschaikowsky<\/p>\n<p><a href=\"http:\/\/www.youtube.com\/watch?v=EIt5Movn1o4\">http:\/\/www.youtube.com\/watch?v=EIt5Movn1o4<\/a><\/p>\n<p>Obertura de Guillermo Tell de Rossini<\/p>\n<p><a href=\"http:\/\/www.youtube.com\/watch?v=6y7tjxii2y4\">http:\/\/www.youtube.com\/watch?v=6y7tjxii2y4<\/a><\/p>\n<p><a href=\"http:\/\/www.youtube.com\/watch?v=tIxIknEONkU\">http:\/\/www.youtube.com\/watch?v=tIxIknEONkU<\/a><\/p>\n<p><strong>Para la Sanaci\u00f3n y armon\u00eda de tu hogar:<\/strong><\/p>\n<p>Todo lo de Wolfang Amadeus Mozart<\/p>\n<p><a href=\"http:\/\/www.youtube.com\/watch?v=df-eLzao63I\">http:\/\/www.youtube.com\/watch?v=df-eLzao63I<\/a><\/p>\n<p>Lib\u00e9rate de la carga de los juicios. Al juzgar impones el bien y el mal a<\/p>\n<p>situaciones que simplemente son. Todo se puede entender y perdonar,<\/p>\n<p>pero cuando juzgas te apartas de la comprensi\u00f3n y anulas el proceso de<\/p>\n<p>aprender a amar. Al juzgar a otros reflejas tu falta de autoaceptaci\u00f3n.<\/p>\n<p>Recuerda que cada persona a la que perdones aumenta tu amor a ti mismo.<\/p>\n<p>   ******************<\/p>\n<p>No contamines tu cuerpo con toxinas, ya sea por la comida, la bebida o<\/p>\n<p>por emociones t\u00f3xicas. Tu cuerpo no es s\u00f3lo un sistema de mantenimiento<\/p>\n<p>de la vida. Es el veh\u00edculo que te llevar\u00e1 en el viaje de tu evoluci\u00f3n.<\/p>\n<p>La salud de cada c\u00e9lula contribuye directamente a tu estado de<\/p>\n<p>bienestar, porque cada c\u00e9lula es un punto de conciencia dentro del campo<\/p>\n<p>de la conciencia que eres t\u00fa.<\/p>\n<p><span style=\"font-size: 14pt; color: rgb(0,24,229);\">CANCIONES Y VIDEOS MUSICOTERAPIA<br \/>\n<\/span><br \/>\n<span style=\"font-size: 12pt;\"><a href=\"http:\/\/4.bp.blogspot.com\/_F5O_gh009Nw\/TK2mbs8-u6I\/AAAAAAAADko\/eqC5pcPsrW8\/s1600\/musicoterapia.gif\"><img loading=\"lazy\" src=\"http:\/\/vivesur.com\/wpblog\/wp-content\/uploads\/2011\/08\/wpid-musicoterapia.gif-2011-08-29-13-34.png\" alt=\"wpid-musicoterapia.gif-2011-08-29-13-34.png\" width=\"200\" height=\"158\" \/><\/a><\/span><\/p>\n<p style=\"text-align: justify\"><span style=\"font-size: 14pt; color: rgb(0,24,229);\">Con estas canciones, intentaremos trabajar durante este curso, en nuestras sesiones de MUSICOTERAPIA.<\/span><\/p>\n<p style=\"text-align: justify\"><span style=\"font-size: 14pt; text-decoration: underline;\"><a href=\"http:\/\/www.youtube.com\/watch?v=UHM7AvhK82E&#038;feature=player_embedded#!\">El Lago de los Cisnes de Chaicovski<\/a><\/span> <span style=\"font-size: 14pt; color: rgb(0,24,229);\">Escucha pero tambi\u00e9n mira. Merece la pena.<\/span><\/p>\n<p style=\"text-align: justify\"><span style=\"font-size: 14pt; text-decoration: underline;\"><a href=\"http:\/\/www.youtube.com\/watch?v=0htwQ2YDhM8&#038;feature=related\">VIVALDI. Las Cuatro Estaciones. La Primavera.<\/a><\/span><\/p>\n<p><span style=\"font-size: 14pt; text-decoration: underline;\"><a href=\"http:\/\/www.youtube.com\/watch?v=U8v12M2mRVM&#038;feature=related\">VIVALDI. Las Cuatro Estaciones. El Oto\u00f1o.<\/a><\/span><br \/>\n<span style=\"font-size: 14pt; text-decoration: underline;\"><a href=\"http:\/\/www.youtube.com\/watch?v=f_pjH2b808w&#038;feature=related\">VIVALDI. Las Cuatro Estaciones. El Verano.<\/a><\/span><br \/>\n<span style=\"font-size: 14pt; text-decoration: underline;\"><a href=\"http:\/\/www.youtube.com\/watch?v=cJxTcFFErYg&#038;feature=fvw\">VIVALDI. Las Cuatro Estaciones. El Invierno.<\/a><\/span><br \/>\n<span style=\"font-size: 14pt; text-decoration: underline;\"><a href=\"http:\/\/www.youtube.com\/watch?v=E0Lu-i2ioPc\">Mozart. Serenata n\u00ba 13<\/a><\/span><br \/>\n<span style=\"font-size: 14pt; text-decoration: underline;\"><a href=\"http:\/\/www.youtube.com\/watch?v=80tCv0Ezse4&#038;feature=fvsr\">Canon en RE de Pachebel<\/a><\/span><br \/>\n<span style=\"font-size: 14pt; text-decoration: underline;\"><a href=\"http:\/\/www.youtube.com\/watch?v=MPvS0g2papI\">Nocturno Chop\u00edn<\/a><\/span><br \/>\n<span style=\"font-size: 14pt; text-decoration: underline;\"><a href=\"http:\/\/www.youtube.com\/watch?v=JLNdX-VG5hI\">Preludio a la siesta de un fauno (1894) Claude Debussy<\/a><\/span><br \/>\n<span style=\"font-size: 14pt; text-decoration: underline;\"><a href=\"http:\/\/www.youtube.com\/watch?v=de5JR1_fdGc\">Concierto para piano N\u00ba 3 de Rachmaninov<\/a><\/span><br \/>\n<span style=\"font-size: 14pt; text-decoration: underline;\"><a href=\"http:\/\/www.youtube.com\/watch?v=0JGbjqpFkpI\">Bourr\u00e9e &#8211; M\u00fasica Acu\u00e1tica &#8211; Haendel<\/a><\/span><br \/>\n<span style=\"font-size: 14pt; text-decoration: underline;\"><a href=\"http:\/\/www.youtube.com\/watch?v=sSh_ijuzQRU\">Beethoven *** Concierto para viol\u00edn Op. 61 ( III &#8211; Rondo Allegro )<\/a><\/span><br \/>\n<span style=\"font-size: 14pt; text-decoration: underline;\"><a href=\"http:\/\/www.youtube.com\/watch?v=4qfLGsaRLRc\">Dvorak sinfonia no 8 mov. 1 &#8211; Eduardo Sanchez-Z\u00faber<\/a><\/span><br \/>\n<span style=\"font-size: 14pt; text-decoration: underline;\"><a href=\"http:\/\/www.youtube.com\/watch?v=e3_sML4prLE&#038;p=EAF2447C48054383&#038;playnext=1&#038;index=13\">Concierto de Aranjuez by Joaqu\u00edn Rodrigo II-Adagio<\/a><\/span><br \/>\n<span style=\"font-size: 14pt; text-decoration: underline;\"><a href=\"http:\/\/www.youtube.com\/watch?v=JcDFZSEGFno\">Mozart : C Major Symphony No. 36 &#8220;Linz&#8221;<\/a><\/span><br \/>\n<span style=\"font-size: 14pt; text-decoration: underline;\"><a href=\"http:\/\/www.youtube.com\/watch?v=_pysf5ixCTQ\">Sue\u00f1o de amor &#8211; Franz Liszt<\/a><\/span><br \/>\n<span style=\"font-size: 14pt; text-decoration: underline;\"><a href=\"http:\/\/www.youtube.com\/watch?v=ZpA0l2WB86E\">Schubert &#8220;Serenade&#8221;<\/a><\/span><br \/>\n<span style=\"font-size: 14pt; text-decoration: underline;\"><a href=\"http:\/\/www.youtube.com\/watch?v=Y4rTuFS0D3g\">Himno al Sol de Rimsky-Korsakov<\/a><\/span><br \/>\n<span style=\"font-size: 14pt; text-decoration: underline;\"><a href=\"http:\/\/www.youtube.com\/watch?v=3k0oFe4uT84&#038;p=8A16AA6EDA59BB21&#038;index=5&#038;playnext=2\">Telemann Concierto para dos Violas en Sol M 4o Mov<\/a><\/span><br \/>\n<span style=\"font-size: 14pt; text-decoration: underline;\"><a href=\"http:\/\/www.youtube.com\/watch?v=U4z0IG7WQAI\">G. F. Haendel: Concierto para arpa, cuerda y 2 flautas. \/ II Larghetto<\/a><\/span><br \/>\n<span style=\"font-size: 14pt; text-decoration: underline;\"><a href=\"http:\/\/www.youtube.com\/watch?v=jEQ0N9D1NQs\">Vivaldi &#8211; Oboe Concerto in D Minor RV454<\/a><\/span><br \/>\n<span style=\"font-size: 14pt; text-decoration: underline;\"><a href=\"http:\/\/www.youtube.com\/watch?v=XtIw5AkUEsE\">Sibelius: Karelia suite &#8211; Intermezzo<\/a><\/span><br \/>\n<span style=\"font-size: 14pt; text-decoration: underline;\"><a href=\"http:\/\/www.youtube.com\/watch?v=_AB6rRZfXzc\">M\u00fasica Cl\u00e1sica &#8211; Guillermo Tell, Giocchino Rossini<\/a><\/span><br \/>\n<span style=\"font-size: 14pt; text-decoration: underline;\"><a href=\"http:\/\/www.youtube.com\/watch?v=vZq5aNISobs\">PARA CRECER DEBEMOS COMER<\/a><\/span><br \/>\n<span style=\"font-size: 14pt; text-decoration: underline;\"><a href=\"http:\/\/www.youtube.com\/watch?v=bx1nfuzv-AM\">COMER BIEN. LOS ALGOS<\/a><\/span><\/p>\n","protected":false},"excerpt":{"rendered":"<p>Musicoterapia, m\u00fasica para curar La musicoterapia es una t\u00e9cnica terap\u00e9utica que utiliza la m\u00fasica en todas sus formas con participaci\u00f3n activa o receptiva por parte del paciente. Todos nosotros sabemos&hellip; <a href=\"https:\/\/www.vivesur.com\/wpblog\/musicoterapia-musica-para-curar\/\" class=\"apace-readmore-link\">Read more<\/a><\/p>\n","protected":false},"author":1,"featured_media":0,"comment_status":"open","ping_status":"open","sticky":false,"template":"","format":"standard","meta":[],"categories":[1,8],"tags":[],"_links":{"self":[{"href":"https:\/\/www.vivesur.com\/wpblog\/wp-json\/wp\/v2\/posts\/2195"}],"collection":[{"href":"https:\/\/www.vivesur.com\/wpblog\/wp-json\/wp\/v2\/posts"}],"about":[{"href":"https:\/\/www.vivesur.com\/wpblog\/wp-json\/wp\/v2\/types\/post"}],"author":[{"embeddable":true,"href":"https:\/\/www.vivesur.com\/wpblog\/wp-json\/wp\/v2\/users\/1"}],"replies":[{"embeddable":true,"href":"https:\/\/www.vivesur.com\/wpblog\/wp-json\/wp\/v2\/comments?post=2195"}],"version-history":[{"count":0,"href":"https:\/\/www.vivesur.com\/wpblog\/wp-json\/wp\/v2\/posts\/2195\/revisions"}],"wp:attachment":[{"href":"https:\/\/www.vivesur.com\/wpblog\/wp-json\/wp\/v2\/media?parent=2195"}],"wp:term":[{"taxonomy":"category","embeddable":true,"href":"https:\/\/www.vivesur.com\/wpblog\/wp-json\/wp\/v2\/categories?post=2195"},{"taxonomy":"post_tag","embeddable":true,"href":"https:\/\/www.vivesur.com\/wpblog\/wp-json\/wp\/v2\/tags?post=2195"}],"curies":[{"name":"wp","href":"https:\/\/api.w.org\/{rel}","templated":true}]}}