{"id":2187,"date":"2011-08-29T09:54:56","date_gmt":"2011-08-29T07:54:56","guid":{"rendered":"http:\/\/vivesur.com\/wpblog\/?p=2187"},"modified":"2011-08-29T09:54:56","modified_gmt":"2011-08-29T07:54:56","slug":"lunes-29-de-agosto-de-2011","status":"publish","type":"post","link":"https:\/\/www.vivesur.com\/wpblog\/lunes-29-de-agosto-de-2011\/","title":{"rendered":"Lunes 29 de Agosto de 2011"},"content":{"rendered":"<p>Lunes 29 de Agosto de 2011<br \/>\n<span style=\"font-size: 12pt;\"><img loading=\"lazy\" src=\"http:\/\/vivesur.com\/wpblog\/wp-content\/uploads\/2011\/08\/wpid-i29811-2011-08-29-09-54.jpg\" alt=\"wpid-i29811-2011-08-29-09-54.jpg\" width=\"610\" height=\"500\" \/><\/span><br \/>\nEres alguien<\/p>\n<p>No hace falta luchar por ser alguien. Ya eres alguien, con tus dones \u00fanicos y especiales por ofrecer.<\/p>\n<p>Qu\u00e9 desperdicio ser\u00eda pasarte toda la vida buscando ser alguien que no eres. Qu\u00e9 dicha, real y verdadera, ser\u00eda utilizar cada uno de tus momentos expresando y haciendo realidad la persona \u00fanica y aut\u00e9ntica que eres.<\/p>\n<p>Este d\u00eda est\u00e1 aqu\u00ed para que dances tu propia danza, para que cantes tu propia canci\u00f3n. Vive la alegr\u00eda que ya es tuya para que la vivas, y dale forma a la belleza que ya es tuya para ser ofrecida al mundo.<\/p>\n<p>No prestes atenci\u00f3n a la visi\u00f3n ef\u00edmera y superficial del \u00e9xito que todo a tu alrededor intenta venderte. Construye un \u00e9xito que tenga real sentido para ti, siendo fiel a quien t\u00fa eres.<\/p>\n<p>La mayor\u00eda de las desilusiones que has vivido han surgido como resultado de perseguir el sue\u00f1o de otros. Deja de lado la necesidad de hacer algo as\u00ed, y siente la libertad, la asombrosa efectividad y la euforia de vivir por un objetivo que te represente de verdad, que sea realmente tuyo.<br \/>\nEres alguien \u00fanico, valioso, hermoso y que se merece lo mejor que la vida tiene para dar. Este es el momento de vivir intensa y plenamente esa realidad.<\/p>\n<p>  *\u00b4\u00a8)<br \/>\n\u00b8.\u2022\u00b4\u00b8.\u2022*\u00b4\u00a8) \u00b8.\u2022*\u00a8)<br \/>\n(\u00b8.\u2022\u00b4 Paz y Amor (\u00b8.\u2022`<\/p>\n<p>29\/08\/2011   KIN 248: Estrella Magnetico Amarillo<br \/>\n  Lamat Hun<br \/>\n    Embellece la elegancia.<br \/>\n    \u00bfCu\u00e1l es mi meta?<br \/>\n    Onda Encantada: Estrella<br \/>\n    Guia: Estrella<\/p>\n<p>    Los d\u00edas ESTRELLA debemos envolvernos con el don de la belleza, el arte de la elegancia. Es el d\u00eda de los artistas, cuando se manifiesta nuestra capacidad creativa, el d\u00eda de los artesanos y los juglares. Llenemos nuestra vida de magia, embellezc\u00e1mosla y pong\u00e1mosle adem\u00e1s un toque de color. Vivamos creativamente, busquemos alternativas. Salgamos de la rutina, rompamos los esquemas. Saquemos el actor de nuestro interior, pintemos un cuadro o cantemos una canci\u00f3n.<\/p>\n<p>    Las personas que llevan este tono,ejercen atracci\u00f3n, magnetismo a su alrededor, son unificadoras. El tono uno, identifican el prop\u00f3sito de los doce tonos posteriores. Cada persona tiene un poder, que se conjuga con el de los dem\u00e1s, para concretar un trabajo en equipo.<\/p>\n<p>    Familia: Noche. Estrella. Caminante del Cielo. Espejo.<\/p>\n<p>    Raza: Semilla. Estrella. Humano. Guerrero. Sol.<\/p>\n<p>    La Raza Amarilla Representa al Sur. Son Maduradores, din\u00e1micos, organizadores.<\/p>\n<p>*\u00b4\u00a8)<br \/>\n\u00b8.\u2022\u00b4\u00b8.\u2022*\u00b4\u00a8) \u00b8.\u2022*\u00a8)<br \/>\n(\u00b8.\u2022\u00b4 Paz y Amor (\u00b8.\u2022`<\/p>\n<p>LECCI\u00d3N 241 \u2013 En este instante santo llega la salvaci\u00f3n.<\/p>\n<p>\u00a1Qu\u00e9 alegr\u00eda tan grande la de hoy! \u00c9ste es un d\u00eda de una celebraci\u00f3n especial. Pues este d\u00eda le ofrece al mundo de tinieblas el instante que se fij\u00f3 para su liberaci\u00f3n. Ha llegado el d\u00eda en que todos los pesares se dejan atr\u00e1s y el dolor desaparece. La gloria de la salvaci\u00f3n alborea hoy sobre un mundo que ha sido liberado. \u00c9ste es un tiempo de esperanza para millones de seres. Ahora ellos se unir\u00e1n conforme t\u00fa los perdones a todos. Pues hoy t\u00fa me perdonar\u00e1s a m\u00ed.<\/p>\n<p>Ahora nos hemos perdonado los unos a los otros, y as\u00ed podemos por fin regresar a Ti. Padre, Tu Hijo, que en realidad jam\u00e1s se ausent\u00f3, retorna al Cielo y a su hogar.\u00a1Que contentos estamos de que se nos haya restituido la cordura y de poder recordar que todos somos uno!<\/p>\n<p>*\u00b4\u00a8)<br \/>\n\u00b8.\u2022\u00b4\u00b8.\u2022*\u00b4\u00a8) \u00b8.\u2022*\u00a8)<br \/>\n(\u00b8.\u2022\u00b4 Paz y Amor (\u00b8.\u2022`<\/p>\n<p>Pensamiento del lunes 29 de agosto de 2011.<\/p>\n<p>&#8220;La idea de servir a los dem\u00e1s nunca es a primera vista muy<br \/>\natractiva para mucha gente; e incluso es humillante, y esto<br \/>\nporque no saben lo que es el verdadero servicio. Si no, \u00bfpor qu\u00e9<br \/>\nen los Evangelios, Jes\u00fas dijo: \u00abEl m\u00e1s grande entre vosotros ser\u00e1<br \/>\nvuestro servidor\u00bb? Aqu\u00e9l que es grande jam\u00e1s se siente rebajado<br \/>\ncuando se pone al servicio de los dem\u00e1s, porque su grandeza es la<br \/>\ndel esp\u00edritu. Sabe que nada, ninguna tarea, le har\u00e1 perder su<br \/>\nnobleza, su verdadera grandeza.<br \/>\nJes\u00fas fue grande porque supo hacerse infinitamente peque\u00f1o. \u00c9l<br \/>\nque dec\u00eda: \u00abYo soy la verdad\u00bb, nunca pidi\u00f3 que se inclinaran ante<br \/>\n\u00e9l para servirle; al contrario, fue \u00e9l quien se convirti\u00f3 en el<br \/>\nhumilde servidor de todos. \u00bfPor qu\u00e9? Porque la verdad est\u00e1<br \/>\ncargada de una energ\u00eda inconmensurable. Debemos pues envolverla<br \/>\ncon precauci\u00f3n para que los dem\u00e1s puedan acogerla y asimilarla<br \/>\nsin que produzca da\u00f1os. El poder que da la verdad debe tambi\u00e9n<br \/>\nmanifestarse a trav\u00e9s de la humildad, el amor y la dulzura.&#8221;<\/p>\n<p>Omraam Mikha\u00ebl A\u00efvanhov<\/p>\n<p>*\u00b4\u00a8)<br \/>\n\u00b8.\u2022\u00b4\u00b8.\u2022*\u00b4\u00a8) \u00b8.\u2022*\u00a8)<br \/>\n(\u00b8.\u2022\u00b4 Paz y Amor (\u00b8.\u2022`<\/p>\n<p><a href=\"http:\/\/www.diariosur.es\/multimedia\/fotos\/ultimos\/83116-festival-tres-culturas-frigiliana-2011-0-0.html\">http:\/\/www.diariosur.es\/multimedia\/fotos\/ultimos\/83116-festival-tres-culturas-frigiliana-2011-0-0.html<\/a><\/p>\n<p>*\u00b4\u00a8)<br \/>\n\u00b8.\u2022\u00b4\u00b8.\u2022*\u00b4\u00a8) \u00b8.\u2022*\u00a8)<br \/>\n(\u00b8.\u2022\u00b4 Paz y Amor (\u00b8.\u2022`<\/p>\n<p>*\u00b4\u00a8)<br \/>\n\u00b8.\u2022\u00b4\u00b8.\u2022*\u00b4\u00a8) \u00b8.\u2022*\u00a8)<br \/>\n(\u00b8.\u2022\u00b4 Paz y Amor (\u00b8.\u2022`<\/p>\n","protected":false},"excerpt":{"rendered":"<p>Lunes 29 de Agosto de 2011 Eres alguien No hace falta luchar por ser alguien. Ya eres alguien, con tus dones \u00fanicos y especiales por ofrecer. Qu\u00e9 desperdicio ser\u00eda pasarte&hellip; <a href=\"https:\/\/www.vivesur.com\/wpblog\/lunes-29-de-agosto-de-2011\/\" class=\"apace-readmore-link\">Read more<\/a><\/p>\n","protected":false},"author":1,"featured_media":0,"comment_status":"open","ping_status":"open","sticky":false,"template":"","format":"standard","meta":[],"categories":[1,8],"tags":[],"_links":{"self":[{"href":"https:\/\/www.vivesur.com\/wpblog\/wp-json\/wp\/v2\/posts\/2187"}],"collection":[{"href":"https:\/\/www.vivesur.com\/wpblog\/wp-json\/wp\/v2\/posts"}],"about":[{"href":"https:\/\/www.vivesur.com\/wpblog\/wp-json\/wp\/v2\/types\/post"}],"author":[{"embeddable":true,"href":"https:\/\/www.vivesur.com\/wpblog\/wp-json\/wp\/v2\/users\/1"}],"replies":[{"embeddable":true,"href":"https:\/\/www.vivesur.com\/wpblog\/wp-json\/wp\/v2\/comments?post=2187"}],"version-history":[{"count":0,"href":"https:\/\/www.vivesur.com\/wpblog\/wp-json\/wp\/v2\/posts\/2187\/revisions"}],"wp:attachment":[{"href":"https:\/\/www.vivesur.com\/wpblog\/wp-json\/wp\/v2\/media?parent=2187"}],"wp:term":[{"taxonomy":"category","embeddable":true,"href":"https:\/\/www.vivesur.com\/wpblog\/wp-json\/wp\/v2\/categories?post=2187"},{"taxonomy":"post_tag","embeddable":true,"href":"https:\/\/www.vivesur.com\/wpblog\/wp-json\/wp\/v2\/tags?post=2187"}],"curies":[{"name":"wp","href":"https:\/\/api.w.org\/{rel}","templated":true}]}}