{"id":2125,"date":"2011-08-24T11:11:29","date_gmt":"2011-08-24T09:11:29","guid":{"rendered":"http:\/\/vivesur.com\/wpblog\/?p=2125"},"modified":"2011-08-24T11:11:29","modified_gmt":"2011-08-24T09:11:29","slug":"2125","status":"publish","type":"post","link":"https:\/\/www.vivesur.com\/wpblog\/2125\/","title":{"rendered":""},"content":{"rendered":"<p>*\u00b4\u00a8)<br \/>\n\u00b8.\u2022\u00b4\u00b8.\u2022*\u00b4\u00a8) \u00b8.\u2022*\u00a8) \u00b8.\u2022*\u00a8)\u00b8.\u2022*\u00b4\u00a8) \u00b8.\u2022*\u00a8\u00a8      <strong>PENSAMIENTO KHABAL<\/strong><\/p>\n<p>                 <strong>Mi\u00e9rcoles 24 de Agosto de 2011<br \/>\n<\/strong><span style=\"font-size: 12pt;\"><img loading=\"lazy\" src=\"http:\/\/vivesur.com\/wpblog\/wp-content\/uploads\/2011\/08\/wpid-24811-2011-08-24-11-11.jpg\" alt=\"wpid-24811-2011-08-24-11-11.jpg\" width=\"610\" height=\"500\" \/><\/span><br \/>\n<strong>Sin problemas<\/strong><\/p>\n<p>Si no quieres sentirte agobiado por los problemas, entonces no los generes. En cambio, utiliza exactamente esas mismas circunstancias para crear verdaderas oportunidades.<\/p>\n<p>Que algo constituya un problema, o no, depende de la manera en que respondes a \u00e9l. Como tal, puedes optar por una vida llena de problemas, o por una totalmente libre de ellos.<\/p>\n<p>Claro que hay situaciones complicadas y desafiantes cruz\u00e1ndose en tu camino cotidianamente. Pero, \u00bfganar\u00edas algo convirti\u00e9ndolas en problemas?<\/p>\n<p>Decide, en cambio, transformar esas dificultades y desaf\u00edos en oportunidades. Date cuenta de que siempre hay una manera realista y operable para lidiar con ellos, y comprom\u00e9tete contigo mismo a descubrirla.<\/p>\n<p>Lejos de sentirte agobiado por los problemas, puedes sentirte energizado por las oportunidades. En lugar de luchar contra lo que no deseas, podr\u00edas estar trabajando en pos de lo que m\u00e1s sinceramente anhelas.<br \/>\nLib\u00e9rate de los problemas empezando, en primera instancia, por no crearlos. Concentra esa energ\u00eda en las oportunidades y dale vida a lo mejor de ellas.<\/p>\n<p> *\u00b4\u00a8)<br \/>\n\u00b8.\u2022\u00b4\u00b8.\u2022*\u00b4\u00a8) \u00b8.\u2022*\u00a8)<br \/>\n(\u00b8.\u2022\u00b4 Luz Paz y Amor (\u00b8.\u2022`<br \/>\n\u00b8.\u2022\u00b4\u00b8.\u2022*\u00b4\u00a8) \u00b8.\u2022*\u00a8<br \/>\n(\u00b8.\u2022\u00b4<\/p>\n<p><strong>ASTROLOGIA MAYA<\/strong><br \/>\nFECHA GREGORIANA (24\/08\/2011)<\/p>\n<p><strong>KIN: 243 NOCHE SOLAR AZUL<br \/>\n<\/strong>AKBAL BOLON SELLO N\u00ba 3<\/p>\n<p>ONDA ENCANTADA DEL AGUILA<br \/>\nLUNA LUNAR DEL ESCORPION : ESTABILIZAR &#8211; POLARIZAR &#8211; DESAFIO<br \/>\nDIA DE LA SEMANA O PLASMA RADIAL: SELI<br \/>\nSEMANA: INICIA (ROJO)<br \/>\nFASE LUNAR: MENGUANTE<\/p>\n<p>NOCHE: Acci\u00f3n: SO\u00d1AR. Poder: ABUNDANCIA. Esencia: INTUICI\u00d3N.<br \/>\nSOLAR: Acci\u00f3n: REALIZAR. Poder: PULSAR. Esencia: INTENCI\u00d3N.<br \/>\nLa Torre Solar, formaliza la acci\u00f3n. La acci\u00f3n puesta en movimiento.<br \/>\nLa Noche siempre nos ha ayudado a resolver situaciones dif\u00edciles. En algunas culturas antiguas, la visi\u00f3n de futuro la recib\u00edan en sue\u00f1os aclaratorios y ten\u00edan mucha fe en ellos. En esta \u00e9poca nos cuesta creer en los sue\u00f1os y en la intuici\u00f3n como un sentido m\u00e1s adem\u00e1s de los cinco conocidos. S\u00f3lo al entrar en el interior la mente puede traer una consciencia superior y con ella la vida la vemos con visi\u00f3n intuitiva de abundancia realizada. RECONOCE QUE TIENES MUCHA ABUNDANCIA DE DONES EN TU INTERIOR DISPUESTOS A AFLORAR CUANDO TU MENTE EST\u00c9 UN POCO M\u00c1S CALMADA Y TE PERMITAS VERTE CON TU INTUICI\u00d3N PERSONAL MANIFIESTA. \u00a1CREETE QUE TODO LO PUEDES LOGRAR, CAMINAR\u00c1S M\u00c1S FELIZ Y LO CONSEGUIR\u00c1S!<\/p>\n<p>HASTA AQU\u00cd LA AMPLIACI\u00d3N SOLAR DEL RITMO DE LA ACCI\u00d3N<\/p>\n<p> *\u00b4\u00a8)<br \/>\n\u00b8.\u2022\u00b4\u00b8.\u2022*\u00b4\u00a8) \u00b8.\u2022*\u00a8)<br \/>\n(\u00b8.\u2022\u00b4 Luz Paz y Amor (\u00b8.\u2022`<br \/>\n\u00b8.\u2022\u00b4\u00b8.\u2022*\u00b4\u00a8) \u00b8.\u2022*\u00a8<br \/>\n(\u00b8.\u2022\u00b4<br \/>\n                              <strong>UN CURSO DE MILAGROS<br \/>\nLECCI\u00d3N 236 \u2013 Gobierno mi mente, la cual s\u00f3lo yo debo gobernar.<\/strong><\/p>\n<p>Tengo un reino que gobernar. Sin embargo, a veces no parece que yo sea su rey en absoluto. Sino que parece imponerse sobre mi, y decirme c\u00f3mo debo pensar y actuar y lo que debo sentir. No obstante, se me ha dado para que sirva cualquier prop\u00f3sito que yo perciba en \u00e9l. La \u00fanica funci\u00f3n de mi mente es servir. Hoy la pongo al servicio del Esp\u00edritu Santo para que \u00c9l la use como mejor le parezca. De esta manera, soy yo quien dirige mi mente, que s\u00f3lo yo puedo gobernar. Y as\u00ed la dejo en libertad para que haga la Voluntad de Dios.<\/p>\n<p>Padre, mi mente est\u00e1 dispuesta hoy a recibir Tus Pensamientos y a no darle entrada a ning\u00fan pensamiento que no proceda de Ti. Yo gobierno mi mente, y te la ofrezco a Ti. Acepta mi regalo, pues es el que T\u00fa me hiciste a mi.<\/p>\n<p> *\u00b4\u00a8)<br \/>\n\u00b8.\u2022\u00b4\u00b8.\u2022*\u00b4\u00a8) \u00b8.\u2022*\u00a8)<br \/>\n(\u00b8.\u2022\u00b4 Luz Paz y Amor (\u00b8.\u2022`<br \/>\n\u00b8.\u2022\u00b4\u00b8.\u2022*\u00b4\u00a8) \u00b8.\u2022*\u00a8<br \/>\n(\u00b8.\u2022\u00b4<\/p>\n<p>Pensamiento del mi\u00e9rcoles 24 de agosto de 2011.<\/p>\n<p>&#8220;La luz y la oscuridad son dos principios que no cesan de<br \/>\nenfrentarse en el mundo. Si os situ\u00e1is en el lado de la<br \/>\noscuridad, la luz os atacar\u00e1, y si os situ\u00e1is en el lado de la<br \/>\nluz, ser\u00e9is atacados por la oscuridad. Sabedlo y preparaos para<br \/>\ndefenderos. S\u00f3lo que aqu\u00ed deb\u00e9is permanecer vigilantes, porque no<br \/>\nse trata de que os defend\u00e1is de cualquier manera, sino \u00fanicamente<br \/>\nutilizando las armas de la luz. S\u00ed, porque si respond\u00e9is con los<br \/>\nmedios de la oscuridad (el odio, la crueldad y la violencia),<br \/>\ncaer\u00e9is rodando hasta las regiones en las que estas fuerzas<br \/>\nhostiles se enfrentan y se destruyen, y os ensombrecer\u00e9is y<br \/>\ndebilitar\u00e9is.<br \/>\nPensad en ello, los enemigos son una tentaci\u00f3n presentada por el<br \/>\nmundo invisible: para vencerlos, se tiende a responder utilizando<br \/>\nlos mismos medios que ellos. Pero los enemigos tambi\u00e9n pueden ser<br \/>\nuna bendici\u00f3n si intentamos responder con esta arma superior que<br \/>\nes la luz.&#8221;<\/p>\n<p>Omraam Mikha\u00ebl <strong>A\u00efvanhov<\/strong><\/p>\n<p> *\u00b4\u00a8)<br \/>\n\u00b8.\u2022\u00b4\u00b8.\u2022*\u00b4\u00a8) \u00b8.\u2022*\u00a8)<br \/>\n(\u00b8.\u2022\u00b4 Luz Paz y Amor (\u00b8.\u2022`\u00a1\u00a1 Namast\u00e9 !!<br \/>\n\u00b8.\u2022\u00b4\u00b8.\u2022*\u00b4\u00a8) \u00b8.\u2022*\u00a8<br \/>\n(\u00b8.\u2022\u00b4<\/p>\n","protected":false},"excerpt":{"rendered":"<p>*\u00b4\u00a8) \u00b8.\u2022\u00b4\u00b8.\u2022*\u00b4\u00a8) \u00b8.\u2022*\u00a8) \u00b8.\u2022*\u00a8)\u00b8.\u2022*\u00b4\u00a8) \u00b8.\u2022*\u00a8\u00a8 PENSAMIENTO KHABAL Mi\u00e9rcoles 24 de Agosto de 2011 Sin problemas Si no quieres sentirte agobiado por los problemas, entonces no los generes. En cambio, utiliza&hellip; <a href=\"https:\/\/www.vivesur.com\/wpblog\/2125\/\" class=\"apace-readmore-link\">Read more<\/a><\/p>\n","protected":false},"author":1,"featured_media":0,"comment_status":"open","ping_status":"open","sticky":false,"template":"","format":"standard","meta":[],"categories":[1,8],"tags":[],"_links":{"self":[{"href":"https:\/\/www.vivesur.com\/wpblog\/wp-json\/wp\/v2\/posts\/2125"}],"collection":[{"href":"https:\/\/www.vivesur.com\/wpblog\/wp-json\/wp\/v2\/posts"}],"about":[{"href":"https:\/\/www.vivesur.com\/wpblog\/wp-json\/wp\/v2\/types\/post"}],"author":[{"embeddable":true,"href":"https:\/\/www.vivesur.com\/wpblog\/wp-json\/wp\/v2\/users\/1"}],"replies":[{"embeddable":true,"href":"https:\/\/www.vivesur.com\/wpblog\/wp-json\/wp\/v2\/comments?post=2125"}],"version-history":[{"count":0,"href":"https:\/\/www.vivesur.com\/wpblog\/wp-json\/wp\/v2\/posts\/2125\/revisions"}],"wp:attachment":[{"href":"https:\/\/www.vivesur.com\/wpblog\/wp-json\/wp\/v2\/media?parent=2125"}],"wp:term":[{"taxonomy":"category","embeddable":true,"href":"https:\/\/www.vivesur.com\/wpblog\/wp-json\/wp\/v2\/categories?post=2125"},{"taxonomy":"post_tag","embeddable":true,"href":"https:\/\/www.vivesur.com\/wpblog\/wp-json\/wp\/v2\/tags?post=2125"}],"curies":[{"name":"wp","href":"https:\/\/api.w.org\/{rel}","templated":true}]}}