{"id":2113,"date":"2011-08-22T11:35:21","date_gmt":"2011-08-22T09:35:21","guid":{"rendered":"http:\/\/vivesur.com\/wpblog\/?p=2113"},"modified":"2011-08-22T11:35:21","modified_gmt":"2011-08-22T09:35:21","slug":"lunes-22-de-agosto-de-2011","status":"publish","type":"post","link":"https:\/\/www.vivesur.com\/wpblog\/lunes-22-de-agosto-de-2011\/","title":{"rendered":"Lunes 22 de Agosto de 2011"},"content":{"rendered":"<p>Lunes 22 de Agosto de 2011<br \/>\n<span style=\"font-size: 12pt;\"><img loading=\"lazy\" src=\"http:\/\/vivesur.com\/wpblog\/wp-content\/uploads\/2011\/08\/wpid-22811-2011-08-22-11-35.jpg\" alt=\"wpid-22811-2011-08-22-11-35.jpg\" width=\"810\" height=\"500\" \/><\/span><br \/>\n<strong>Sintiendo<\/strong><\/p>\n<p>\u00bfC\u00f3mo te sientes en relaci\u00f3n a la vida? \u00bfC\u00f3mo te sientes acerca de las metas que te has propuesto y el camino que est\u00e1s recorriendo?<\/p>\n<p>La manera en que te sientas ejerce gran influencia en la direcci\u00f3n que tomas y en la efectividad con la que te mueves. La energ\u00eda de tus sentimientos se manifestar\u00e1 en cada uno de los aspectos de tu vida.<\/p>\n<p>Manteniendo un sentimiento positivo y entusiasta respecto de cualquiera sea eso que deseas conseguir, los logros se dar\u00e1n de manera f\u00e1cil y natural. En el preciso instante en que desarrollas un sentimiento firme y sostenido, positivo, acerca de algo, ese es el instante en que comienza a hacerse realidad en tu vida.<\/p>\n<p>Si sientes que algo estar\u00e1 por siempre fuera de tu alcance, as\u00ed ser\u00e1. Sintiendo sinceramente que puedes alcanzarlo, puedes tener la certeza de que ese sentimiento te llevar\u00e1 hasta all\u00ed.<\/p>\n<p>Aquellas cosas con las que te sientes bien son las que crecer\u00e1n y se multiplicar\u00e1n en tu vida. Y t\u00fa puedes aprender a sentir esa actitud positiva respecto de cualquier cosa que decidas.<\/p>\n<p>Descubre una manera de sentir positivamente la vida tal como deseas vivirla. Y luego deja que sean esos sentimientos los que te lleven all\u00ed.<\/p>\n<p>\u00a8*\u2022.\u00b8\u00b8?\u00b8\u00b8.\u2022*\u00a8*\u2022????\u2022*\u00a8*\u2022.\u00b8\u00b8?\u00b8\u00b8.\u2022*\u00a8\u00a8*\u2022.\u00b8\u00b8?\u00b8\u00b8.\u2022*\u00a8*\u2022????<br \/>\n\u00a8*\u2022.\u00b8\u00b8?\u00b8\u00b8.\u2022*\u00a8*\u2022????\u2022*\u00a8*\u2022.\u00b8\u00b8?\u00b8\u00b8.\u2022*\u00a8 \u00a8*\u2022.\u00b8\u00b8?\u00b8\u00b8.\u2022*\u00a8*\u2022????<\/p>\n<p>FECHA GREGORIANA (22\/08\/2011)<\/p>\n<p><strong>DRAGON RESONANTE ROJO KIN: 241<br \/>\n<\/strong>IMIX UUK SELLO N\u00ba 1<\/p>\n<p>ONDA ENCANTADA DEL AGUILA<br \/>\nLUNA MAGNETICA DEL MURCIELAGO : UNIFICAR &#8211; ATRAER &#8211; PROPOSITO<br \/>\nDIA DE LA SEMANA O PLASMA RADIAL: SILIO<br \/>\nSEMANA: MADURA (AMARILLO)<br \/>\nFASE LUNAR: MENGUANTE<br \/>\nSOLTICIO DE INVIERNO (En el Sur) , SOLTICIO DE VERANO (En el Norte)<\/p>\n<p>DRAG\u00d3N: Acci\u00f3n: NUTRIR. Poder: NACIMIENTO. Esencia: SER.<br \/>\nRESONANTE: Acci\u00f3n: INSPIRAR. Poder: CANALIZAR. Esencia: ARMONIZACI\u00d3N.<br \/>\nLa C\u00e1mara Resonante, manda la armonizaci\u00f3n. Sintonizar el servicio con la acci\u00f3n.<br \/>\nCada vez que hacemos estos cambios tan fundamentales es como volver a nacer, pues tenemos que nutrirnos con una energ\u00eda que si bien es com\u00fan, tambi\u00e9n es diferente y de acuerdo al desarrollo personal y evolutivo de cada uno. Podemos canalizar e inspirarnos personalmente con el Drag\u00f3n cada vez que lo deseamos, ya que resuena y nos proporciona lo necesario para renacer de nuevo. CON VALENT\u00cdA, FUERZA, PODER Y ARMON\u00cdA, RENACES SIEMPRE COMO EL AVE F\u00c9NIX DE TUS PROPIA CENIZAS, TE SENTIR\u00c1S LLENO DE FELICIDAD Y CON LA ENERG\u00cdA NECESARIA PARA SEGUIR AVANZANDO EN TU CAMINO. \u00bfQUIERES NACER DE NUEVO? \u00a1TU MENTE ESTAR\u00c1 M\u00c1S PURA Y L\u00cdMPIA EN TU NUEVA EXISTENCIA! \u00a1PERO RECUERDA QUE SER\u00c1S T\u00da MISMO!<br \/>\n\u00a1ES EL D\u00cdA 28 DE LA LUNA MAGN\u00c9TICA, HACER LA MEDITACI\u00d3N DEL PUENTE ARCO IRIS CIRCUMPOLAR!<\/p>\n<p>\u00a8*\u2022.\u00b8\u00b8?\u00b8\u00b8.\u2022*\u00a8*\u2022????\u2022*\u00a8*\u2022.\u00b8\u00b8?\u00b8\u00b8.\u2022*\u00a8\u00a8*\u2022.\u00b8\u00b8?\u00b8\u00b8.\u2022*\u00a8*\u2022????<br \/>\n\u00a8*\u2022.\u00b8\u00b8?\u00b8\u00b8.\u2022*\u00a8*\u2022????\u2022*\u00a8*\u2022.\u00b8\u00b8?\u00b8\u00b8.\u2022*\u00a8 \u00a8*\u2022.\u00b8\u00b8?\u00b8\u00b8.\u2022*\u00a8*\u2022????<\/p>\n<p>Pensamiento del lunes 22 de agosto de 2011.<\/p>\n<p>&#8220;Una cruz, esquem\u00e1ticamente, no es m\u00e1s que el encuentro de una<br \/>\nl\u00ednea vertical y de una l\u00ednea horizontal. Estas dos l\u00edneas<br \/>\nrepresentan dos fuerzas, dos direcciones opuestas, pero que se<br \/>\nencuentran para producir la uni\u00f3n de los dos principios,<br \/>\nmasculino (la l\u00ednea vertical) y femenino (la l\u00ednea horizontal).<br \/>\nLa cruz es una expresi\u00f3n de la uni\u00f3n de los dos principios.<br \/>\nComprender la cruz, es pues saber poner en acci\u00f3n lo masculino y<br \/>\nlo femenino, lo positivo y lo negativo.<br \/>\nDir\u00e9is: \u00abPero, \u00bfc\u00f3mo poner en marcha los dos principios? \u00bfAcaso<br \/>\nes tan importante?\u00bb Si, tan importante c\u00f3mo saber utilizar el<br \/>\nfuego y el agua, que ellos son tambi\u00e9n representantes de los dos<br \/>\nprincipios, masculino (el fuego) y femenino (el agua). Imaginad<br \/>\nque no sab\u00e9is? \u00a1De cu\u00e1ntas posibilidades ser\u00edais privados!<br \/>\nReflexionad en todo lo que se puede hacer sabiendo utilizar el<br \/>\nagua y el fuego. Es la uni\u00f3n de los dos principios la que crea el<br \/>\nmovimiento. Y considerad tambi\u00e9n la rueda? \u00bfQu\u00e9 es una rueda? Una<br \/>\ncruz en movimiento.&#8221;<\/p>\n<p>Omraam Mikha\u00ebl <strong>A\u00efvanhov<\/strong><\/p>\n<p>\u00a8*\u2022.\u00b8\u00b8?\u00b8\u00b8.\u2022*\u00a8*\u2022????\u2022*\u00a8*\u2022.\u00b8\u00b8?\u00b8\u00b8.\u2022*\u00a8\u00a8*\u2022.\u00b8\u00b8?\u00b8\u00b8.\u2022*\u00a8*\u2022????<br \/>\n\u00a8*\u2022.\u00b8\u00b8?\u00b8\u00b8.\u2022*\u00a8*\u2022????\u2022*\u00a8*\u2022.\u00b8\u00b8?\u00b8\u00b8.\u2022*\u00a8 \u00a8*\u2022.\u00b8\u00b8?\u00b8\u00b8.\u2022*\u00a8*\u2022????<\/p>\n<p><strong>UCDM &#8211; LECCI\u00d3N 234 \u2013 Padre, hoy vuelvo a ser Tu Hijo.<\/strong><\/p>\n<p>Hoy vislumbraremos el momento en que los sue\u00f1os de pecado y de culpa hayan desaparecido y hayamos alcanzado la santa paz de la que nunca nos hab\u00edamos apartado. S\u00f3lo un instante ha transcurrido entre la eternidad y lo intemporal. Y fue tan fugaz, que no hubo interrupci\u00f3n alguna en la continuidad o en los pensamientos que est\u00e1n eternamente unidos cual uno solo. Jam\u00e1s ocurri\u00f3 nada que perturbase la paz de Dios el Padre ni la del Hijo. Hoy aceptamos la veracidad de este hecho.<\/p>\n<p>Te agradecemos, Padre, que no podamos perder el recuerdo de Ti ni el de Tu Amor. Reconocemos nuestra seguridad y Te damos las gracias por todos los dones que nos has concedido, por toda la amorosa ayuda que nos has prestado, por Tu inagotable paciencia y por habernos dado Tu Palabra de que hemos sido salvados.<\/p>\n<p>\u00a8*\u2022.\u00b8\u00b8?\u00b8\u00b8.\u2022*\u00a8*\u2022????\u2022*\u00a8*\u2022.\u00b8\u00b8?\u00b8\u00b8.\u2022*\u00a8\u00a8*\u2022.\u00b8\u00b8?\u00b8\u00b8.\u2022*\u00a8*\u2022????<br \/>\n\u00a8*\u2022.\u00b8\u00b8?\u00b8\u00b8.\u2022*\u00a8*\u2022????\u2022*\u00a8*\u2022.\u00b8\u00b8?\u00b8\u00b8.\u2022*\u00a8 \u00a8*\u2022.\u00b8\u00b8?\u00b8\u00b8.\u2022*\u00a8*\u2022????<\/p>\n","protected":false},"excerpt":{"rendered":"<p>Lunes 22 de Agosto de 2011 Sintiendo \u00bfC\u00f3mo te sientes en relaci\u00f3n a la vida? \u00bfC\u00f3mo te sientes acerca de las metas que te has propuesto y el camino que&hellip; <a href=\"https:\/\/www.vivesur.com\/wpblog\/lunes-22-de-agosto-de-2011\/\" class=\"apace-readmore-link\">Read more<\/a><\/p>\n","protected":false},"author":1,"featured_media":0,"comment_status":"open","ping_status":"open","sticky":false,"template":"","format":"standard","meta":[],"categories":[1,8],"tags":[],"_links":{"self":[{"href":"https:\/\/www.vivesur.com\/wpblog\/wp-json\/wp\/v2\/posts\/2113"}],"collection":[{"href":"https:\/\/www.vivesur.com\/wpblog\/wp-json\/wp\/v2\/posts"}],"about":[{"href":"https:\/\/www.vivesur.com\/wpblog\/wp-json\/wp\/v2\/types\/post"}],"author":[{"embeddable":true,"href":"https:\/\/www.vivesur.com\/wpblog\/wp-json\/wp\/v2\/users\/1"}],"replies":[{"embeddable":true,"href":"https:\/\/www.vivesur.com\/wpblog\/wp-json\/wp\/v2\/comments?post=2113"}],"version-history":[{"count":0,"href":"https:\/\/www.vivesur.com\/wpblog\/wp-json\/wp\/v2\/posts\/2113\/revisions"}],"wp:attachment":[{"href":"https:\/\/www.vivesur.com\/wpblog\/wp-json\/wp\/v2\/media?parent=2113"}],"wp:term":[{"taxonomy":"category","embeddable":true,"href":"https:\/\/www.vivesur.com\/wpblog\/wp-json\/wp\/v2\/categories?post=2113"},{"taxonomy":"post_tag","embeddable":true,"href":"https:\/\/www.vivesur.com\/wpblog\/wp-json\/wp\/v2\/tags?post=2113"}],"curies":[{"name":"wp","href":"https:\/\/api.w.org\/{rel}","templated":true}]}}