{"id":2102,"date":"2011-08-20T11:41:55","date_gmt":"2011-08-20T09:41:55","guid":{"rendered":"http:\/\/vivesur.com\/wpblog\/?p=2102"},"modified":"2011-08-20T11:41:55","modified_gmt":"2011-08-20T09:41:55","slug":"sabado-20-de-agosto-de-2011","status":"publish","type":"post","link":"https:\/\/www.vivesur.com\/wpblog\/sabado-20-de-agosto-de-2011\/","title":{"rendered":"S\u00e1bado 20 de Agosto de 2011"},"content":{"rendered":"<p>S\u00e1bado 20 de Agosto de 2011<br \/>\n<span style=\"font-size: 12pt;\"><img loading=\"lazy\" src=\"http:\/\/vivesur.com\/wpblog\/wp-content\/uploads\/2011\/08\/wpid-20811-2011-08-20-11-41.jpg\" alt=\"wpid-20811-2011-08-20-11-41.jpg\" width=\"610\" height=\"500\" \/><\/span><br \/>\n<strong>Dale un sentido a este d\u00eda<br \/>\n<\/strong><br \/>\nAunque este d\u00eda terminar\u00e1 pronto, siempre hay manera de preservar para siempre el valor intr\u00ednseco que tiene para ti. Dale un sentido a este d\u00eda, y aprov\u00e9chalo para cumplimentar ese sentido a cabalidad.<\/p>\n<p>Sin un prop\u00f3sito claro, las horas se deslizar\u00e1n lentamente y la exclusiva abundancia de este d\u00eda se habr\u00e1 ido r\u00e1pidamente y para siempre. Sin un prop\u00f3sito, este d\u00eda no es otra cosa que un intervalo de tiempo carente de sentido y a ser padecido.<\/p>\n<p>Con un prop\u00f3sito claro y pleno de sentido, sin embargo, este d\u00eda puede transformarse en un tesoro hermoso y perdurable. En lugar de un d\u00eda que r\u00e1pidamente quede en el olvido, puedes convertirlo en uno que sea recordado por siempre.<\/p>\n<p>Darle un sentido a este d\u00eda te mostrar\u00e1 tu propio camino hacia la realizaci\u00f3n. Darle un sentido a este d\u00eda te ayudar\u00e1 a superar las distracciones carentes de sentido y a recuperarte muy r\u00e1pidamente de dolorosos contratiempos.<\/p>\n<p>Este d\u00eda es un momento \u00fanico e irrepetible. Aprov\u00e9chalo al m\u00e1ximo, concentrando su especial belleza y su valor en una direcci\u00f3n positiva y plena de sentido.<\/p>\n<p>Dale un sentido a este d\u00eda, y le estar\u00e1s dando a tu vida un obsequio que perdurar\u00e1 mucho tiempo. Dale un sentido a tu vida, y podr\u00e1s agregar mucha calidez a tu mundo.<\/p>\n<p>***********************************************************<\/p>\n<p><strong>UCDM &#8211; LECCI\u00d3N 232 \u2013 Permanece en mi mente todo el d\u00eda, Padre m\u00edo.<br \/>\n<\/strong><br \/>\nPadre m\u00edo, permanece en mi mente desde el momento en que me despierte, y derrama Tu luz sobre mi todo el d\u00eda. Que cada minuto sea una oportunidad m\u00e1s de estar Contigo. Y que no me olvide de darte las gracias cada hora por haber estado conmigo y porque siempre est\u00e1s ah\u00ed presto a escucharme y a contestarme cuando te llamo. Y al llegar la noche, que todos mis pensamientos sigan siendo acerca de Ti y de Tu Amor. Y que duerma en la confianza de que estoy a salvo, seguro de Tu cuidado y felizmente consciente de que soy Tu Hijo.<\/p>\n<p>As\u00ed es como deber\u00eda ser cada d\u00eda. Practica hoy el final del miedo. Ten fe en Aquel que es tu Padre. Deja todo en Sus Manos. Deja que \u00c9l te revele todo y no te desanimes, pues eres Su Hijo.<\/p>\n<p>***********************************************************<\/p>\n<p>FECHA GREGORIANA (20\/08\/2011)<\/p>\n<p><strong>TORMENTA ENTONADO AZUL KIN: 239<br \/>\n<\/strong>CAUAC HO SELLO N\u00ba 19<\/p>\n<p>ONDA ENCANTADA DEL AGUILA<br \/>\nLUNA MAGNETICA DEL MURCIELAGO : UNIFICAR &#8211; ATRAER &#8211; PROPOSITO<br \/>\nDIA DE LA SEMANA O PLASMA RADIAL: ALPHA<br \/>\nSEMANA: MADURA (AMARILLO)<br \/>\nFASE LUNAR: LLENA<\/p>\n<p>TORMENTA: Acci\u00f3n: CATALIZAR. Poder: AUTOGENERACI\u00d3N. Esencia: ENERG\u00cdA.<br \/>\nENTONADA: Acci\u00f3n: COMANDAR. Poder: CONFIERE PODER. Esencia: ESPLENDOR.<br \/>\nLa Torre Entonada, toma el mando. Reunir los recursos.<br \/>\nPara tomar tu poder trasmuta todo lo que es una carga para tu ser m\u00e1s elevado. La Tormenta llega trayendo todo lo que necesitas para autogenerarte, aunque tienes que tener mucha fuerza y tomar las riendas de todas tus decisiones y comportamientos. Nada es responsabilidad de los dem\u00e1s cuando se trata de uno mismo, ellos pueden ser la causa del detonante, pero la respuesta es nuestra, viene comandada por tu ser m\u00e1s poderoso y espiritual. TIENES UNA MARAVILLOSA MENTE Y SABES CUANDO PUEDES PONERTE BAJO LOS EFECTOS DE LA TORMENTA, PORQUE AUNQUE HAGA MUCHO DESTROZO EN TU VIDA AL PRINCIPIO, LOS CAMBIOS QUE TE TRAER\u00c1 SER\u00c1N TAN ESPL\u00c9NDIDOS QUE RECONOCES QUE VALE LA PENA EL ESFUERZO. \u00a1EL PREMIO COMPENSA EL ESFUERZO!<\/p>\n<p>HASTA AQU\u00cd HEMOS ESTABLECIDO LA BASE GAL\u00c1CTICA DE LA ACCI\u00d3N<\/p>\n<p>***********************************************************<\/p>\n<p><strong>Pensamiento del s\u00e1bado 20 de agosto de 2011.<br \/>\n<\/strong><br \/>\n&#8220;El trabajo espiritual es una empresa de largo alcance, y<br \/>\nciertamente no obtendr\u00e9is muy r\u00e1pidamente grandes resultados.<br \/>\nPero lo esencial es trabajar, y despu\u00e9s, \u00a1tener paciencia!&#8230;<br \/>\naunque sea la cosa m\u00e1s dif\u00edcil. Raros son aqu\u00e9llos que saben<br \/>\nesperar. \u00a1Cu\u00e1ntas veces tener paciencia es considerado como una<br \/>\np\u00e9rdida de tiempo! Es verdad que, en las tiendas, en la<br \/>\nadministraci\u00f3n, en el m\u00e9dico, en Correos, o en el banco, esperar<br \/>\nparece una p\u00e9rdida de tiempo? pero, a\u00fan ah\u00ed, ten\u00e9is de qu\u00e9<br \/>\nocuparos realizando un trabajo con el pensamiento.<br \/>\nNo existe tiempo perdido para un ser consciente que, con el<br \/>\npensamiento y la imaginaci\u00f3n puede llegar a ser creador en el<br \/>\nmundo invisible. El \u00fanico tiempo realmente perdido es aqu\u00e9l<br \/>\npasado en la pereza, las nimiedades, los placeres groseros y las<br \/>\nmalas acciones. Depende pues de vosotros de no perder vuestro<br \/>\ntiempo. Tener que esperar para obtener la realizaci\u00f3n de vuestras<br \/>\nmejores aspiraciones no es una p\u00e9rdida de tiempo, porque mientras<br \/>\nesper\u00e1is, trabaj\u00e1is, y con este trabajo vuestra alma se dilata.&#8221;<\/p>\n<p>Omraam Mikha\u00ebl <strong>A\u00efvanhov<\/strong><\/p>\n<p>***********************************************************<\/p>\n","protected":false},"excerpt":{"rendered":"<p>S\u00e1bado 20 de Agosto de 2011 Dale un sentido a este d\u00eda Aunque este d\u00eda terminar\u00e1 pronto, siempre hay manera de preservar para siempre el valor intr\u00ednseco que tiene para&hellip; <a href=\"https:\/\/www.vivesur.com\/wpblog\/sabado-20-de-agosto-de-2011\/\" class=\"apace-readmore-link\">Read more<\/a><\/p>\n","protected":false},"author":1,"featured_media":0,"comment_status":"open","ping_status":"open","sticky":false,"template":"","format":"standard","meta":[],"categories":[1,8],"tags":[],"_links":{"self":[{"href":"https:\/\/www.vivesur.com\/wpblog\/wp-json\/wp\/v2\/posts\/2102"}],"collection":[{"href":"https:\/\/www.vivesur.com\/wpblog\/wp-json\/wp\/v2\/posts"}],"about":[{"href":"https:\/\/www.vivesur.com\/wpblog\/wp-json\/wp\/v2\/types\/post"}],"author":[{"embeddable":true,"href":"https:\/\/www.vivesur.com\/wpblog\/wp-json\/wp\/v2\/users\/1"}],"replies":[{"embeddable":true,"href":"https:\/\/www.vivesur.com\/wpblog\/wp-json\/wp\/v2\/comments?post=2102"}],"version-history":[{"count":0,"href":"https:\/\/www.vivesur.com\/wpblog\/wp-json\/wp\/v2\/posts\/2102\/revisions"}],"wp:attachment":[{"href":"https:\/\/www.vivesur.com\/wpblog\/wp-json\/wp\/v2\/media?parent=2102"}],"wp:term":[{"taxonomy":"category","embeddable":true,"href":"https:\/\/www.vivesur.com\/wpblog\/wp-json\/wp\/v2\/categories?post=2102"},{"taxonomy":"post_tag","embeddable":true,"href":"https:\/\/www.vivesur.com\/wpblog\/wp-json\/wp\/v2\/tags?post=2102"}],"curies":[{"name":"wp","href":"https:\/\/api.w.org\/{rel}","templated":true}]}}