{"id":2100,"date":"2011-08-17T13:39:57","date_gmt":"2011-08-17T11:39:57","guid":{"rendered":"http:\/\/vivesur.com\/wpblog\/?p=2100"},"modified":"2011-08-17T13:39:57","modified_gmt":"2011-08-17T11:39:57","slug":"miercoles-17-de-agosto-de-2011","status":"publish","type":"post","link":"https:\/\/www.vivesur.com\/wpblog\/miercoles-17-de-agosto-de-2011\/","title":{"rendered":"Mi\u00e9rcoles 17 de Agosto de 2011"},"content":{"rendered":"<p>Mi\u00e9rcoles 17 de Agosto de 2011<br \/>\n<span style=\"font-size: 12pt;\"><img loading=\"lazy\" src=\"http:\/\/vivesur.com\/wpblog\/wp-content\/uploads\/2011\/08\/wpid-mi17811-2011-08-17-13-39.jpg\" alt=\"wpid-mi17811-2011-08-17-13-39.jpg\" width=\"610\" height=\"500\" \/><\/span><br \/>\nLa belleza del presente<\/p>\n<p>\u00bfEres consciente de lo que ahora mismo est\u00e1 sucediendo? \u00bfO los recuerdos del pasado y las especulaciones acerca del futuro generar una barrera entre ti y el momento presente?<\/p>\n<p>\u00bfEst\u00e1s viviendo y experimentando a pleno esta vida que tienes? \u00bfO pones tanta energ\u00eda analizando cada detalle y preocup\u00e1ndote por cada movimiento que no te queda tiempo para, simple y gloriosamente, ser?<\/p>\n<p>\u00bfEst\u00e1s luchando tan fervientemente por salir adelante, que todo el esfuerzo que est\u00e1s haciendo te est\u00e1 dejando cada vez m\u00e1s y m\u00e1s atr\u00e1s? \u00bfEst\u00e1 tu vida tan absolutamente definida por lo que necesitas, que has perdido de vista quien t\u00fa eres?<\/p>\n<p>Son tantas las cosas que podr\u00edas dejar de lado, sin perder absolutamente nada. Cuando dejas de tan s\u00f3lo tratar, s\u00f3lo entonces, es que puedes realmente ser.<\/p>\n<p>La vida que siempre has anhelado est\u00e1 tan cerca de ti como la mism\u00edsima decisi\u00f3n que est\u00e1s por tomar a continuaci\u00f3n. Est\u00e1s total y absolutamente equipado y preparado para tomarla.<\/p>\n<p>Este instante est\u00e1 lleno de magn\u00edficas posibilidades y es en este momento cuando puedes darles vida. S\u00e1cate de encima todas esas pesadas cargas que en realidad no necesitas, y \u00e1brete a la belleza del presente.<\/p>\n<p>LECCI\u00d3N 229 \u2013 El Amor, que es lo que me cre\u00f3, es lo que soy.<\/p>\n<p>Busco mi verdadera Identidad, y la encuentro en estas palabras: \u201cSoy Amor, pues el Amor fue lo que me cre\u00f3\u201d. Ahora no necesito buscar m\u00e1s. El Amor ha prevalecido. Ha esperado tan quedamente mi regreso a casa, que ya no me volver\u00e9 a apartar de la santa faz de Cristo. Y lo que contemple dar\u00e1 testimonio de la verdad de la Identidad que procur\u00e9 perder, pero que mi Padre conserv\u00f3 a salvo para m\u00ed.<\/p>\n<p>Padre, te doy gracias por lo que soy; por haber conservado mi Identidad inalterada e impecable en medio de todos los pensamientos de pecado que mi alocada mente invent\u00f3. Y te doy gracias tambi\u00e9n por haberme salvado de ellos. Amen.<\/p>\n<p> FECHA GREGORIANA (17\/08\/2011)<\/p>\n<p>GUERRERO LUNAR AMARILLO<br \/>\nCIB KA<br \/>\nKIN: 236<br \/>\nSELLO N\u00ba 16<\/p>\n<p>ONDA ENCANTADA DEL AGUILA<br \/>\nLUNA MAGNETICA DEL MURCIELAGO : UNIFICAR &#8211; ATRAER &#8211; PROPOSITO<br \/>\nDIA DE LA SEMANA O PLASMA RADIAL: SELI<br \/>\nSEMANA: MADURA (AMARILLO)<br \/>\nFASE LUNAR: LLENA<\/p>\n<p>GUERRERO: Acci\u00f3n: CUESTIONAR. Poder: INTELIGENCIA. Esencia: INTREPIDEZ.<br \/>\nLUNAR: Acci\u00f3n: ESTABILIZAR. Poder: POLARIZAR. Esencia: DESAF\u00cdO.<br \/>\nLa C\u00e1mara Lunar, identifica el Desaf\u00edo. \u00bfCu\u00e1les son los obst\u00e1culos?<br \/>\nEl Guerrero siempre presente en las \u201cluchas internas\u201d acaba ense\u00f1\u00e1ndonos las estrategias adecuadas para ganar la partida, para salir de la duda y entrar en la estabilidad. Si te atreves el cosmos te devuelve siempre en proporci\u00f3n mayor a tu esfuerzo. La inteligencia con visi\u00f3n es pura espiritualidad. Los vaivenes del d\u00eda a d\u00eda conducen a la paz interior. LAS ESTRATEGIAS SON FUNDAMENTALES PARA LA VISI\u00d3N SUPERIOR. TEN FE EN TU PROPIO PODER Y PODR\u00c1S VENCER ANTE LA ADVERSIDAD. CUESTIONA HASTA LA SACIEDAD Y AS\u00cd PODR\u00c1S RECONOCER TRAS EL HORIZONTE T\u00da SENDA PERSONAL.<\/p>\n<p>Pensamiento del mi\u00e9rcoles 17 de agosto de 2011.<\/p>\n<p>&#8220;Ya mucho antes del nacimiento de su hijo, la madre que lo lleva<br \/>\nen su seno debe tomar conciencia de los poderes que ella tiene<br \/>\nsobre \u00e9l. No basta con que ya ame a este ni\u00f1o, es preciso que<br \/>\naprenda a utilizar los poderes del amor. Pensando en su hijo,<br \/>\ntiene la posibilidad de proyectar su amor hasta las regiones<br \/>\nsublimes para recoger de all\u00ed los elementos necesarios para su<br \/>\ncorrecta evoluci\u00f3n, y transmit\u00edrselos.<br \/>\n\u00bfC\u00f3mo puede creer una madre que s\u00f3lo con sus recursos puede ser<br \/>\ncapaz de dar a su hijo todo lo que necesita, si no va a buscarlos<br \/>\na otra parte, m\u00e1s arriba, en el plano espiritual? Entonces, de<br \/>\nvez en cuando, durante algunos minutos, varias veces al d\u00eda, con<br \/>\nsus pensamientos, con sus oraciones, se presenta ante Dios<br \/>\ndici\u00e9ndole: \u00abSe\u00f1or, quiero que este hijo que me das sea tu<br \/>\nservidor. Pero para ello necesito otros elementos que s\u00f3lo est\u00e1n<br \/>\ncerca de Ti: d\u00e1melos, por favor.\u00bb Dir\u00e9is que no es f\u00e1cil<br \/>\npresentarse ante Dios. Ciertamente, es una manera de hablar. S\u00f3lo<br \/>\npensando en la belleza, la luz y la eternidad, la madre atraer\u00e1<br \/>\nelementos sutiles m\u00e1s elevados y se los transmitir\u00e1 a su hijo.&#8221;<\/p>\n<p>Omraam Mikha\u00ebl A\u00efvanhov<\/p>\n","protected":false},"excerpt":{"rendered":"<p>Mi\u00e9rcoles 17 de Agosto de 2011 La belleza del presente \u00bfEres consciente de lo que ahora mismo est\u00e1 sucediendo? \u00bfO los recuerdos del pasado y las especulaciones acerca del futuro&hellip; <a href=\"https:\/\/www.vivesur.com\/wpblog\/miercoles-17-de-agosto-de-2011\/\" class=\"apace-readmore-link\">Read more<\/a><\/p>\n","protected":false},"author":1,"featured_media":0,"comment_status":"open","ping_status":"open","sticky":false,"template":"","format":"standard","meta":[],"categories":[1,8],"tags":[],"_links":{"self":[{"href":"https:\/\/www.vivesur.com\/wpblog\/wp-json\/wp\/v2\/posts\/2100"}],"collection":[{"href":"https:\/\/www.vivesur.com\/wpblog\/wp-json\/wp\/v2\/posts"}],"about":[{"href":"https:\/\/www.vivesur.com\/wpblog\/wp-json\/wp\/v2\/types\/post"}],"author":[{"embeddable":true,"href":"https:\/\/www.vivesur.com\/wpblog\/wp-json\/wp\/v2\/users\/1"}],"replies":[{"embeddable":true,"href":"https:\/\/www.vivesur.com\/wpblog\/wp-json\/wp\/v2\/comments?post=2100"}],"version-history":[{"count":0,"href":"https:\/\/www.vivesur.com\/wpblog\/wp-json\/wp\/v2\/posts\/2100\/revisions"}],"wp:attachment":[{"href":"https:\/\/www.vivesur.com\/wpblog\/wp-json\/wp\/v2\/media?parent=2100"}],"wp:term":[{"taxonomy":"category","embeddable":true,"href":"https:\/\/www.vivesur.com\/wpblog\/wp-json\/wp\/v2\/categories?post=2100"},{"taxonomy":"post_tag","embeddable":true,"href":"https:\/\/www.vivesur.com\/wpblog\/wp-json\/wp\/v2\/tags?post=2100"}],"curies":[{"name":"wp","href":"https:\/\/api.w.org\/{rel}","templated":true}]}}