{"id":2096,"date":"2011-08-15T10:34:03","date_gmt":"2011-08-15T08:34:03","guid":{"rendered":"http:\/\/vivesur.com\/wpblog\/?p=2096"},"modified":"2011-08-15T10:34:03","modified_gmt":"2011-08-15T08:34:03","slug":"lunes-15-de-agosto-de-2011","status":"publish","type":"post","link":"https:\/\/www.vivesur.com\/wpblog\/lunes-15-de-agosto-de-2011\/","title":{"rendered":"Lunes 15 de Agosto de 2011"},"content":{"rendered":"<p><strong>Lunes 15 de Agosto de 2011<br \/>\n<\/strong><span style=\"font-size: 12pt;\"><img loading=\"lazy\" src=\"http:\/\/vivesur.com\/wpblog\/wp-content\/uploads\/2011\/08\/wpid-15811-2011-08-15-10-34.jpg\" alt=\"wpid-15811-2011-08-15-10-34.jpg\" width=\"610\" height=\"500\" \/><\/span><br \/>\n<strong>Experiencia viviente<br \/>\n<\/strong><br \/>\nLa plenitud se consigue llevando a la pr\u00e1ctica aquello que t\u00fa ya sabes que es as\u00ed. Siendo la expresi\u00f3n viviente de la persona que t\u00fa sabes, m\u00e1s honestamente, que t\u00fa eres.<\/p>\n<p>T\u00fa sabes que eres una persona cari\u00f1osa. Te sentir\u00e1s pleno poniendo ese amor en acci\u00f3n, expres\u00e1ndolo y sinti\u00e9ndolo.<\/p>\n<p>T\u00fa sabes que valoras tener \u00e9xito y lograr cosas. Sentir plenitud en cuanto a esos valores se consigue viviendo de manera tal de generar y vivir ese \u00e9xito.<\/p>\n<p>T\u00fa sabes que la verdad y la integridad son de enorme importancia para ti. Sentirte pleno en estos aspectos se logra poniendo en pr\u00e1ctica la verdad y la integridad en cada \u00e1rea de tu vida.<\/p>\n<p>La plenitud jam\u00e1s puede encontrarse tomando un sue\u00f1o gen\u00e9rico, estandarizado, y acomod\u00e1ndolo para que se ajuste a tu situaci\u00f3n. Una plenitud verdadera proviene de la esencia de quien t\u00fa eres.<br \/>\nBusca atentamente en lo profundo de tu ser y recu\u00e9rdate qu\u00e9 es lo que m\u00e1s sentido tiene para ti. Alcanza una plenitud llena de alegr\u00eda, haciendo que ese sentido se convierta en experiencia viviente.<\/p>\n<p>FECHA GREGORIANA (15\/08\/2011)<\/p>\n<p><strong>MAGO COSMICO BLANCO KIN: 234<br \/>\n<\/strong>IX OXLAHUN<br \/>\nSELLO N\u00ba 14<\/p>\n<p>ONDA ENCANTADA DEL VIENTO<br \/>\nLUNA MAGNETICA DEL MURCIELAGO : UNIFICAR &#8211; ATRAER &#8211; PROPOSITO<br \/>\nDIA DE LA SEMANA O PLASMA RADIAL: SILIO<br \/>\nSEMANA: TRANSFORMA (AZUL)<br \/>\nFASE LUNAR: LLENA<br \/>\nSOLTICIO DE INVIERNO (En el Sur) , SOLTICIO DE VERANO (En el Norte)<\/p>\n<p>MAGO: Acci\u00f3n: ENCANTAR. Poder: ATEMPORALIDAD. Esencia: RECEPTIVIDAD.<br \/>\nC\u00d3SMICO: Acci\u00f3n: TRASCENDER. Poder: PERDURAR. Esencia: PRESENCIA.<br \/>\nEl P\u00f3rtico C\u00f3smico, toma el vuelo m\u00e1gico. Retorno magn\u00e9tico.<br \/>\nPara trascender la onda del Viento tenemos al Mago mostrando que todo es posible porque vivimos en la atemporalidad. Todo lo que ha ocurrido, est\u00e1 ocurriendo y ocurrir\u00e1, en realidad forma parte de un eterno presente integrado en el \u201caqu\u00ed y ahora\u201d. Porque la perdurabilidad es absoluta, nada se pierde ni se destruye, s\u00f3lo es transformado para una posterior utilizaci\u00f3n. Dentro de la comunicaci\u00f3n recibida la receptividad forma parte de ella. La receptividad es de todo, con los cinco sentidos: tacto, gusto, olor, o\u00eddo y vista, y con la canalizaci\u00f3n por medio de la consciencia. Todos somos Magos de la Tierra con el objetivo de cambiar el mundo 12:60 de \u201cel tiempo es dinero\u201d, por el 13:20 de \u201cel tiempo es arte\u201d. Vamos a tomar conciencia de que para que el esp\u00edritu est\u00e9 presente, tenemos que saber encantar cada acto que vivimos, pensamos y so\u00f1amos. La vida es muy rica en regalos si creemos en que los tiene guardados para cada uno de nosotros. Conecta con los sentidos y con la telepat\u00eda para recibir todas las sensaciones y mensajes que te eleven en consciencia y amor. \u00bfCREO QUE ME MEREZCO TODO LO MEJOR QUE LA VIDA PUEDA DAR? \u00bfME CONFORMO CON MIGAJAS CUANDO PUEDO TENER EL PAN ENTERO? \u00bfSIENTO QUE DIOS SE COMUNICA CONMIGO POR MEDIO DE CUALQUIER SER VIVO, OBJETO O SITUACI\u00d3N DE LA VIDA? \u00bfCU\u00c1NDO VOY A CREER QUE SOY ATEMPORAL Y MI EVOLUCI\u00d3N ES CONTINUA C\u00d3SMICAMENTE? SOY UN MAGO DE LA TIERRA HACIENDO TODO LO POSIBLE PARA ELEVARME Y CONSEGUIR SENTIR A DIOS CADA D\u00cdA UN POCO M\u00c1S EN MI INTERIOR. VAMOS CAMINO DE LA NOOSFERA CON LA LEY DEL TIEMPO Y EL CALENDARIO DE LAS 13 LUNAS COMO HERRAMIENTAS B\u00c1SICAS Y FUNDAMENTALES \u00bfQUIERES APRENDERLAS?<br \/>\nY DESDE AQU\u00cd NOS TRASLADAMOS C\u00d3SMICAMENTE A LA ONDA ENCANTADA DEL AGUILA AZUL Y HACEMOS EL RETORNO MAGN\u00c9TICO<\/p>\n<p><strong>LECCI\u00d3N 227 \u2013 \u00c9ste es el instante santo de mi liberaci\u00f3n.<br \/>\n<\/strong><br \/>\nPadre, hoy es el d\u00eda en que me libero porque mi voluntad es la Tuya. Pens\u00e9 hacer otra voluntad. Sin embargo, nada de lo que pens\u00e9 aparte de Ti existe. Y Soy libre porque estaba equivocado y las ilusiones que abrigaba no afectaron en modo alguno mi realidad. Ahora renuncio a ellas y las pongo a los pies de la verdad, a fin de que sean para siempre borradas de mi mente. Este es el instante santo de mi liberaci\u00f3n. Padre, s\u00e9 que mi voluntad es una con la Tuya.<\/p>\n<p>Y de esta manera, nos encontramos felizmente de vuelta en el Cielo, del cual realmente jam\u00e1s nos ausentamos. En este d\u00eda el Hijo de Dios abandona sus sue\u00f1os. En este d\u00eda el Hijo de Dios regresa de nuevo a su hogar, liberado del pecado y revestido de santidad, habi\u00e9ndosele restituido finalmente su mente recta.<\/p>\n<p><strong>Pensamiento del lunes 15 de agosto de 2011.<br \/>\n<\/strong><br \/>\n&#8220;Cuando ya no tienen energ\u00edas para seguir corriendo en busca de la<br \/>\ngloria, el poder o los placeres, \u00a1cu\u00e1ntas personas deciden que es<br \/>\nhora de volverse sensatos y pensar en el Cielo! Pero \u00bfqu\u00e9<br \/>\nimaginan? Cuando ya no tienen energ\u00edas para la tierra, tampoco<br \/>\nlas tienen para el Cielo. Quedarse tranquilos en su rinc\u00f3n porque<br \/>\nya no tienen suficientes fuerzas para los negocios, las intrigas<br \/>\ny las aventuras pasionales, esto no es sabidur\u00eda y menos a\u00fan<br \/>\nespiritualidad.<br \/>\n Todos aquellos que, en su juventud se casan con el diablo ?<br \/>\ndigamos las cosas de esta manera ? no deben hacerse ilusiones: es<br \/>\nel diablo quien les repudia en su vejez, porque ya no tiene nada<br \/>\nque tomar de ellos. Creen que se divorcian de \u00e9l para siempre,<br \/>\npero no es as\u00ed, es el diablo qui\u00e9n les repudia: devuelve a Dios<br \/>\ntodos estos escombros de los que ya no puede obtener nada. Y<br \/>\nentonces, \u00a1qu\u00e9 espect\u00e1culo para el Se\u00f1or, y sobre todo qu\u00e9<br \/>\nmagnifica recompensa recibe all\u00ed por su trabajo!&#8230;&#8221;<\/p>\n<p>Omraam Mikha\u00ebl <strong>A\u00efvanhov<\/strong><\/p>\n","protected":false},"excerpt":{"rendered":"<p>Lunes 15 de Agosto de 2011 Experiencia viviente La plenitud se consigue llevando a la pr\u00e1ctica aquello que t\u00fa ya sabes que es as\u00ed. Siendo la expresi\u00f3n viviente de la&hellip; <a href=\"https:\/\/www.vivesur.com\/wpblog\/lunes-15-de-agosto-de-2011\/\" class=\"apace-readmore-link\">Read more<\/a><\/p>\n","protected":false},"author":1,"featured_media":0,"comment_status":"open","ping_status":"open","sticky":false,"template":"","format":"standard","meta":[],"categories":[1,8],"tags":[],"_links":{"self":[{"href":"https:\/\/www.vivesur.com\/wpblog\/wp-json\/wp\/v2\/posts\/2096"}],"collection":[{"href":"https:\/\/www.vivesur.com\/wpblog\/wp-json\/wp\/v2\/posts"}],"about":[{"href":"https:\/\/www.vivesur.com\/wpblog\/wp-json\/wp\/v2\/types\/post"}],"author":[{"embeddable":true,"href":"https:\/\/www.vivesur.com\/wpblog\/wp-json\/wp\/v2\/users\/1"}],"replies":[{"embeddable":true,"href":"https:\/\/www.vivesur.com\/wpblog\/wp-json\/wp\/v2\/comments?post=2096"}],"version-history":[{"count":0,"href":"https:\/\/www.vivesur.com\/wpblog\/wp-json\/wp\/v2\/posts\/2096\/revisions"}],"wp:attachment":[{"href":"https:\/\/www.vivesur.com\/wpblog\/wp-json\/wp\/v2\/media?parent=2096"}],"wp:term":[{"taxonomy":"category","embeddable":true,"href":"https:\/\/www.vivesur.com\/wpblog\/wp-json\/wp\/v2\/categories?post=2096"},{"taxonomy":"post_tag","embeddable":true,"href":"https:\/\/www.vivesur.com\/wpblog\/wp-json\/wp\/v2\/tags?post=2096"}],"curies":[{"name":"wp","href":"https:\/\/api.w.org\/{rel}","templated":true}]}}