{"id":2094,"date":"2011-08-14T08:37:10","date_gmt":"2011-08-14T06:37:10","guid":{"rendered":"http:\/\/vivesur.com\/wpblog\/?p=2094"},"modified":"2011-08-14T08:37:10","modified_gmt":"2011-08-14T06:37:10","slug":"fecha-gregoriana-14-08-2011","status":"publish","type":"post","link":"https:\/\/www.vivesur.com\/wpblog\/fecha-gregoriana-14-08-2011\/","title":{"rendered":"FECHA GREGORIANA 14.08.2011"},"content":{"rendered":"<p>FECHA GREGORIANA 14.08.2011<br \/>\n<span style=\"font-size: 12pt;\"><img loading=\"lazy\" src=\"http:\/\/vivesur.com\/wpblog\/wp-content\/uploads\/2011\/08\/wpid-14811-2011-08-14-08-37.jpg\" alt=\"wpid-14811-2011-08-14-08-37.jpg\" width=\"610\" height=\"500\" \/><\/span><\/p>\n<p><strong>CAMINANTE DEL CIELO CRISTAL ROJO<br \/>\n<\/strong>BEN LAHAK<br \/>\n<strong>KIN: 233<br \/>\n<\/strong>SELLO N\u00ba 13<\/p>\n<p>ONDA ENCANTADA DEL VIENTO<br \/>\nLUNA MAGNETICA DEL MURCIELAGO : UNIFICAR &#8211; ATRAER &#8211; PROPOSITO<br \/>\nDIA DE LA SEMANA O PLASMA RADIAL: LIMI<br \/>\nSEMANA: TRANSFORMA (AZUL)<br \/>\nFASE LUNAR: LLENA<\/p>\n<p><strong>CAMINANTE DEL CIELO: Acci\u00f3n: EXPLORAR. Poder: ESPACIO. Esencia: VIGILANCIA.<\/p>\n<p><\/strong>CRISTAL: Acci\u00f3n: UNIVERSALIZAR. Poder: DEDICARSE. Esencia: COOPERACI\u00d3N.<\/p>\n<p>La C\u00e1mara Cristal, cooperaci\u00f3n de la forma. La mesa redonda se re\u00fane, la acci\u00f3n del pasado se formaliza, la acci\u00f3n futura se prepara.<br \/>\nSomos Caminantes del Cielo en la Tierra viviendo y evolucionando en cooperaci\u00f3n e interacci\u00f3n con los dem\u00e1s seres vivos y la naturaleza. La comunicaci\u00f3n que nos dice el Viento muchas veces viene de esferas m\u00e1s elevadas y tenemos que explorar el espacio para recibirlas. Reconocemos que lo m\u00e1s preciado y precioso es que somos seres c\u00f3smicos y volveremos all\u00e1 en cuanto acabemos la evoluci\u00f3n en este planeta y nuestra vibraci\u00f3n est\u00e9 preparada para vivir en otro m\u00e1s elevado. Todo requiere un tiempo, por eso nosotros nacemos y renacemos una y otra vez hasta alcanzar el desarrollo que se requiere para la Iluminaci\u00f3n y Ascensi\u00f3n a otros niveles de evoluci\u00f3n. Pero mientras eso llega, cooperamos con nuestros compa\u00f1eros terrestres y nos dedicamos a explorar juntos el espacio interior de nuestro ser, y exterior de los seres estelares que nos gu\u00edan. TODOS SOMOS CAMINANTES DE LA TIERRA Y DEL CIELO PARA SER CONSCIENTEMENTE CAMINANTES C\u00d3SMICOS Y ALCANZAR A VIVIR EN OTRAS DIMENSIONES DE LUZ. S\u00d3LO TENEMOS QUE SABER COMO NOS COMPORTAMOS PARA RECONOCER ADONDE LLEGAREMOS AS\u00cd. CUENTA CON LOS DEM\u00c1S COMPA\u00d1EROS DE CAMINO PARA COMPARTIR EXPERIENCIAS EN LA CORTE CRISTAL Y TODOS APRENDEREMOS DESDE LA COOPERACI\u00d3N.<\/p>\n<p>YA HEMOS HECHO LA TRANSFORMACI\u00d3N PLANETARIA DE LA ACCI\u00d3N<\/p>\n<p><strong>Pensamiento del domingo 14 de agosto de 2011.<br \/>\n<\/strong><br \/>\n&#8220;Cuando os sint\u00e1is abrumados por las penas y preocupaciones, salid<br \/>\na contemplar, por la noche, el cielo estrellado y meditad sobre<br \/>\nla peque\u00f1ez de la tierra perdida en el espacio infinito? Pensad<br \/>\nque Aqu\u00e9l que cre\u00f3 tantos mundos, los ha ciertamente poblado con<br \/>\ncriaturas m\u00e1s inteligentes, m\u00e1s hermosas y m\u00e1s poderosas que los<br \/>\nhumanos. Porque cuando vemos c\u00f3mo discuten estos pigmeos, se<br \/>\npelean y matan entre s\u00ed, \u00bfc\u00f3mo creer que en la tierra ? un grano<br \/>\nde polvo en la inmensidad ? puede el Creador haber instalado a<br \/>\nsus criaturas m\u00e1s perfectas?<br \/>\nBajo las estrellas, pod\u00e9is sentir que todos los problemas que<br \/>\nadoptan en vuestra cabeza proporciones gigantescas, no son casi<br \/>\nnada. Al pensar que estas estrellas que contempl\u00e1is existen desde<br \/>\nhace miles de a\u00f1os, que la Inteligencia que cre\u00f3 estos mundos es<br \/>\neterna, que hab\u00e9is sido creados a su imagen, sent\u00eds que vuestro<br \/>\nesp\u00edritu tambi\u00e9n es eterno y que nada puede realmente<br \/>\nperturbaros.&#8221;<\/p>\n<p>Omraam Mikha\u00ebl <strong>A\u00efvanhov<\/strong><\/p>\n<p><strong>UCDM, Un curso de Milagros, LECCI\u00d3N 225 \u2013 Dios es mi Padre, y Su Hijo lo ama.<br \/>\n<\/strong><br \/>\nPadre, no puedo sino corresponder a Tu Amor, pues dar es lo mismo que recibir y T\u00fa me has dado todo Tu Amor. Tengo que corresponder a \u00e9l, pues quiero tener plena conciencia de que es m\u00edo, de que arde en mi mente y de que, en su ben\u00e9fica luz, la mantiene inmaculada, amada, libre de miedo y con un porvenir en el que s\u00f3lo se puede perfilar paz.\u00a1Cu\u00e1n apacible es el camino por el que a Tu amoroso Hijo se le conduce hasta Ti!<\/p>\n<p>Hermano m\u00edo, ahora hallamos esa quietud. El camino est\u00e1 libre y despejado. Ahora lo recorremos juntos y en paz. T\u00fa me has tendido la mano, y yo nunca te abandonar\u00e9. Somos uno, y es s\u00f3lo esta unidad lo que buscamos a medida que damos los \u00faltimos pasos con los que concluye una jornada que nunca comenz\u00f3.<\/p>\n","protected":false},"excerpt":{"rendered":"<p>FECHA GREGORIANA 14.08.2011 CAMINANTE DEL CIELO CRISTAL ROJO BEN LAHAK KIN: 233 SELLO N\u00ba 13 ONDA ENCANTADA DEL VIENTO LUNA MAGNETICA DEL MURCIELAGO : UNIFICAR &#8211; ATRAER &#8211; PROPOSITO DIA&hellip; <a href=\"https:\/\/www.vivesur.com\/wpblog\/fecha-gregoriana-14-08-2011\/\" class=\"apace-readmore-link\">Read more<\/a><\/p>\n","protected":false},"author":1,"featured_media":0,"comment_status":"open","ping_status":"open","sticky":false,"template":"","format":"standard","meta":[],"categories":[1,8],"tags":[],"_links":{"self":[{"href":"https:\/\/www.vivesur.com\/wpblog\/wp-json\/wp\/v2\/posts\/2094"}],"collection":[{"href":"https:\/\/www.vivesur.com\/wpblog\/wp-json\/wp\/v2\/posts"}],"about":[{"href":"https:\/\/www.vivesur.com\/wpblog\/wp-json\/wp\/v2\/types\/post"}],"author":[{"embeddable":true,"href":"https:\/\/www.vivesur.com\/wpblog\/wp-json\/wp\/v2\/users\/1"}],"replies":[{"embeddable":true,"href":"https:\/\/www.vivesur.com\/wpblog\/wp-json\/wp\/v2\/comments?post=2094"}],"version-history":[{"count":0,"href":"https:\/\/www.vivesur.com\/wpblog\/wp-json\/wp\/v2\/posts\/2094\/revisions"}],"wp:attachment":[{"href":"https:\/\/www.vivesur.com\/wpblog\/wp-json\/wp\/v2\/media?parent=2094"}],"wp:term":[{"taxonomy":"category","embeddable":true,"href":"https:\/\/www.vivesur.com\/wpblog\/wp-json\/wp\/v2\/categories?post=2094"},{"taxonomy":"post_tag","embeddable":true,"href":"https:\/\/www.vivesur.com\/wpblog\/wp-json\/wp\/v2\/tags?post=2094"}],"curies":[{"name":"wp","href":"https:\/\/api.w.org\/{rel}","templated":true}]}}