{"id":2092,"date":"2011-08-13T09:32:49","date_gmt":"2011-08-13T07:32:49","guid":{"rendered":"http:\/\/vivesur.com\/wpblog\/?p=2092"},"modified":"2011-08-13T09:32:49","modified_gmt":"2011-08-13T07:32:49","slug":"sabado-13-de-agosto-de-2011","status":"publish","type":"post","link":"https:\/\/www.vivesur.com\/wpblog\/sabado-13-de-agosto-de-2011\/","title":{"rendered":"S\u00e1bado 13 de Agosto de 2011"},"content":{"rendered":"<p><strong>S\u00e1bado 13 de Agosto de 2011<br \/>\n<\/strong><span style=\"font-size: 12pt;\"><img loading=\"lazy\" src=\"http:\/\/vivesur.com\/wpblog\/wp-content\/uploads\/2011\/08\/wpid-1382011-2011-08-13-09-32.jpg\" alt=\"wpid-1382011-2011-08-13-09-32.jpg\" width=\"610\" height=\"500\" \/><\/span><br \/>\n<strong>Un maravilloso lugar en el cual estar<br \/>\n<\/strong><br \/>\nSi no est\u00e1s feliz con las cosas que ya tienes, entonces conseguir m\u00e1s no har\u00e1 que las cosas mejoren. En lugar de luchar contra lo que es, util\u00edzalo a pleno y con actitud amorosa.<\/p>\n<p>En lugar de luchar por aquello que sientes que te falta, simplemente modifica tu enfoque. Date cuenta de que all\u00ed donde est\u00e1s es un excelente lugar para estar.<\/p>\n<p>Logros y posesiones nunca te har\u00e1n feliz. Pueden servir, sin embargo, como expresiones tangibles de la alegr\u00eda que has decidido generar dentro de ti.<\/p>\n<p>\u00bfSientes que algo est\u00e1 faltando en tu vida? Lo m\u00e1s probable es que lo \u00fanico que realmente est\u00e9 faltando sea tu compromiso por aceptar y vivir la abundancia que ya est\u00e1 all\u00ed.<\/p>\n<p>Esa abundancia llega a ti en las person<\/p>\n<p>                     ***********               ***********<\/p>\n<p><strong>LECCI\u00d3N 225 \u2013 Dios es mi Padre, y Su Hijo lo ama.<br \/>\n<\/strong><br \/>\nPadre, no puedo sino corresponder a Tu Amor, pues dar es lo mismo que recibir y T\u00fa me has dado todo Tu Amor. Tengo que corresponder a \u00e9l, pues quiero tener plena conciencia de que es m\u00edo, de que arde en mi mente y de que, en su ben\u00e9fica luz, la mantiene inmaculada, amada, libre de miedo y con un porvenir en el que s\u00f3lo se puede perfilar paz.\u00a1Cu\u00e1n apacible es el camino por el que a Tu amoroso Hijo se le conduce hasta Ti!<\/p>\n<p>Hermano m\u00edo, ahora hallamos esa quietud. El camino est\u00e1 libre y despejado. Ahora lo recorremos juntos y en paz. T\u00fa me has tendido la mano, y yo nunca te abandonar\u00e9. Somos uno, y es s\u00f3lo esta unidad lo que buscamos a medida que damos los \u00faltimos pasos con los que concluye una jornada que nunca comenz\u00f3.<\/p>\n<p>                     ***********               ***********<\/p>\n<p>FECHA GREGORIANA (13\/08\/2011)<\/p>\n<p><span style=\"font-size: 12pt;\"><img loading=\"lazy\" src=\"http:\/\/vivesur.com\/wpblog\/wp-content\/uploads\/2011\/08\/wpid-PastedGraphic-2011-08-13-09-32.tiff\" alt=\"wpid-PastedGraphic-2011-08-13-09-32.tiff\" width=\"50\" height=\"65\" \/><\/span><br \/>\n<strong>HUMANO ESPECTRAL AMARILLO<br \/>\n<\/strong>EB BULUK<br \/>\n<strong>KIN: 232<br \/>\n<\/strong>SELLO N\u00ba 12<\/p>\n<p>ONDA ENCANTADA DEL VIENTO<br \/>\nLUNA MAGNETICA DEL MURCIELAGO : UNIFICAR &#8211; ATRAER &#8211; PROPOSITO<br \/>\nDIA DE LA SEMANA O PLASMA RADIAL: ALPHA<br \/>\nSEMANA: TRANSFORMA (AZUL)<br \/>\nFASE LUNAR: LLENA<br \/>\nSOLTICIO DE INVIERNO (En el Sur) , SOLTICIO DE VERANO (En el Norte)<\/p>\n<p>HUMANO: Acci\u00f3n: INFLUENCIAR. Poder: LIBRE VOLUNAD. Esencia: SABIDUR\u00cdA.<br \/>\nESPECTRAL: Acci\u00f3n: DIVULGAR. Poder: DISOLVER. Esencia: LIBERACI\u00d3N.<br \/>\nLa C\u00e1mara Espectral, liberaci\u00f3n del servicio. La acci\u00f3n disuelve el servicio.<br \/>\nSolo el Humano sabe en cada momento de su vida como poder liberarse de las influencias que en otro momento necesit\u00f3 pero que ahora ya no desea. Necesita utilizar su libre decisi\u00f3n para abandonar viejos patrones, comportamientos y grupos sociales que le tienen atado porque necesita ser LIBRE. Recordad lo bien que nos sentimos cuando nos liberamos de lo que creemos que ya es inservible para nosotros ya sea f\u00edsico, emocional, mental e incluso espiritual, todo queda en el pasado formando parte de una experiencia, entonces ahora debemos movernos de diferente manera. La sabidur\u00eda nos ense\u00f1a como recibir en cada circunstancia esa comunicaci\u00f3n desde esferas y dimensiones superiores de consciencia. Al mismo tiempo, el Humano sabe que siempre hay muchas vivencias maravillosas, pr\u00e1cticas, m\u00e1gicas, did\u00e1cticas, milagrosas, que debe compartir para que a otros le pueda servir de referencia y saber que se pueden alcanzar si uno personalmente las persigue y utiliza la sabidur\u00eda interior que todos poseemos. COMO HUMANOS SABEMOS MUCHO M\u00c1S DE LO QUE CREEMOS. NUESTRO NIVEL DE SABIDUR\u00cdA ES MUY ELEVADA \u00bfLO SABEMOS Y LA UTILIZAMOS? \u00bfEN EL MOMENTO PRECISO DISOLVEMOS LO QUE YA NO NOS ES \u00daTIL O LO ARRASTRAMOS COMO UN PESO QUE LLEVAMOS SIN DARNOS CUENTA A VECES EN LA MOCHILA COLGADA A LA ESPALDA ANDANDO POR LA VIDA? EN ESTE TIEMPO ES IMPORTANTE CONOCER TODAS NUESTRAS DEBILIDADES Y COMENZAR A SUPERARLAS PARA IR M\u00c1S LIVIANOS \u00a1SOMOS LIBRES, INTELIGENTES Y MARAVILLOSOS PARA ACT\u00daAR DESDE EL INTERIOR PARA ELEVARNOS EN CONSCIENCIA!<\/p>\n<p>                     ***********               ***********<\/p>\n<p>Pensamiento del s\u00e1bado 13 de agosto de 2011.<\/p>\n<p>&#8220;\u00a1Actividades, encuentros, tantas cosas se presentan a vosotros en<br \/>\nla vida! Pero antes de comprometeros, preguntaros si esto<br \/>\ncontribuir\u00e1 o no a vuestro perfeccionamiento espiritual. Siempre<br \/>\nhay para ello unas se\u00f1ales de advertencia. Si sent\u00eds una<br \/>\noscuridad en vuestros pensamientos, una inquietud en vuestros<br \/>\nsentimientos y una indecisi\u00f3n en vuestra voluntad, no os<br \/>\ncompromet\u00e1is, porque \u00e9ste es un criterio absoluto.<br \/>\nMuchos lo reconocen: hab\u00eda algo que les hab\u00eda avisado, pero las<br \/>\nganas de satisfacer sus deseos era m\u00e1s fuerte, no lo tuvieron en<br \/>\ncuenta, y luego, evidentemente, aparecieron las decepciones y las<br \/>\nlamentaciones. Siempre hay advertencias, nadie puede decir que no<br \/>\nlas haya recibido nunca, pero no se las tiene en consideraci\u00f3n,<br \/>\nporque estamos demasiado tentados, demasiado atra\u00eddos. Despu\u00e9s,<br \/>\nno queda m\u00e1s que lamentarnos: \u00ab\u00a1Oh, si lo hubiera sabido!&#8230;\u00bb<br \/>\nPero es demasiado tarde. As\u00ed pues, aprended a escuchar esta voz<br \/>\ninterior que os avisa.&#8221;<\/p>\n<p>Omraam Mikha\u00ebl <strong>A\u00efvanhov<\/strong><\/p>\n","protected":false},"excerpt":{"rendered":"<p>S\u00e1bado 13 de Agosto de 2011 Un maravilloso lugar en el cual estar Si no est\u00e1s feliz con las cosas que ya tienes, entonces conseguir m\u00e1s no har\u00e1 que las&hellip; <a href=\"https:\/\/www.vivesur.com\/wpblog\/sabado-13-de-agosto-de-2011\/\" class=\"apace-readmore-link\">Read more<\/a><\/p>\n","protected":false},"author":1,"featured_media":0,"comment_status":"open","ping_status":"open","sticky":false,"template":"","format":"standard","meta":[],"categories":[1,8],"tags":[],"_links":{"self":[{"href":"https:\/\/www.vivesur.com\/wpblog\/wp-json\/wp\/v2\/posts\/2092"}],"collection":[{"href":"https:\/\/www.vivesur.com\/wpblog\/wp-json\/wp\/v2\/posts"}],"about":[{"href":"https:\/\/www.vivesur.com\/wpblog\/wp-json\/wp\/v2\/types\/post"}],"author":[{"embeddable":true,"href":"https:\/\/www.vivesur.com\/wpblog\/wp-json\/wp\/v2\/users\/1"}],"replies":[{"embeddable":true,"href":"https:\/\/www.vivesur.com\/wpblog\/wp-json\/wp\/v2\/comments?post=2092"}],"version-history":[{"count":0,"href":"https:\/\/www.vivesur.com\/wpblog\/wp-json\/wp\/v2\/posts\/2092\/revisions"}],"wp:attachment":[{"href":"https:\/\/www.vivesur.com\/wpblog\/wp-json\/wp\/v2\/media?parent=2092"}],"wp:term":[{"taxonomy":"category","embeddable":true,"href":"https:\/\/www.vivesur.com\/wpblog\/wp-json\/wp\/v2\/categories?post=2092"},{"taxonomy":"post_tag","embeddable":true,"href":"https:\/\/www.vivesur.com\/wpblog\/wp-json\/wp\/v2\/tags?post=2092"}],"curies":[{"name":"wp","href":"https:\/\/api.w.org\/{rel}","templated":true}]}}