{"id":2062,"date":"2011-08-06T12:42:48","date_gmt":"2011-08-06T10:42:48","guid":{"rendered":"http:\/\/vivesur.com\/wpblog\/?p=2062"},"modified":"2011-08-06T12:42:48","modified_gmt":"2011-08-06T10:42:48","slug":"sabado-6-de-agosto-de-2011","status":"publish","type":"post","link":"https:\/\/www.vivesur.com\/wpblog\/sabado-6-de-agosto-de-2011\/","title":{"rendered":"S\u00e1bado 6 de Agosto de 2011"},"content":{"rendered":"<p><strong>S\u00e1bado 6 de Agosto de 2011<br \/>\n<\/strong><span style=\"font-size: 12pt;\"><img loading=\"lazy\" src=\"http:\/\/vivesur.com\/wpblog\/wp-content\/uploads\/2011\/08\/wpid-actitudreptil-2011-08-6-12-42.jpg\" alt=\"wpid-actitudreptil-2011-08-6-12-42.jpg\" width=\"610\" height=\"500\" \/><\/span><br \/>\n<strong>Interconectados<\/strong><\/p>\n<p>Todo en tu vida influye e interact\u00faa con todo lo dem\u00e1s. Mejora un \u00e1rea de tu vida, y muchas otras \u00e1reas se beneficiar\u00e1n.<\/p>\n<p>Todo en tu mundo est\u00e1 interconectado. Generas valor en un lugar, y ese valor esparcir\u00e1 su luz tambi\u00e9n en otros espacios de tu vida.<\/p>\n<p>Tus acciones  y pensamientos positivos suelen producir resultados inmediatos. Tambi\u00e9n generan resultados indirectamente, resultados que pueden ir mucho m\u00e1s all\u00e1 de lo obvio.<\/p>\n<p>Un peque\u00f1o gesto amable ofrecido a tan s\u00f3lo una persona puede terminar beneficiando a incontables personas m\u00e1s. El amor que brindes volver\u00e1 siempre a ti, de maneras en que jam\u00e1s habr\u00edas llegado siquiera a considerar.<\/p>\n<p>El \u00e9xito y la realizaci\u00f3n no se dan aisladamente. En la medida en que sigas encarando con actitud negativa otras \u00e1reas de tu vida, adoptar una actitud positiva s\u00f3lo ante ciertas cosas no te aportar\u00e1 grandes beneficios.<\/p>\n<p>En cambio, enfoca toda tu conciencia e intenci\u00f3n en algo positivo y que te llene de plenitud. Entonces, todas las muchas conexiones se organizar\u00e1n de un modo tal, que avanzar\u00e1s r\u00e1pidamente.<\/p>\n<p><span style=\"font-size: 12pt;\"><img loading=\"lazy\" src=\"http:\/\/vivesur.com\/wpblog\/wp-content\/uploads\/2011\/08\/wpid-6811-2011-08-6-12-42.jpg\" alt=\"wpid-6811-2011-08-6-12-42.jpg\" width=\"212\" height=\"70\" \/><\/span><\/p>\n<p><strong>UCDM  &#8211; LECCI\u00d3N 218 \u2013 No soy un cuerpo. Soy libre. Pues a\u00fan soy tal como Dios me cre\u00f3.<br \/>\n<\/strong><br \/>\n(198) S\u00f3lo mi propia condenaci\u00f3n me hace da\u00f1o.<\/p>\n<p>Mi condenaci\u00f3n nubla mi visi\u00f3n, y a trav\u00e9s de mis ojos ciegos no puedo ver la visi\u00f3n de mi gloria.<br \/>\nMas hoy puedo contemplar esta gloria y regocijarme.<\/p>\n<p>No soy un cuerpo. Soy libre.<br \/>\nPues a\u00fan soy tal como Dios me cre\u00f3.<\/p>\n<p>FECHA GREGORIANA (06\/08\/2011)<\/p>\n<p><strong>KIN: 225 SERPIENTE AUTOEXISTENTE ROJA<br \/>\n                              <\/strong><span style=\"font-size: 12pt;\"><img loading=\"lazy\" src=\"http:\/\/vivesur.com\/wpblog\/wp-content\/uploads\/2011\/08\/wpid-Tono04-2011-08-6-12-42.gif\" alt=\"wpid-Tono04-2011-08-6-12-42.gif\" width=\"94\" height=\"41\" \/><\/span><br \/>\n                  <span style=\"font-size: 12pt;\"><img loading=\"lazy\" src=\"http:\/\/vivesur.com\/wpblog\/wp-content\/uploads\/2011\/08\/wpid-Serpent-Glyph-150x150-2011-08-6-12-42.gif\" alt=\"wpid-Serpent-Glyph-150x150-2011-08-6-12-42.gif\" width=\"150\" height=\"150\" \/><\/span><br \/>\n                     <span style=\"color: rgb(255,27,54);\"><strong>CHICCHAN KAN?<\/strong><\/span><br \/>\n <span style=\"font-size: 12pt;\"><\/span><\/p>\n<p>SELLO N\u00ba 5<\/p>\n<p>ONDA ENCANTADA DEL VIENTO<br \/>\nLUNA MAGNETICA DEL MURCIELAGO : UNIFICAR &#8211; ATRAER &#8211; PROPOSITO<br \/>\nDIA DE LA SEMANA O PLASMA RADIAL: ALPHA<br \/>\nSEMANA: REFINA (BLANCO)<br \/>\nFASE LUNAR: CRECIENTE<br \/>\nSOLTICIO DE INVIERNO (En el Sur) , SOLTICIO DE VERANO (En el Norte)<\/p>\n<p>SERPIENTE: Acci\u00f3n: SOBREVIVIR. Poder. FUERZA VITAL. Esencia: INSTINTOS.<br \/>\nAUTOEXISTENTE: Acci\u00f3n: MEDIR. Poder: DEFINIR. Esencia FORMA.<br \/>\nLa C\u00e1mara Autoexistente, identifica la forma. \u00bfCu\u00e1l es la forma de la acci\u00f3n?<br \/>\nLas nuevas formas de movernos por la vida vienen de la mano de la Serpiente. Sobrevivimos a las diferentes circunstancias cuando nos atrevemos a sacar la cabecita del rinc\u00f3n en donde sin saberlo hemos estado escondidos viviendo una realidad que ahora no deseamos ya. Nos preparamos y definimos el camino nuevo pidiendo la fuerza vital necesaria para lograrlo. LA SERPIENTE TIENE MUCHA FUERZA. ELLA ES LA ALIADA DE LOS CAMBIOS QUE NECESITAMOS PARA QUE EL ESP\u00cdRITU TOME EL PODER. LA VIDA VALE LA PENA. ESCONDIDOS DURANTE POCO TIEMPO NOS RENOVAMOS, DURANTE MUCHO NOS ENTUMECEMOS <strong>\u00a1SAL A LA VIDA INVOCANDO TU FUERZA VITAL!<\/strong><\/p>\n<p>Pensamiento del s\u00e1bado 6 de agosto de 2011.<\/p>\n<p>&#8220;La vida f\u00e1cil, las comodidades, la abundancia material a la que<br \/>\ntanto aspiran los humanos, son a menudo incompatibles con la<br \/>\nverdadera vida espiritual. Cuando se tiene todo lo necesario, e<br \/>\nincluso a veces lo superfluo, no se realiza ning\u00fan esfuerzo, nos<br \/>\nabandonamos y sin saberlo, nos estamos oponiendo a la vida<br \/>\nintensa del esp\u00edritu en s\u00ed mismo. Por esto, si el Cielo nos<br \/>\nsomete a ciertas privaciones, no es por crueldad sino para<br \/>\nimpulsarnos a desarrollar la paciencia, la fuerza de car\u00e1cter, la<br \/>\nnecesidad de superarnos.<br \/>\nAqu\u00e9l que est\u00e1 tranquilo, que tiene a su alcance todo lo que<br \/>\nnecesita, evidentemente est\u00e1 muy contento. Pero se abandona, se<br \/>\nvuelve perezoso, y esta pereza le produce acumulaci\u00f3n de<br \/>\nmateriales in\u00fatiles que se pudren y que nada puede eliminar: ya<br \/>\nno est\u00e1 irrigado por esta corriente intensa que s\u00f3lo la actividad<br \/>\ndel esp\u00edritu es capaz de mantener en su organismo. As\u00ed pues,<br \/>\ndejad de rebelaros contra ciertas privaciones que el destino<br \/>\npueda imponeros. Al contrario, recibidlas con agradecimiento,<br \/>\nporque son las mejores condiciones para aprender a alimentar en<br \/>\nvosotros la vida intensa del esp\u00edritu.&#8221;<\/p>\n<p>Omraam Mikha\u00ebl <strong>A\u00efvanhovw<\/strong><\/p>\n","protected":false},"excerpt":{"rendered":"<p>S\u00e1bado 6 de Agosto de 2011 Interconectados Todo en tu vida influye e interact\u00faa con todo lo dem\u00e1s. Mejora un \u00e1rea de tu vida, y muchas otras \u00e1reas se beneficiar\u00e1n.&hellip; <a href=\"https:\/\/www.vivesur.com\/wpblog\/sabado-6-de-agosto-de-2011\/\" class=\"apace-readmore-link\">Read more<\/a><\/p>\n","protected":false},"author":1,"featured_media":0,"comment_status":"open","ping_status":"open","sticky":false,"template":"","format":"standard","meta":[],"categories":[1,8],"tags":[],"_links":{"self":[{"href":"https:\/\/www.vivesur.com\/wpblog\/wp-json\/wp\/v2\/posts\/2062"}],"collection":[{"href":"https:\/\/www.vivesur.com\/wpblog\/wp-json\/wp\/v2\/posts"}],"about":[{"href":"https:\/\/www.vivesur.com\/wpblog\/wp-json\/wp\/v2\/types\/post"}],"author":[{"embeddable":true,"href":"https:\/\/www.vivesur.com\/wpblog\/wp-json\/wp\/v2\/users\/1"}],"replies":[{"embeddable":true,"href":"https:\/\/www.vivesur.com\/wpblog\/wp-json\/wp\/v2\/comments?post=2062"}],"version-history":[{"count":0,"href":"https:\/\/www.vivesur.com\/wpblog\/wp-json\/wp\/v2\/posts\/2062\/revisions"}],"wp:attachment":[{"href":"https:\/\/www.vivesur.com\/wpblog\/wp-json\/wp\/v2\/media?parent=2062"}],"wp:term":[{"taxonomy":"category","embeddable":true,"href":"https:\/\/www.vivesur.com\/wpblog\/wp-json\/wp\/v2\/categories?post=2062"},{"taxonomy":"post_tag","embeddable":true,"href":"https:\/\/www.vivesur.com\/wpblog\/wp-json\/wp\/v2\/tags?post=2062"}],"curies":[{"name":"wp","href":"https:\/\/api.w.org\/{rel}","templated":true}]}}