{"id":2057,"date":"2011-08-05T23:41:11","date_gmt":"2011-08-05T21:41:11","guid":{"rendered":"http:\/\/vivesur.com\/wpblog\/?p=2057"},"modified":"2011-08-05T23:41:11","modified_gmt":"2011-08-05T21:41:11","slug":"viernes-5-de-agosto-de-2011","status":"publish","type":"post","link":"https:\/\/www.vivesur.com\/wpblog\/viernes-5-de-agosto-de-2011\/","title":{"rendered":"Viernes 5 de Agosto de 2011"},"content":{"rendered":"<p><strong>LECCI\u00d3N 217 \u2013 No soy un cuerpo. Soy libre. Pues a\u00fan soy tal como Dios me cre\u00f3.<br \/>\n<\/strong><br \/>\n(197) No puede ser sino mi propia gratitud la que me gano.<\/p>\n<p>\u00bfQui\u00e9n debe dar gracias por mi salvaci\u00f3n sino yo mismo?<br \/>\n\u00bfY C\u00f3mo sino a trav\u00e9s de la salvaci\u00f3n puedo encontrar el Ser a Quien debo estarle agradecido?<\/p>\n<p>No soy un cuerpo. Soy libre.<br \/>\nPues a\u00fan soy tal como Dios me cre\u00f3.<\/p>\n<p>Viernes 5 de Agosto de 2011<br \/>\n<span style=\"font-size: 12pt;\"><img loading=\"lazy\" src=\"http:\/\/vivesur.com\/wpblog\/wp-content\/uploads\/2011\/08\/wpid-5811-2011-08-5-23-41.jpg\" alt=\"wpid-5811-2011-08-5-23-41.jpg\" width=\"240\" height=\"82\" \/><\/span><br \/>\n<strong>Percepciones<\/strong><\/p>\n<p>Si crees que el d\u00eda es hermoso, entonces lo es. Si crees que eres feliz, lo eres.<\/p>\n<p>Espera descubrir la soluci\u00f3n, y la encontrar\u00e1s. Date cuenta de que algo te ser\u00e1 posible y puedes estar seguro de que ocurrir\u00e1.<\/p>\n<p>Tus percepciones no s\u00f3lo reflejan una realidad objetiva e indiferente sobre la que no tienes influencia. Tus percepciones moldean la realidad que experimentas.<\/p>\n<p>La manera en que percibes tu vida ejerce una enorme influencia en la manera en que \u00e9sta se desarrolla. \u00bfC\u00f3mo est\u00e1s eligiendo ver tu vida?<\/p>\n<p>Tus percepciones encienden una luz sobre el mundo que te rodea. El mundo en el que finalmente vives depende  de c\u00f3mo y d\u00f3nde hagas brillar esa luz.<br \/>\n\u00bfC\u00f3mo deseas, m\u00e1s sinceramente, que sea este d\u00eda, esta vida, este mundo? Aquello que decidas ver ser\u00e1 lo que har\u00e1s que suceda.<\/p>\n<p>Fecha calendario gregoriano   5\/8\/2011<br \/>\n<span style=\"font-size: 12pt;\"><img loading=\"lazy\" src=\"http:\/\/vivesur.com\/wpblog\/wp-content\/uploads\/2011\/08\/wpid-PastedGraphic1-2011-08-5-23-41.tiff\" alt=\"wpid-PastedGraphic1-2011-08-5-23-41.tiff\" width=\"50\" height=\"22\" \/><\/span><br \/>\n<span style=\"font-size: 12pt;\"><img loading=\"lazy\" src=\"http:\/\/vivesur.com\/wpblog\/wp-content\/uploads\/2011\/08\/wpid-PastedGraphic-2011-08-5-23-41.tiff\" alt=\"wpid-PastedGraphic-2011-08-5-23-41.tiff\" width=\"50\" height=\"50\" \/><\/span><br \/>\nKAN &#160;&#160;&#160;&#160;&#160;&#160;&#160;&#160;<strong>Semilla El\u00e9ctrico Amarilla<\/strong><br \/>\nPoder de   el florecimiento<br \/>\nacertar<br \/>\nla atenci\u00f3n<br \/>\nla entrada<\/p>\n<p>Sello    4<\/p>\n<p>Categor\u00eda del Absoluto ya Completo en S\u00ed Mismo.<\/p>\n<p>Semilla: La Conducta Espiritual &#8216;ya est\u00e1 hecha desde el principio&#8217;.<br \/>\nLa semilla porta el florecimiento de la Conciencia Intr\u00ednseca como la base de la Conducta Espiritual.<\/p>\n<p><strong>Kin    224<\/strong><br \/>\nA\u00f1o Mago R\u00edtmico Blanco   Poder de   la atemporalidad<br \/>\n1\u00aa Luna Murcielago Magnetico   Poder de    Unificar<br \/>\nSemana Blanca &#8211; Humildad Refinada<\/p>\n<p>Pensamiento del viernes 5 de agosto de 2011.<\/p>\n<p>&#8220;La actividad de la abeja y de la hormiga, la mirada penetrante<br \/>\ndel \u00e1guila, el porte real del le\u00f3n, la paciencia del buey, la<br \/>\nfuerza y la memoria del elefante, la fidelidad del perro, etc.,<br \/>\nla enumeraci\u00f3n de las cualidades de las que los animales se han<br \/>\nconvertido en s\u00edmbolos, podr\u00eda ser a\u00fan m\u00e1s larga.<br \/>\nLos animales, que son como los humanos criaturas de Dios, tienen<br \/>\ntambi\u00e9n que ense\u00f1arnos cosas, y no es en vano que algunas<br \/>\nreligiones elevaron a algunos de ellos al rango de divinidades.<br \/>\nLos animales poseen en efecto unas particularidades, unos rasgos<br \/>\nde car\u00e1cter que pueden despertar un eco beneficioso en los<br \/>\nhumanos. Y Jes\u00fas que dec\u00eda: \u00abSed perfectos como vuestro Padre<br \/>\ncelestial es perfecto\u00bb, tambi\u00e9n dijo \u00abSed prudentes c\u00f3mo la<br \/>\nserpiente y simples como la paloma.\u00bb&#8221;<\/p>\n<p>Omraam Mikha\u00ebl <strong>A\u00efvanhov<\/strong><\/p>\n","protected":false},"excerpt":{"rendered":"<p>LECCI\u00d3N 217 \u2013 No soy un cuerpo. Soy libre. Pues a\u00fan soy tal como Dios me cre\u00f3. (197) No puede ser sino mi propia gratitud la que me gano. \u00bfQui\u00e9n&hellip; <a href=\"https:\/\/www.vivesur.com\/wpblog\/viernes-5-de-agosto-de-2011\/\" class=\"apace-readmore-link\">Read more<\/a><\/p>\n","protected":false},"author":1,"featured_media":0,"comment_status":"open","ping_status":"open","sticky":false,"template":"","format":"standard","meta":[],"categories":[1,8],"tags":[],"_links":{"self":[{"href":"https:\/\/www.vivesur.com\/wpblog\/wp-json\/wp\/v2\/posts\/2057"}],"collection":[{"href":"https:\/\/www.vivesur.com\/wpblog\/wp-json\/wp\/v2\/posts"}],"about":[{"href":"https:\/\/www.vivesur.com\/wpblog\/wp-json\/wp\/v2\/types\/post"}],"author":[{"embeddable":true,"href":"https:\/\/www.vivesur.com\/wpblog\/wp-json\/wp\/v2\/users\/1"}],"replies":[{"embeddable":true,"href":"https:\/\/www.vivesur.com\/wpblog\/wp-json\/wp\/v2\/comments?post=2057"}],"version-history":[{"count":0,"href":"https:\/\/www.vivesur.com\/wpblog\/wp-json\/wp\/v2\/posts\/2057\/revisions"}],"wp:attachment":[{"href":"https:\/\/www.vivesur.com\/wpblog\/wp-json\/wp\/v2\/media?parent=2057"}],"wp:term":[{"taxonomy":"category","embeddable":true,"href":"https:\/\/www.vivesur.com\/wpblog\/wp-json\/wp\/v2\/categories?post=2057"},{"taxonomy":"post_tag","embeddable":true,"href":"https:\/\/www.vivesur.com\/wpblog\/wp-json\/wp\/v2\/tags?post=2057"}],"curies":[{"name":"wp","href":"https:\/\/api.w.org\/{rel}","templated":true}]}}