{"id":1948,"date":"2011-08-01T10:18:02","date_gmt":"2011-08-01T08:18:02","guid":{"rendered":"http:\/\/vivesur.com\/wpblog\/?p=1948"},"modified":"2011-08-01T10:18:02","modified_gmt":"2011-08-01T08:18:02","slug":"lunes-1-de-agosto-de-2011-sol-cristal-amarillo","status":"publish","type":"post","link":"https:\/\/www.vivesur.com\/wpblog\/lunes-1-de-agosto-de-2011-sol-cristal-amarillo\/","title":{"rendered":"Lunes 1 de Agosto de 2011 Sol Cristal Amarillo"},"content":{"rendered":"<p><span style=\"color: rgb(78,71,255);\"><strong>Lunes 1 de Agosto de 2011<br \/>\n<\/strong><\/span><span style=\"font-size: 12pt;\"><img loading=\"lazy\" src=\"http:\/\/vivesur.com\/wpblog\/wp-content\/uploads\/2011\/08\/wpid-1811-2011-08-1-10-18.jpg\" alt=\"wpid-1811-2011-08-1-10-18.jpg\" width=\"522\" height=\"391\" \/><\/span><br \/>\n<span style=\"color: rgb(78,71,255);\"><strong>Camino a la victoria<br \/>\n<\/strong><\/span><br \/>\nJusto desde este punto en el cual ahora te encuentras, hay un camino que lleva a la victoria y otro que lleva a la derrota. \u00bfEn cu\u00e1l de ambos est\u00e1 enfocada tu conciencia?<\/p>\n<p>Cada uno es igual de v\u00e1lido, igual de realista e igual de accesible. \u00bfCu\u00e1l de ellos has decidido seguir?<\/p>\n<p>Las circunstancias particulares de este instante, mucho no importan realmente. Lo que importa es lo que decidas hacer con lo que tienes.<\/p>\n<p>Reconoce, sin lugar a dudas, que hay un camino real y concreto que va desde donde ahora te encuentras hasta all\u00ed donde t\u00fa m\u00e1s querr\u00edas estar. Date cuenta de que es as\u00ed y puedes tener la certeza de que lo ver\u00e1s.<\/p>\n<p>Siempre hay una esperanza, porque siempre puedes dar el primer paso. Y paso a paso, puedes desandar el camino en direcci\u00f3n a cualquier lugar que elijas.<br \/>\nPonte en el camino que lleva a la victoria, al logro y a la realizaci\u00f3n de tus objetivos m\u00e1s profundamente guardados. Puedes tener la certeza de que ese camino est\u00e1 aqu\u00ed, ahora mismo, listo para que des el pr\u00f3ximo paso.<\/p>\n<p><strong>UCDM- LECCI\u00d3N 213 \u2013 No soy un cuerpo. Soy libre. Pues a\u00fan soy tal como Dios me cre\u00f3.<br \/>\n<\/strong><br \/>\n(193) Todas las cosas son lecciones que Dios quiere que yo aprenda.<\/p>\n<p>Una lecci\u00f3n es un milagro que Dios me ofrece, en lugar de los pensamientos que conceb\u00ed que me hacen da\u00f1o.<br \/>\nLo que aprendo de \u00c9l se convierte en el modo en que me libero.<br \/>\npor eso elijo aprender Sus lecciones y olvidarme de las m\u00edas.<\/p>\n<p>No soy un cuerpo. Soy libre.<br \/>\nPues a\u00fan soy tal como Dios me cre\u00f3.<\/p>\n<p><strong>Pensamiento del lunes 1 de agosto de 2011.<\/strong><\/p>\n<p>&#8220;Aprovechad la \u00e9poca de vacaciones para rememorar ciertos<br \/>\nacontecimientos que vivisteis, ciertos encuentros que<br \/>\nrealizasteis, e intentad obtener conclusiones \u00fatiles: en el<br \/>\nfuturo sabr\u00e9is mejor c\u00f3mo afrontar las situaciones y comportaros<br \/>\ncon los que os rodean. Revisad tambi\u00e9n las notas que hab\u00e9is<br \/>\ntomado durante las conferencias o de los libros. Elegid algunas<br \/>\nfrases significativas y repetidlas hasta que brote en vosotros<br \/>\nuna chispa que encienda en todo vuestro ser un fuego de sabidur\u00eda<br \/>\ny de amor.<br \/>\nDurante las vacaciones estamos m\u00e1s expuestos a las tentaciones.<br \/>\nAs\u00ed pues, permaneced vigilantes. Descansad sabiendo que el<br \/>\nverdadero descanso es s\u00f3lo un cambio de actividad. Si no hac\u00e9is<br \/>\nnada, incluso el reposo os ser\u00e1 perjudicial, porque un descanso<br \/>\nen el que el esp\u00edritu no venga a decir su palabra, siempre es<br \/>\nperjudicial: abre la puerta a los consejos nocivos de la<br \/>\nnaturaleza inferior.&#8221;<\/p>\n<p>Omraam Mikha\u00ebl <strong>A\u00efvanhov<\/p>\n<p><\/strong>Kin 220    Ahau Lahak &#160;&#160;&#160;&#160;&#160;&#160;&#160;&#160;Sol Cristal Amarillo<br \/>\n<span style=\"font-size: 12pt;\"><img loading=\"lazy\" src=\"http:\/\/vivesur.com\/wpblog\/wp-content\/uploads\/2011\/08\/wpid-Sun-Glyph-150x150-2011-08-1-10-18.gif\" alt=\"wpid-Sun-Glyph-150x150-2011-08-1-10-18.gif\" width=\"150\" height=\"150\" \/><\/span><br \/>\nOnda Encantada<\/p>\n<p>    ONDA ENCANTADA DE LA LUNA ROJA &#8211; 04 Poder del Agua Universal (Desde el d\u00eda 21 de julio del a\u00f1o Luna 5 hasta el 2 de agosto del a\u00f1o Mago 6-A\u00f1o 2011)<\/p>\n<p>    N S 1. 24. 1. 7. Silio. Oro. Mantra: HRAIM. Coraz\u00f3n (lunes 1-8-2011)<br \/>\n    SOL CRISTAL AMARILLO \u2013Kin 220<br \/>\n    SOL: Acci\u00f3n: ILUMINAR. Poder: FUEGO UNIVERSAL. Esencia: VIDA.<br \/>\n    CRISTAL: Acci\u00f3n: UNIVERSALIZAR. Poder: DEDICARSE. Esencia: COOPERACI\u00d3N.<br \/>\n    La C\u00e1mara Cristal, cooperaci\u00f3n de la forma. La mesa redonda se re\u00fane, la acci\u00f3n del pasado se formaliza, la acci\u00f3n futura se prepara.<br \/>\n    Un maravilloso d\u00eda de reuni\u00f3n de la mesa cristal con el Sol. La Luna, el Sol y la Tierra todos danzando juntos en la V\u00eda L\u00e1ctea y girando alrededor del centro de la galaxia Hunab Ku. En esta reuni\u00f3n de cooperaci\u00f3n, universalizamos lo logrado en el a\u00f1o de la Luna 5, compartiendo los proyectos que programamos y los resultados obtenidos. De aqu\u00ed sale una gran riqueza para todo el grupo. Despu\u00e9s, con mucho amor hacia uno mismo, cada uno a nivel personal decide cuales son los objetivos personales y grupales para el a\u00f1o Mago 6. Todos en com\u00fan-unidad decidiendo lo que se va a experimentar el resto del nuevo a\u00f1o. Proyectos para sus 13 Lunas: seguir el orden sincr\u00f3nico del Calendario de las 13 Lunas cada d\u00eda; hacer la mayor cantidad de veces posibles la meditaci\u00f3n del Puente Arco Iris Circumpolar, pero sobre todo los d\u00edas 28 de cada luna; purificar las emociones que todav\u00eda est\u00e1n saltando en nuestro interior ante circunstancias que no nos gustan; darnos cuenta de cuando es el ego el que act\u00faa y no el ser interior y as\u00ed lograr que disminuya en nuestro comportamiento diario; dar ayuda a quien pueda demandarla; hacer la Meditaci\u00f3n de mente natural; responder siempre a la persona que nos habla con armon\u00eda y dulzura; sonre\u00edr ante las circunstancias dif\u00edciles; estar receptivos a las energ\u00edas que los amigos gal\u00e1cticos y c\u00f3smicos nos quieran trasmitir; cuidar a la Tierra y darle lo mejor; orar por los dirigentes de los pa\u00edses del mundo para que tengan discernimiento de lo que la Tierra necesita; darnos cuenta siempre que somos seres espirituales viviendo experiencias materiales para evolucionar; respetar todo tipo de creencias y religiones; sentir que somos energ\u00eda c\u00f3smica y que Dios est\u00e1 en cada uno de nosotros; etc. Las reflexiones no tendr\u00edan fin. CADA CUAL DEBE TENER LAS SUYAS PROPIAS. EL SOL ILUMINA TODAS LAS SITUACIONES QUE DESEAS TRANSFORMAR, P\u00cdDE SU AYUDA. TODOS SOMOS SOLES EN POTENCIA HECHOS AHORA DE TIERRA, AIRE Y AGUA.<\/p>\n","protected":false},"excerpt":{"rendered":"<p>Lunes 1 de Agosto de 2011 Camino a la victoria Justo desde este punto en el cual ahora te encuentras, hay un camino que lleva a la victoria y otro&hellip; <a href=\"https:\/\/www.vivesur.com\/wpblog\/lunes-1-de-agosto-de-2011-sol-cristal-amarillo\/\" class=\"apace-readmore-link\">Read more<\/a><\/p>\n","protected":false},"author":1,"featured_media":0,"comment_status":"open","ping_status":"open","sticky":false,"template":"","format":"standard","meta":[],"categories":[1,8],"tags":[],"_links":{"self":[{"href":"https:\/\/www.vivesur.com\/wpblog\/wp-json\/wp\/v2\/posts\/1948"}],"collection":[{"href":"https:\/\/www.vivesur.com\/wpblog\/wp-json\/wp\/v2\/posts"}],"about":[{"href":"https:\/\/www.vivesur.com\/wpblog\/wp-json\/wp\/v2\/types\/post"}],"author":[{"embeddable":true,"href":"https:\/\/www.vivesur.com\/wpblog\/wp-json\/wp\/v2\/users\/1"}],"replies":[{"embeddable":true,"href":"https:\/\/www.vivesur.com\/wpblog\/wp-json\/wp\/v2\/comments?post=1948"}],"version-history":[{"count":0,"href":"https:\/\/www.vivesur.com\/wpblog\/wp-json\/wp\/v2\/posts\/1948\/revisions"}],"wp:attachment":[{"href":"https:\/\/www.vivesur.com\/wpblog\/wp-json\/wp\/v2\/media?parent=1948"}],"wp:term":[{"taxonomy":"category","embeddable":true,"href":"https:\/\/www.vivesur.com\/wpblog\/wp-json\/wp\/v2\/categories?post=1948"},{"taxonomy":"post_tag","embeddable":true,"href":"https:\/\/www.vivesur.com\/wpblog\/wp-json\/wp\/v2\/tags?post=1948"}],"curies":[{"name":"wp","href":"https:\/\/api.w.org\/{rel}","templated":true}]}}