{"id":1587,"date":"2011-07-29T11:03:23","date_gmt":"2011-07-29T09:03:23","guid":{"rendered":"http:\/\/vivesur.com\/wpblog\/?p=1587"},"modified":"2011-07-29T11:03:23","modified_gmt":"2011-07-29T09:03:23","slug":"viernes-29-de-julio-de-2011","status":"publish","type":"post","link":"https:\/\/www.vivesur.com\/wpblog\/viernes-29-de-julio-de-2011\/","title":{"rendered":"Viernes 29 de Julio de 2011"},"content":{"rendered":"<p>Viernes 29 de Julio de 2011<br \/>\n<span style=\"font-size: 12pt;\"><img loading=\"lazy\" src=\"http:\/\/vivesur.com\/wpblog\/wp-content\/uploads\/2011\/07\/wpid-29jul11-2011-07-29-11-03.jpg\" alt=\"wpid-29jul11-2011-07-29-11-03.jpg\" width=\"347\" height=\"497\" \/><\/span><br \/>\n<strong>Una mente en paz<br \/>\n<\/strong><br \/>\nEn la paz yace un poder enorme. Busca que tu mente se llene de paz y tu vida se beneficiar\u00e1 enormemente.<\/p>\n<p>Las preocupaciones desperdician tu valioso tiempo, el resentimiento destruye tu efectividad y la ansiedad drena tu energ\u00eda. Una mente en paz, por el contrario, te coloca firmemente al mando y fuera del alcance de las distracciones negativas del entorno.<\/p>\n<p>Cuando dejas de luchar contra lo que es, la paz llega de manera simple y natural. Acepta la realidad de este momento, deja de lado la necesidad de necesitar, y experimenta la paz que ya est\u00e1 aqu\u00ed.<\/p>\n<p>Paz es eso que encuentras una vez que has dejado de lado todo lo dem\u00e1s. No demanda ning\u00fan otro esfuerzo que el de darte cuenta de que ya la tienes contigo.<\/p>\n<p>Por debajo del ruido, por debajo del parloteo, hay belleza, y hay paz. Visualiza tus preocupaciones a medida que se alejan r\u00e1pidamente de ti, hasta que desaparezcan en la nada.<br \/>\nVac\u00eda tu mente de pensamientos estresantes, y la paz llenar\u00e1 el espacio que haya quedado. Estate en paz y cada pensamiento, cada acto, cada momento te encaminar\u00e1 en direcci\u00f3n a verdaderas riquezas y plenitud.<\/p>\n<p><strong>LECCI\u00d3N 210 \u2013 No soy un cuerpo. Soy libre. Pues a\u00fan soy tal como Dios me cre\u00f3.<br \/>\n<\/strong><br \/>\n(190) Elijo el j\u00fabilo de Dios en lugar del dolor.<\/p>\n<p>El dolor es mi propia invenci\u00f3n.<br \/>\nNo es un pensamiento de Dios, sino uno que yo pens\u00e9 aparte de \u00c9l y de Su Voluntad.<\/p>\n<p>Su Voluntad para Su Hijo bienamado es dicha y s\u00f3lo dicha.<br \/>\nY eso es lo que elijo en lugar de lo que yo invent\u00e9.<\/p>\n<p>No soy un cuerpo. Soy libre.<br \/>\nPues a\u00fan soy tal como Dios me cre\u00f3.<\/p>\n<p><strong>KIN 217. Tierra Solar Rojo<br \/>\n<\/strong>Sello 17 Tono 9<\/p>\n<p>Acci\u00f3n puesta en Movimiento.<br \/>\nEn los d\u00edas TIERRA concentr\u00e9monos en nosotros mismos y meditemos acerca de nuestra fuerza interior. Descubramos los potenciales con que contamos. Conect\u00e9monos con la naturaleza y con los dones de la Madre Tierra; escuchemos su sabidur\u00eda, recuperemos la calma y cultivemos la paz.<br \/>\nEs preciso en todos estos d\u00edas, hallar el justo equilibrio y desde all\u00ed, actuar.<\/p>\n<p>ONDA ENCANTADA DE LA LUNA ROJA &#8211; 04 Poder del Agua Universal (Desde el d\u00eda 21 de julio del a\u00f1o Luna 5 hasta el 2 de agosto del a\u00f1o Mago 6-A\u00f1o 2011)<\/p>\n<p>N S 1. 24. 1. 4. Kali. Plata. Mantra: HRIM. Centro Secreto (viernes 29-7-2011)<\/p>\n<p>TIERRA SOLAR ROJA \u2013 Kin 217<\/p>\n<p>TIERRA: Acci\u00f3n: EVOLUCIONAR. Poder: NAVEGACI\u00d3N. Esencia: SINCRONICIDAD.<\/p>\n<p>SOLAR: Acci\u00f3n: REALIZAR. Poder: PULSAR. Esencia: INTENCI\u00d3N.<\/p>\n<p>La Torre Solar, formaliza la acci\u00f3n. La acci\u00f3n puesta en movimiento.<\/p>\n<p>La Tierra y el Sol evolucionando juntos, pulsando para que nosotros podamos avanzar y navegar hacia niveles superiores de conciencia. Recuerda que la Tierra se est\u00e1 regenerando, el Sol est\u00e1s teniendo sus llamaradas solares y enviando mucha informaci\u00f3n. Abre tus antenas personales para poder sentir la conexi\u00f3n y recibir esos mensajes tan valiosos. LA INTENCI\u00d3N DE LA TIERRA ES PERMANECER DONDE EST\u00c1 EN EL SISTEMA SOLAR, PERO CON UNA VIBRACI\u00d3N MAS ELEVADA \u00bfPODREMOS NOSOTROS PERMANECER AQU\u00cd AL ELEVARNOS Y EQUIPARARNOS A ELLA? LA NOOSFERA QUE TRAE LA TELEPAT\u00cdA ES EL SIGUIENTE PASO \u00bfLO DAR\u00c9 YO AL UN\u00cdSONO? SIGUIENDO EL ORDEN SINCR\u00d3NICO DE LAS 13 LUNAS ESTAR\u00c9 M\u00c1S CERCA DE ALCANZARLA.<\/p>\n<p>Pensamiento del viernes 29 de julio de 2011.<\/p>\n<p>&#8220;El cuerpo f\u00edsico s\u00f3lo es un instrumento y ejecuta lo que le<br \/>\nordenan nuestros pensamientos, nuestros sentimientos y nuestros<br \/>\ndeseos. No por el hecho de que un hombre se corte un miembro, se<br \/>\nlibrar\u00e1 de los deseos que le atormentan. Los miembros se<br \/>\ncontentan con ejecutar las \u00f3rdenes que les llegan de m\u00e1s arriba.<br \/>\nObservad: un brazo puede dar golpes y tambi\u00e9n puede acariciar;<br \/>\npuede asesinar o puede salvar. \u00bfPor qu\u00e9 acusar al brazo? \u00c9l no es<br \/>\nculpable, no es responsable; se le dan las \u00f3rdenes, buenas o<br \/>\nmalas, y las ejecuta.<br \/>\nSupongamos que un hombre desee amputarse sus \u00f3rganos genitales,<br \/>\nno podr\u00e1 gozar m\u00e1s de sus apetitos y sus deseos, pero sin embargo<br \/>\nno habr\u00e1n desaparecido, y \u00a1cu\u00e1ntas locuras criminales este hombre<br \/>\npuede llegar a cometer! Ha habido en la historia seres que su fe<br \/>\napasionada y sus deseos de pureza les llevaron a mutilarse para<br \/>\nsalvarse del llamado Infierno. Pero cayeron en otro infierno<br \/>\n\u00a1mucho m\u00e1s devastador! Debemos dejar tranquilos los miembros: en<br \/>\nel pensamiento, en los sentimientos y en el alma es d\u00f3nde debemos<br \/>\nhacer un trabajo de purificaci\u00f3n.&#8221;<\/p>\n<p>Omraam Mikha\u00ebl <strong>A\u00efvanhov<\/strong><\/p>\n","protected":false},"excerpt":{"rendered":"<p>Viernes 29 de Julio de 2011 Una mente en paz En la paz yace un poder enorme. Busca que tu mente se llene de paz y tu vida se beneficiar\u00e1&hellip; <a href=\"https:\/\/www.vivesur.com\/wpblog\/viernes-29-de-julio-de-2011\/\" class=\"apace-readmore-link\">Read more<\/a><\/p>\n","protected":false},"author":1,"featured_media":0,"comment_status":"open","ping_status":"open","sticky":false,"template":"","format":"standard","meta":[],"categories":[1,8],"tags":[],"_links":{"self":[{"href":"https:\/\/www.vivesur.com\/wpblog\/wp-json\/wp\/v2\/posts\/1587"}],"collection":[{"href":"https:\/\/www.vivesur.com\/wpblog\/wp-json\/wp\/v2\/posts"}],"about":[{"href":"https:\/\/www.vivesur.com\/wpblog\/wp-json\/wp\/v2\/types\/post"}],"author":[{"embeddable":true,"href":"https:\/\/www.vivesur.com\/wpblog\/wp-json\/wp\/v2\/users\/1"}],"replies":[{"embeddable":true,"href":"https:\/\/www.vivesur.com\/wpblog\/wp-json\/wp\/v2\/comments?post=1587"}],"version-history":[{"count":0,"href":"https:\/\/www.vivesur.com\/wpblog\/wp-json\/wp\/v2\/posts\/1587\/revisions"}],"wp:attachment":[{"href":"https:\/\/www.vivesur.com\/wpblog\/wp-json\/wp\/v2\/media?parent=1587"}],"wp:term":[{"taxonomy":"category","embeddable":true,"href":"https:\/\/www.vivesur.com\/wpblog\/wp-json\/wp\/v2\/categories?post=1587"},{"taxonomy":"post_tag","embeddable":true,"href":"https:\/\/www.vivesur.com\/wpblog\/wp-json\/wp\/v2\/tags?post=1587"}],"curies":[{"name":"wp","href":"https:\/\/api.w.org\/{rel}","templated":true}]}}