{"id":1255,"date":"2011-07-27T13:52:15","date_gmt":"2011-07-27T11:52:15","guid":{"rendered":"http:\/\/vivesur.com\/wpblog\/?p=1255"},"modified":"2011-07-27T13:52:15","modified_gmt":"2011-07-27T11:52:15","slug":"miercoles-27-de-julio-de-2011","status":"publish","type":"post","link":"https:\/\/www.vivesur.com\/wpblog\/miercoles-27-de-julio-de-2011\/","title":{"rendered":"Mi\u00e9rcoles 27 de Julio de 2011"},"content":{"rendered":"<p><strong>Mi\u00e9rcoles 27 de Julio de 2011<\/strong><br \/>\n<span style=\"font-size: 12pt;\"><img loading=\"lazy\" src=\"http:\/\/vivesur.com\/wpblog\/wp-content\/uploads\/2011\/07\/wpid-Imagen1-2011-07-27-13-52.png\" alt=\"wpid-Imagen1-2011-07-27-13-52.png\" width=\"612\" height=\"499\" \/><\/span><br \/>\n<strong>Alegr\u00eda all\u00ed donde no hay nada<\/strong><\/p>\n<p>Una vez que hayas podido sentir alegr\u00eda all\u00ed donde no haya nada, podr\u00e1s encontrarla en cualquier cosa. No pongas condiciones a la felicidad, y ser\u00e1 tuya para siempre.<\/p>\n<p>Acepta la incertidumbre del futuro, porque dentro mismo de la incertidumbre yace un campo ilimitado y f\u00e9rtil para generar belleza, alegr\u00eda y plenitud. Cuando ya no necesites sentir seguridad, estar\u00e1s seguro de verdad.<\/p>\n<p>Acepta que no lo sabes, y no habr\u00e1 l\u00edmites en cuanto a lo que puedas aprender. Deja de lado la necesidad de poseer y la cantidad de cosas que podr\u00e1s tener ser\u00e1 ilimitada.<\/p>\n<p>En cada diminuto grano de arena hay un universo lleno de belleza. En cada peque\u00f1o momento cotidiano hay toda una vida de experiencia.<\/p>\n<p>S\u00e9 fiel a tu objetivo y la realizaci\u00f3n en plenitud ser\u00e1 tuya. Con lo que tienes para dar, podr\u00e1s alcanzar todo aquello que alguna vez puedas haber imaginado que desear\u00edas recibir.<\/p>\n<p>Descubre alegr\u00eda all\u00ed donde no haya nada, y tambi\u00e9n en todo lo dem\u00e1s. Vive la belleza del instante presente, y experimenta de verdad la abundante riqueza que la vida representa.<\/p>\n<p><strong>LECCI\u00d3N 208 \u2013 No soy un cuerpo. Soy libre. Pues a\u00fan soy tal como Dios me cre\u00f3.<\/strong><\/p>\n<p>(188) La paz de Dios refulge en mi ahora.<\/p>\n<p>Permanecer\u00e9 muy quedo y dejar\u00e9 que la tierra se aquiete junto conmigo.<br \/>\nY en esa quietud hallaremos la paz de Dios.<br \/>\nEst\u00e1 dentro de mi coraz\u00f3n, el cual da testimonio de Dios Mismo.<\/p>\n<p>No soy un cuerpo. Soy libre.<br \/>\nPues a\u00fan soy tal como Dios me cre\u00f3.<\/p>\n<p><strong>Kin 215. Aguila Resonante Azul<\/strong><br \/>\nSello 15 Tono 7<br \/>\n<span style=\"font-size: 12pt;\"><img loading=\"lazy\" src=\"http:\/\/vivesur.com\/wpblog\/wp-content\/uploads\/2011\/07\/wpid-Eagle-Glyph-150x150-2011-07-27-13-52.gif\" alt=\"wpid-Eagle-Glyph-150x150-2011-07-27-13-52.gif\" width=\"150\" height=\"150\" \/><\/span><br \/>\nManda la armonizaci\u00f3n. Busca Eficiencia.<br \/>\nEn los d\u00edas AGUILA desarrollamos nuestra visi\u00f3n interior. El Aguila era un animal sagrado para los Mayas; habitaba en ambos mundos, en dos dimensiones distintas.<br \/>\nConcentr\u00e9monos en nuestro tercer ojo. Ubicado a la altura del entrecejo, y despertemos nuestra visi\u00f3n interna. Escuchemos nuestras intuiciones y hag\u00e1mosle caso a los pensamientos.<br \/>\nDesarrollemos la telepat\u00eda y la comunicaci\u00f3n mental.<\/p>\n<p>ONDA ENCANTADA DE LA LUNA ROJA &#8211; 04 Poder del Agua Universal (Desde el d\u00eda 21 de julio del a\u00f1o Luna 5 hasta el 2 de agosto del a\u00f1o Mago 6-A\u00f1o 2011)<\/p>\n<p>N S 1. 24. 1. 2. Seli. Obsidiana. Mantra: HRAM. Ra\u00edz (mi\u00e9rcoles 27-7-2011)<\/p>\n<p>\u00c1GUILA RESONANTE AZUL \u2013 Kin 215<\/p>\n<p>\u00c1GUILA: Acci\u00f3n: CREAR. Poder: VISI\u00d3N. Esencia: MENTE.<\/p>\n<p>RESONANTE: Acci\u00f3n: INSPIRAR. Poder: CANALIZAR. Esencia: ARMONIZACI\u00d3N<\/p>\n<p>C\u00e1mara Resonante, manda la Armonizaci\u00f3n. Sintoniza el servicio con la acci\u00f3n.<\/p>\n<p>Este a\u00f1o vamos a contar con el \u00c1guila en el tono resonante para ayudarnos a inspirarnos y en relajaci\u00f3n de mente y cuerpo saber en cada momento desde el interior c\u00f3mo actuar. La visi\u00f3n que le damos a lo que experimentamos crear\u00e1 nuevas maneras de alcanzar la armonizaci\u00f3n. La visi\u00f3n superior es la clave para estas siguientes lunas. DE LA REFLEXI\u00d3N CON UNA VISI\u00d3N AMPLIA, INSPIR\u00c1NDONOS EN LA ENERG\u00cdA C\u00d3SMICA EN EL VUELO DEL \u00c1GUILA, NACE EL POLLUELO DE LA NUEVA VIDA 13:20 CON LOS C\u00d3DIGO DEL ORDEN SINCR\u00d3NICO INTRODUCI\u00c9NDONOS EN EL TIEMPO DE LA CUARTA DIMENSI\u00d3N.<\/p>\n","protected":false},"excerpt":{"rendered":"<p>Mi\u00e9rcoles 27 de Julio de 2011 Alegr\u00eda all\u00ed donde no hay nada Una vez que hayas podido sentir alegr\u00eda all\u00ed donde no haya nada, podr\u00e1s encontrarla en cualquier cosa. No&hellip; <a href=\"https:\/\/www.vivesur.com\/wpblog\/miercoles-27-de-julio-de-2011\/\" class=\"apace-readmore-link\">Read more<\/a><\/p>\n","protected":false},"author":1,"featured_media":0,"comment_status":"open","ping_status":"open","sticky":false,"template":"","format":"standard","meta":[],"categories":[1,8],"tags":[],"_links":{"self":[{"href":"https:\/\/www.vivesur.com\/wpblog\/wp-json\/wp\/v2\/posts\/1255"}],"collection":[{"href":"https:\/\/www.vivesur.com\/wpblog\/wp-json\/wp\/v2\/posts"}],"about":[{"href":"https:\/\/www.vivesur.com\/wpblog\/wp-json\/wp\/v2\/types\/post"}],"author":[{"embeddable":true,"href":"https:\/\/www.vivesur.com\/wpblog\/wp-json\/wp\/v2\/users\/1"}],"replies":[{"embeddable":true,"href":"https:\/\/www.vivesur.com\/wpblog\/wp-json\/wp\/v2\/comments?post=1255"}],"version-history":[{"count":0,"href":"https:\/\/www.vivesur.com\/wpblog\/wp-json\/wp\/v2\/posts\/1255\/revisions"}],"wp:attachment":[{"href":"https:\/\/www.vivesur.com\/wpblog\/wp-json\/wp\/v2\/media?parent=1255"}],"wp:term":[{"taxonomy":"category","embeddable":true,"href":"https:\/\/www.vivesur.com\/wpblog\/wp-json\/wp\/v2\/categories?post=1255"},{"taxonomy":"post_tag","embeddable":true,"href":"https:\/\/www.vivesur.com\/wpblog\/wp-json\/wp\/v2\/tags?post=1255"}],"curies":[{"name":"wp","href":"https:\/\/api.w.org\/{rel}","templated":true}]}}